{"id":32528,"date":"2025-10-27T12:26:11","date_gmt":"2025-10-27T12:26:11","guid":{"rendered":"https:\/\/www.europesays.com\/lv\/32528\/"},"modified":"2025-10-27T12:26:11","modified_gmt":"2025-10-27T12:26:11","slug":"isu-izmekles-epizodi-ar-kiniesu-dailslidotaju-ballistiskas-raketes-rotallietu","status":"publish","type":"post","link":"https:\/\/www.europesays.com\/lv\/32528\/","title":{"rendered":"ISU izmekl\u0113s epizodi ar \u0137\u012bnie\u0161u dai\u013cslidot\u0101ju ballistisk\u0101s ra\u0137etes rota\u013clietu"},"content":{"rendered":"<p>Telev\u012bzij\u0101 transl\u0113taj\u0101s starptautiskaj\u0101s sacens\u012bb\u0101s \u0136\u012bnas &#8220;Grand Prix&#8221; jeb &#8220;Cup of China&#8221; \u0137\u012bnie\u0161u deju p\u0101ris Sjins Dzjanins un \u017de\u0146a Dzju\u0146fei, p\u0113c uzst\u0101\u0161an\u0101s gaidot rezult\u0101tus, rok\u0101s tur\u0113ja lielu m\u012bksto rota\u013clietu ar uzrakstu &#8220;DF-61&#8221;, kas \u013coti l\u012bdzin\u0101s ballistiskajai ra\u0137etei.<\/p>\n<p><a href=\"https:\/\/sports.tvnet.lv\/term\/807782\/df-61\" class=\"topicLink\" target=\"_blank\" rel=\"nofollow noopener\">DF-61<\/a> ir jaun\u0101 \u0136\u012bnas starpkontinent\u0101l\u0101 ballistisk\u0101 ra\u0137ete, kas sp\u0113j\u012bga nest ar\u012b kodolgalvi\u0146u un pag\u0101ju\u0161aj\u0101 m\u0113nes\u012b tika demonstr\u0113ta \u0136\u012bnas armijas milit\u0101raj\u0101 par\u0101d\u0113.<\/p>\n<p>&#8220;ISU ir inform\u0113ti, ka neatbilsto\u0161a rota\u013clieta tika uzmesta uz ledus p\u0113c sportistu uzst\u0101\u0161an\u0101s \u0136\u012bnas &#8220;Grand Prix&#8221; posm\u0101 25. oktobr\u012b,&#8221; sv\u0113tdien pazi\u0146ojum\u0101 nor\u0101d\u012bja <a href=\"https:\/\/sports.tvnet.lv\/term\/39281\/isu\" class=\"topicLink\" target=\"_blank\" rel=\"nofollow noopener\">ISU<\/a>. &#8220;M\u012bkst\u0101 manti\u0146a non\u0101ca sportistu rok\u0101s, kuri iepriek\u0161 bija start\u0113ju\u0161i. ISU no\u017e\u0113lo notiku\u0161o un veiks turpm\u0101ko izmekl\u0113\u0161anu.&#8221;<\/p>\n<p>Sjins un \u017de\u0146a desmit dejot\u0101ju p\u0101ru konkurenc\u0113 ierindoj\u0101s astotaj\u0101 poz\u012bcij\u0101, bet par uzvar\u0113t\u0101jiem k\u013cuva ASV duets Medisona \u010coka un Evans Beitss.<\/p>\n","protected":false},"excerpt":{"rendered":"Telev\u012bzij\u0101 transl\u0113taj\u0101s starptautiskaj\u0101s sacens\u012bb\u0101s \u0136\u012bnas &#8220;Grand Prix&#8221; jeb &#8220;Cup of China&#8221; \u0137\u012bnie\u0161u deju p\u0101ris Sjins Dzjanins un \u017de\u0146a&hellip;\n","protected":false},"author":2,"featured_media":32529,"comment_status":"","ping_status":"","sticky":false,"template":"","format":"standard","meta":{"footnotes":""},"categories":[17],"tags":[1295,9750,9749,35,39,38,36,37,34,40,67],"class_list":{"0":"post-32528","1":"post","2":"type-post","3":"status-publish","4":"format-standard","5":"has-post-thumbnail","7":"category-sports","8":"tag-dailslidosana","9":"tag-df-61","10":"tag-isu","11":"tag-latvia","12":"tag-latvian","13":"tag-latviesu","14":"tag-latviesu-valoda","15":"tag-latviesuvaloda","16":"tag-latvija","17":"tag-lv","18":"tag-sports"},"share_on_mastodon":{"url":"https:\/\/pubeurope.com\/@lv\/115446125892963846","error":""},"_links":{"self":[{"href":"https:\/\/www.europesays.com\/lv\/wp-json\/wp\/v2\/posts\/32528","targetHints":{"allow":["GET"]}}],"collection":[{"href":"https:\/\/www.europesays.com\/lv\/wp-json\/wp\/v2\/posts"}],"about":[{"href":"https:\/\/www.europesays.com\/lv\/wp-json\/wp\/v2\/types\/post"}],"author":[{"embeddable":true,"href":"https:\/\/www.europesays.com\/lv\/wp-json\/wp\/v2\/users\/2"}],"replies":[{"embeddable":true,"href":"https:\/\/www.europesays.com\/lv\/wp-json\/wp\/v2\/comments?post=32528"}],"version-history":[{"count":0,"href":"https:\/\/www.europesays.com\/lv\/wp-json\/wp\/v2\/posts\/32528\/revisions"}],"wp:featuredmedia":[{"embeddable":true,"href":"https:\/\/www.europesays.com\/lv\/wp-json\/wp\/v2\/media\/32529"}],"wp:attachment":[{"href":"https:\/\/www.europesays.com\/lv\/wp-json\/wp\/v2\/media?parent=32528"}],"wp:term":[{"taxonomy":"category","embeddable":true,"href":"https:\/\/www.europesays.com\/lv\/wp-json\/wp\/v2\/categories?post=32528"},{"taxonomy":"post_tag","embeddable":true,"href":"https:\/\/www.europesays.com\/lv\/wp-json\/wp\/v2\/tags?post=32528"}],"curies":[{"name":"wp","href":"https:\/\/api.w.org\/{rel}","templated":true}]}}