{"id":32534,"date":"2025-10-27T12:32:09","date_gmt":"2025-10-27T12:32:09","guid":{"rendered":"https:\/\/www.europesays.com\/lv\/32534\/"},"modified":"2025-10-27T12:32:09","modified_gmt":"2025-10-27T12:32:09","slug":"eevza-sporta-skolu-un-klubu-kausa-daugavpili-uzvar-ukrainas-latvijas-un-lietuvas-volejbolisti-volejbols-sportacentrs-com","status":"publish","type":"post","link":"https:\/\/www.europesays.com\/lv\/32534\/","title":{"rendered":"EEVZA sporta skolu un klubu kaus\u0101 Daugavpil\u012b uzvar Ukrainas, Latvijas un Lietuvas volejbolisti \u2013 Volejbols \u2013 Sportacentrs.com"},"content":{"rendered":"<p>U-16 sacens\u012bb\u0101s, kur\u0101s piedal\u012bj\u0101s 2012. un 2013. gad\u0101 dzimu\u0161ie volejbolisti un volejbolistes, pirmo vietu pui\u0161iem ar 10 punktiem ie\u0146\u0113ma \u201cSokoliany\u201d, otro ar devi\u0146iem punktiem \u2013 R\u012bgas Volejbola skola, tre\u0161o ar asto\u0146iem punktiem \u2013 Aizkraukles novada Sporta skola, ceturto ar septi\u0146iem punktiem \u2013 Tallinnas \u201cSelver\u201d, piekto ar se\u0161iem punktiem \u2013 Klaip\u0113das Volejbola akad\u0113mija, bet sesto ar pieciem punktiem \u2013 Daugavpils sporta skola.<\/p>\n<p>Par komandu lab\u0101kajiem sp\u0113l\u0113t\u0101jiem tika atz\u012bti Artjoms Pritickis (Daugavpils sporta skola), Rihards \u0160itss (\u201cSelver\u201d), Em\u012bls Egl\u012btis (R\u012bgas Volejbola skola), Kl\u0101vs Strazdi\u0146\u0161 (Aizkraukles novada Sporta skola), Nazar Maksims (\u201cSokoliany\u201d) un Danils \u0160\u010degols (Klaip\u0113das Volejbola akad\u0113mija).<\/p>\n<p>U-16 grup\u0101 meiten\u0113m ar devi\u0146iem punktiem uzvar\u0113ja  Palangas Sporta centrs komanda no Lietuvas, bet otr\u0101 fini\u0161\u0113ja Igaunijas vien\u012bba SK \u201cRae\u201d, asto\u0146us punktus sakr\u0101ja M\u0101rupes novada Sporta skola, septi\u0146us \u2013 v\u0113l viena Igaunijas komanda \u201cNeemeco\/Kohila Vald\u201d, bet ar se\u0161iem punktiem piekt\u0101 bija Gulbenes novada BJSS un sest\u0101 \u2013 Ukrainas vien\u012bba VK \u201cAce\u201d.<\/p>\n<p>Par komandu lab\u0101kaj\u0101m sp\u0113l\u0113t\u0101j\u0101m tika atz\u012btas Paula V\u0113ji\u0146a (M\u0101rupes novada Sporta skola), Lisanna N\u0113ra (\u201cNeemeco\/Kohila Vald\u201d), Den\u012bze Drei\u0161kena (Gulbenes novada BJSS), Anna Gu\u0161ula (VK \u201cAce\u201d), Rahela Rahuoja (SK \u201cRae\u201d) un Deimante Pe\u010dul\u012bte (Palangas Sporta centrs).<\/p>\n<p>U-18 grup\u0101, kur start\u0113ja 2010. un 2011. gad\u0101 dzimu\u0161ie sportisti un sportistes, pui\u0161iem ar desmit punktiem uzvar\u0113ja J\u0113kabpils Sporta skola, devi\u0146us punktus sakr\u0101ja \u201cSelver\u201d, ar septi\u0146iem punktiem tre\u0161\u0101 bija M\u0101rupes novada Sporta skola un ceturt\u0101 \u2013 Daugavpils Sporta skola, bet ar se\u0161iem punktiem piekt\u0101 fini\u0161\u0113ja Sporta centra \u201cViesulas\u201d komanda no Klaip\u0113das un sest\u0101 \u2013 Kau\u0146as \u201cStartas\u201d no Lietuvas.<\/p>\n<p>Par komandu lab\u0101kajiem sp\u0113l\u0113t\u0101jiem tika atz\u012bti Jans Eriks Prakss (\u201cSelver\u201d), Neo Andrejevs (J\u0113kabpils Sporta skola), Mikus Z\u016blis (M\u0101rupes novada Sporta skola), Deniss Vesna (Daugavpils Sporta skola), Konrads \u0160iklo (Sporta centrs \u201cViesulas\u201d) un Vi\u013cus Simanavi\u010ds (\u201cStartas\u201d)<\/p>\n<p>Meiten\u0113m \u0161aj\u0101 vecuma grup\u0101 ar desmit punktiem uzvar\u0113ja VK \u201cAce\u201d, devi\u0146us punktus sakr\u0101ja \u201cSelver\u201d pirm\u0101 komanda, asto\u0146us \u2013 Daugavpils Sporta skola, septi\u0146us \u2013 Sporta centrs \u201cViesulas\u201d, se\u0161us \u2013 Gulbenes novada BJSS un piecus \u2013 \u201cSelver\u201d otr\u0101 komanda.<\/p>\n<p>Par komandu lab\u0101kaj\u0101m sp\u0113l\u0113t\u0101j\u0101m tika atz\u012btas Simona Sova (\u201cSelver\u201d otr\u0101 komanda), Vilte Garbinaite ( Sporta centrs \u201cViesulas\u201d), Marija Elizabete Jefanova (\u201cSelver\u201d pirm\u0101 komanda), Marta Rozi\u0146a (Gulbenes novada BJSS), Oleksandra Labunska (VK \u201cAce\u201d) un J\u016blija Novi\u010donoka (Daugavpils Sporta skola).<\/p>\n<p>EEVZA kausa izc\u012b\u0146a sporta skolu un jaunie\u0161u klubu komand\u0101m U-16 grup\u0101 Daugavpil\u012b notika otro reizi, bet pirmoreiz volejbolisti sacent\u0101s U-18 grup\u0101, katr\u0101 no grup\u0101 gan sieviet\u0113m, gan v\u012brie\u0161iem sacen\u0161oties pa se\u0161\u0101m komand\u0101m.<\/p>\n<p>Izmantotie resursi:<br \/><a target=\"_blank\" href=\"http:\/\/www.volejbols.lv\" rel=\"nofollow noopener\">Home &#8211; Volejbols<\/a><\/p>\n","protected":false},"excerpt":{"rendered":"U-16 sacens\u012bb\u0101s, kur\u0101s piedal\u012bj\u0101s 2012. un 2013. gad\u0101 dzimu\u0161ie volejbolisti un volejbolistes, pirmo vietu pui\u0161iem ar 10 punktiem&hellip;\n","protected":false},"author":2,"featured_media":32535,"comment_status":"","ping_status":"","sticky":false,"template":"","format":"standard","meta":{"footnotes":""},"categories":[17],"tags":[35,39,38,36,37,34,40,67,1208],"class_list":{"0":"post-32534","1":"post","2":"type-post","3":"status-publish","4":"format-standard","5":"has-post-thumbnail","7":"category-sports","8":"tag-latvia","9":"tag-latvian","10":"tag-latviesu","11":"tag-latviesu-valoda","12":"tag-latviesuvaloda","13":"tag-latvija","14":"tag-lv","15":"tag-sports","16":"tag-volejbols"},"share_on_mastodon":{"url":"https:\/\/pubeurope.com\/@lv\/115446149483027134","error":""},"_links":{"self":[{"href":"https:\/\/www.europesays.com\/lv\/wp-json\/wp\/v2\/posts\/32534","targetHints":{"allow":["GET"]}}],"collection":[{"href":"https:\/\/www.europesays.com\/lv\/wp-json\/wp\/v2\/posts"}],"about":[{"href":"https:\/\/www.europesays.com\/lv\/wp-json\/wp\/v2\/types\/post"}],"author":[{"embeddable":true,"href":"https:\/\/www.europesays.com\/lv\/wp-json\/wp\/v2\/users\/2"}],"replies":[{"embeddable":true,"href":"https:\/\/www.europesays.com\/lv\/wp-json\/wp\/v2\/comments?post=32534"}],"version-history":[{"count":0,"href":"https:\/\/www.europesays.com\/lv\/wp-json\/wp\/v2\/posts\/32534\/revisions"}],"wp:featuredmedia":[{"embeddable":true,"href":"https:\/\/www.europesays.com\/lv\/wp-json\/wp\/v2\/media\/32535"}],"wp:attachment":[{"href":"https:\/\/www.europesays.com\/lv\/wp-json\/wp\/v2\/media?parent=32534"}],"wp:term":[{"taxonomy":"category","embeddable":true,"href":"https:\/\/www.europesays.com\/lv\/wp-json\/wp\/v2\/categories?post=32534"},{"taxonomy":"post_tag","embeddable":true,"href":"https:\/\/www.europesays.com\/lv\/wp-json\/wp\/v2\/tags?post=32534"}],"curies":[{"name":"wp","href":"https:\/\/api.w.org\/{rel}","templated":true}]}}