{"id":32536,"date":"2025-10-27T12:35:10","date_gmt":"2025-10-27T12:35:10","guid":{"rendered":"https:\/\/www.europesays.com\/lv\/32536\/"},"modified":"2025-10-27T12:35:10","modified_gmt":"2025-10-27T12:35:10","slug":"frontes-medikei-cirulei-pasniegts-gada-eiropas-cilveka-latvija-diploms-2","status":"publish","type":"post","link":"https:\/\/www.europesays.com\/lv\/32536\/","title":{"rendered":"Frontes medi\u0137ei C\u012brulei pasniegts &#8220;Gada Eiropas cilv\u0113ka Latvij\u0101&#8221; diploms"},"content":{"rendered":"<p>C\u012brule &#8220;Gada Eiropas cilv\u0113ka Latvij\u0101&#8221; titulu ieguva 2023. gad\u0101 sabiedr\u012bbas balsojum\u0101, ta\u010du toreiz apbalvo\u0161anas ceremonij\u0101 var\u0113ja piedal\u012bties tikai att\u0101lin\u0101ti.<\/p>\n<p>Pas\u0101kum\u0101 uzrunu teica &#8220;Eiropas kust\u012bbas Latvij\u0101&#8221; valdes locekle, Saeimas priek\u0161s\u0113d\u0113t\u0101jas biedre Zanda Kalni\u0146a-Luka\u0161evica (JV), bet C\u012brules ieguld\u012bjumu cildin\u0101ja ar\u012b 2011. gada &#8220;Gada Eiropas cilv\u0113ks Latvij\u0101&#8221;, Romas kato\u013cu arhib\u012bskaps-metropol\u012bts Zbig\u0146evs Stankevi\u010ds.<\/p>\n<p><img decoding=\"async\" class=\"figure__image\" onclick=\"triggerEvent('articleImageClick', { id: 17243146, focus: 'single-image', focusIndex: '17243146' })\" onkeydown=\"if (event.key === 'Enter') {&#10;        triggerEvent('articleImageClick', { id: 17243146, focus: 'single-image', focusIndex: '17243146' })&#10;        }\" role=\"button\" tabindex=\"0\" data-focus-from=\"single-image\" data-focus-index=\"17243146\" src=\"https:\/\/www.europesays.com\/lv\/wp-content\/uploads\/2025\/10\/17243146t1he150.jpg\" onload=\"this.parentElement.classList.remove('figure__image-loading')\" alt=\"Latvijas Romas kato\u013cu bazn\u012bcas R\u012bgas arhib\u012bskaps metropol\u012bts Zbig\u0146evs Stankevi\u010ds un Gada Eiropas cilv\u0113ka Latvij\u0101 titula ieguv\u0113ja, frontes medi\u0137e Ukrain\u0101 Sarm\u012bte C\u012brule piedal\u0101s Gada Eiropas cilv\u0113ka Latvij\u0101 godin\u0101\u0161anas pas\u0101kum\u0101 Saeim\u0101.\"\/>Latvijas Romas kato\u013cu bazn\u012bcas R\u012bgas arhib\u012bskaps metropol\u012bts Zbig\u0146evs Stankevi\u010ds un Gada Eiropas cilv\u0113ka Latvij\u0101 titula ieguv\u0113ja, frontes medi\u0137e Ukrain\u0101 Sarm\u012bte C\u012brule piedal\u0101s Gada Eiropas cilv\u0113ka Latvij\u0101 godin\u0101\u0161anas pas\u0101kum\u0101 Saeim\u0101. Foto: Edijs P\u0101lens\/LETA<img decoding=\"async\" class=\"figure__image\" onclick=\"triggerEvent('articleImageClick', { id: 17243144, focus: 'single-image', focusIndex: '17243144' })\" onkeydown=\"if (event.key === 'Enter') {&#10;        triggerEvent('articleImageClick', { id: 17243144, focus: 'single-image', focusIndex: '17243144' })&#10;        }\" role=\"button\" tabindex=\"0\" data-focus-from=\"single-image\" data-focus-index=\"17243144\" src=\"https:\/\/www.europesays.com\/lv\/wp-content\/uploads\/2025\/10\/17243144t1hb95d.jpg\" onload=\"this.parentElement.classList.remove('figure__image-loading')\" alt=\"Gada Eiropas cilv\u0113ka Latvij\u0101 titula ieguv\u0113ja, frontes medi\u0137e Ukrain\u0101 Sarm\u012bte C\u012brule (no lab\u0101s) un Saeimas priek\u0161s\u0113d\u0113t\u0101jas biedre Zanda Kalni\u0146a-Luka\u0161evica piedal\u0101s Gada Eiropas cilv\u0113ka Latvij\u0101 godin\u0101\u0161anas pas\u0101kum\u0101 Saeim\u0101.\"\/>Gada Eiropas cilv\u0113ka Latvij\u0101 titula ieguv\u0113ja, frontes medi\u0137e Ukrain\u0101 Sarm\u012bte C\u012brule (no lab\u0101s) un Saeimas priek\u0161s\u0113d\u0113t\u0101jas biedre Zanda Kalni\u0146a-Luka\u0161evica piedal\u0101s Gada Eiropas cilv\u0113ka Latvij\u0101 godin\u0101\u0161anas pas\u0101kum\u0101 Saeim\u0101. Foto: Edijs P\u0101lens\/LETA<\/p>\n<p>C\u012brule sabiedr\u012bbas balsojum\u0101 sa\u0146\u0113ma sabiedr\u012bbas atbalstu par pa\u0161aizliedz\u012bgu darbu Ukrainas front\u0113, pal\u012bdzot ievainotajiem un risk\u0113jot ar savu dz\u012bv\u012bbu. Balsojuma dal\u012bbnieki vi\u0146u raksturoja k\u0101 &#8220;visdrosm\u012bg\u0101ko Latvijas sievieti ar gai\u0161u pr\u0101tu un karstu sirdi&#8221;, uzsverot vi\u0146as varon\u012bbu un cilv\u0113cisko sp\u0113ku.<\/p>\n<p>&#8220;Gada Eiropas cilv\u0113ka Latvij\u0101&#8221; titulu pie\u0161\u0137ir cilv\u0113kam, kur\u0161 ar saviem darbiem ir devis b\u016btisku ieguld\u012bjumu Eiropas kop\u0113jo v\u0113rt\u012bbu stiprin\u0101\u0161an\u0101 Latvij\u0101 un Latvijas v\u0101rda spodrin\u0101\u0161an\u0101 Eirop\u0101.<\/p>\n","protected":false},"excerpt":{"rendered":"C\u012brule &#8220;Gada Eiropas cilv\u0113ka Latvij\u0101&#8221; titulu ieguva 2023. gad\u0101 sabiedr\u012bbas balsojum\u0101, ta\u010du toreiz apbalvo\u0161anas ceremonij\u0101 var\u0113ja piedal\u012bties tikai&hellip;\n","protected":false},"author":2,"featured_media":32531,"comment_status":"","ping_status":"","sticky":false,"template":"","format":"standard","meta":{"footnotes":""},"categories":[12],"tags":[23,28,29,32,33,22,74,30,31,35,39,38,36,37,34,40,20,26,27,141,24,25,276,21],"class_list":{"0":"post-32536","1":"post","2":"type-post","3":"status-publish","4":"format-standard","5":"has-post-thumbnail","7":"category-latvija","8":"tag-aktualitates","9":"tag-breaking-news","10":"tag-breakingnews","11":"tag-featured-news","12":"tag-featurednews","13":"tag-headlines","14":"tag-krievijas-iebrukums-ukraina","15":"tag-latest-news","16":"tag-latestnews","17":"tag-latvia","18":"tag-latvian","19":"tag-latviesu","20":"tag-latviesu-valoda","21":"tag-latviesuvaloda","22":"tag-latvija","23":"tag-lv","24":"tag-news","25":"tag-popularakas-zinas","26":"tag-popularakaszinas","27":"tag-saeima","28":"tag-top-stories","29":"tag-topstories","30":"tag-ukraina","31":"tag-zinas"},"share_on_mastodon":{"url":"https:\/\/pubeurope.com\/@lv\/115446161478199979","error":""},"_links":{"self":[{"href":"https:\/\/www.europesays.com\/lv\/wp-json\/wp\/v2\/posts\/32536","targetHints":{"allow":["GET"]}}],"collection":[{"href":"https:\/\/www.europesays.com\/lv\/wp-json\/wp\/v2\/posts"}],"about":[{"href":"https:\/\/www.europesays.com\/lv\/wp-json\/wp\/v2\/types\/post"}],"author":[{"embeddable":true,"href":"https:\/\/www.europesays.com\/lv\/wp-json\/wp\/v2\/users\/2"}],"replies":[{"embeddable":true,"href":"https:\/\/www.europesays.com\/lv\/wp-json\/wp\/v2\/comments?post=32536"}],"version-history":[{"count":0,"href":"https:\/\/www.europesays.com\/lv\/wp-json\/wp\/v2\/posts\/32536\/revisions"}],"wp:featuredmedia":[{"embeddable":true,"href":"https:\/\/www.europesays.com\/lv\/wp-json\/wp\/v2\/media\/32531"}],"wp:attachment":[{"href":"https:\/\/www.europesays.com\/lv\/wp-json\/wp\/v2\/media?parent=32536"}],"wp:term":[{"taxonomy":"category","embeddable":true,"href":"https:\/\/www.europesays.com\/lv\/wp-json\/wp\/v2\/categories?post=32536"},{"taxonomy":"post_tag","embeddable":true,"href":"https:\/\/www.europesays.com\/lv\/wp-json\/wp\/v2\/tags?post=32536"}],"curies":[{"name":"wp","href":"https:\/\/api.w.org\/{rel}","templated":true}]}}