{"id":32537,"date":"2025-10-27T12:36:08","date_gmt":"2025-10-27T12:36:08","guid":{"rendered":"https:\/\/www.europesays.com\/lv\/32537\/"},"modified":"2025-10-27T12:36:08","modified_gmt":"2025-10-27T12:36:08","slug":"beatrise-no-saimniece-mekle-viru-konkursa-sejejs-sanem-balvu","status":"publish","type":"post","link":"https:\/\/www.europesays.com\/lv\/32537\/","title":{"rendered":"Beatrise no &#8220;Saimniece mekl\u0113 v\u012bru&#8221; konkurs\u0101 &#8220;S\u0113j\u0113js&#8221; sa\u0146em balvu"},"content":{"rendered":"<p>Konkurss &#8220;S\u0113j\u0113js&#8221; ir ikgad\u0113js pas\u0101kums ar m\u0113r\u0137i noteikt lab\u0101kos saimniekus. Uz skatuves Beatrise k\u0101pa drosm\u012bg\u0101 meln\u0101 kleit\u0101 ar atsedzo\u0161u muguru.<\/p>\n<p>Sa\u0146emot balvu, vi\u0146a atzina, ka ir tik \u013coti uztraukusies, ka pat kleita tr\u012bc, ta\u010du p\u0113c tam sa\u0146\u0113musies, teica:<\/p>\n<p>K\u0101 zin\u0101ms, Beatrise piedal\u0101s iepaz\u012b\u0161an\u0101s \u0161ov\u0101 &#8220;Saimniece mekl\u0113 v\u012bru&#8221;, kur sav\u0101 saimniec\u012bb\u0101 uz\u0146em tr\u012bs pui\u0161us, kuri gatavi c\u012bn\u012bties par skaist\u0101s saimnieces sirdi.<\/p>\n","protected":false},"excerpt":{"rendered":"Konkurss &#8220;S\u0113j\u0113js&#8221; ir ikgad\u0113js pas\u0101kums ar m\u0113r\u0137i noteikt lab\u0101kos saimniekus. Uz skatuves Beatrise k\u0101pa drosm\u012bg\u0101 meln\u0101 kleit\u0101 ar&hellip;\n","protected":false},"author":2,"featured_media":32538,"comment_status":"","ping_status":"","sticky":false,"template":"","format":"standard","meta":{"footnotes":""},"categories":[5],"tags":[23,28,29,32,33,22,30,31,35,39,38,36,37,34,40,20,26,27,759,24,25,1110,21],"class_list":{"0":"post-32537","1":"post","2":"type-post","3":"status-publish","4":"format-standard","5":"has-post-thumbnail","7":"category-aktualitates","8":"tag-aktualitates","9":"tag-breaking-news","10":"tag-breakingnews","11":"tag-featured-news","12":"tag-featurednews","13":"tag-headlines","14":"tag-latest-news","15":"tag-latestnews","16":"tag-latvia","17":"tag-latvian","18":"tag-latviesu","19":"tag-latviesu-valoda","20":"tag-latviesuvaloda","21":"tag-latvija","22":"tag-lv","23":"tag-news","24":"tag-popularakas-zinas","25":"tag-popularakaszinas","26":"tag-saimniece-mekle-viru","27":"tag-top-stories","28":"tag-topstories","29":"tag-tv-sovs","30":"tag-zinas"},"share_on_mastodon":{"url":"https:\/\/pubeurope.com\/@lv\/115446165496852954","error":""},"_links":{"self":[{"href":"https:\/\/www.europesays.com\/lv\/wp-json\/wp\/v2\/posts\/32537","targetHints":{"allow":["GET"]}}],"collection":[{"href":"https:\/\/www.europesays.com\/lv\/wp-json\/wp\/v2\/posts"}],"about":[{"href":"https:\/\/www.europesays.com\/lv\/wp-json\/wp\/v2\/types\/post"}],"author":[{"embeddable":true,"href":"https:\/\/www.europesays.com\/lv\/wp-json\/wp\/v2\/users\/2"}],"replies":[{"embeddable":true,"href":"https:\/\/www.europesays.com\/lv\/wp-json\/wp\/v2\/comments?post=32537"}],"version-history":[{"count":0,"href":"https:\/\/www.europesays.com\/lv\/wp-json\/wp\/v2\/posts\/32537\/revisions"}],"wp:featuredmedia":[{"embeddable":true,"href":"https:\/\/www.europesays.com\/lv\/wp-json\/wp\/v2\/media\/32538"}],"wp:attachment":[{"href":"https:\/\/www.europesays.com\/lv\/wp-json\/wp\/v2\/media?parent=32537"}],"wp:term":[{"taxonomy":"category","embeddable":true,"href":"https:\/\/www.europesays.com\/lv\/wp-json\/wp\/v2\/categories?post=32537"},{"taxonomy":"post_tag","embeddable":true,"href":"https:\/\/www.europesays.com\/lv\/wp-json\/wp\/v2\/tags?post=32537"}],"curies":[{"name":"wp","href":"https:\/\/api.w.org\/{rel}","templated":true}]}}