{"id":32539,"date":"2025-10-27T12:37:08","date_gmt":"2025-10-27T12:37:08","guid":{"rendered":"https:\/\/www.europesays.com\/lv\/32539\/"},"modified":"2025-10-27T12:37:08","modified_gmt":"2025-10-27T12:37:08","slug":"noslegusies-41-rigas-modes-nedela-2","status":"publish","type":"post","link":"https:\/\/www.europesays.com\/lv\/32539\/","title":{"rendered":"Nosl\u0113gusies 41. R\u012bgas modes ned\u0113\u013ca"},"content":{"rendered":"<p>Modes ned\u0113\u013ca s\u0101k\u0101s LED Unit Virtual Production Studio film\u0113\u0161anas paviljon\u0101 ar neaizmirstamu atkl\u0101\u0161anas pas\u0101kumu, kas bija velt\u012bts kost\u012bmu m\u0101kslinieces Sandras Silas rado\u0161ajai darb\u012bbai. Godinot vi\u0146as ieguld\u012bjumu Latvijas kino att\u012bst\u012bb\u0101, uz podija tika demonstr\u0113ti t\u0113rpi no le\u0123end\u0101r\u0101m film\u0101m \u2014 \u201cR\u016bdolfa mantojums\u201d, \u201cR\u012bgas sargi\u201d, \u201cSap\u0146u komanda 1935\u201d, \u201cNameja gredzens\u201d, \u201cDv\u0113se\u013cu putenis\u201d, k\u0101 ar\u012b jaun\u0101s filmas \u201cT\u012bkl\u0101. TTT le\u0123endas dzim\u0161ana\u201d, kuras pirmizr\u0101de gaid\u0101ma tikai novembr\u012b. Modes skati, kuras re\u017eiju veidoja aktrise Ieva Florence-V\u012bksne, t\u0113rpus demonstr\u0113ja aktieri, kuru atveidotie varo\u0146i savulaik bija \u0123\u0113rbu\u0161ies \u0161ajos t\u0113rpos: Zane Jan\u010devska, R\u0113zija Kalni\u0146a, Agnese Budovska, Inga Alsi\u0146a, M\u0101ris Grigalis, M\u0101rti\u0146\u0161 Po\u010ds, Raimonds Celms, Krist\u012bne Be\u013cicka, J\u0101nis \u0100manis, Ieva Aleksandrova, Marta Lovisa Jan\u010devska, J\u0101nis Elsts, \u0122irts Kr\u016bmi\u0146\u0161, Oto Brantevics, Gr\u0113ta Tru\u0161i\u0146a, Art\u016brs Putni\u0146\u0161 u. c.<\/p>\n<p>Turpm\u0101kie <a href=\"https:\/\/www.tvnet.lv\/term\/558133\/rfw\" class=\"topicLink\" target=\"_blank\" rel=\"nofollow noopener\">RFW<\/a> pas\u0101kumi norisin\u0101j\u0101s tr\u012bs galvenaj\u0101s norises viet\u0101s: Hanzas Perons, Zunda Towers un Latvian Design Stories, p\u0113d\u0113j\u0101 no t\u0101m \u2014 kapse\u013cu prezent\u0101cij\u0101m un darbn\u012bc\u0101m.<\/p>\n<p>Uz galven\u0101 galvaspils\u0113tas podija savas kolekcijas prezent\u0113ja gan jau iem\u012b\u013coti \u0101rvalstu z\u012bmoli \u2014 Szczygiel (Polija), Moel Bosh (Uzbekist\u0101na), Pohjanheimo (Igaunija), gan ar\u012b r\u012bdziniekiem jauni v\u0101rdi \u2014 Nora Isle un Embassy of Fashion Atelier, kur\u0101 tika p\u0101rst\u0101v\u0113tas tr\u012bs Tallinas dizaineru kolekcijas: Aldo J\u00e4rvsoo, Riina P\u00f5ldroos un Ketlin Bachmann. Pirmo reizi RFW ietvaros uzst\u0101j\u0101s paz\u012bstamais lietuvie\u0161u stilists K\u0119stas Rimd\u017eius ar savu autordarbu \u0161ovu sadarb\u012bb\u0101 ar Kukla Beauty Box.<\/p>\n","protected":false},"excerpt":{"rendered":"Modes ned\u0113\u013ca s\u0101k\u0101s LED Unit Virtual Production Studio film\u0113\u0161anas paviljon\u0101 ar neaizmirstamu atkl\u0101\u0161anas pas\u0101kumu, kas bija velt\u012bts kost\u012bmu&hellip;\n","protected":false},"author":2,"featured_media":32540,"comment_status":"","ping_status":"","sticky":false,"template":"","format":"standard","meta":{"footnotes":""},"categories":[19],"tags":[89,90,35,39,38,36,37,34,40,9131,8312,8281],"class_list":{"0":"post-32539","1":"post","2":"type-post","3":"status-publish","4":"format-standard","5":"has-post-thumbnail","7":"category-izklaide","8":"tag-entertainment","9":"tag-izklaide","10":"tag-latvia","11":"tag-latvian","12":"tag-latviesu","13":"tag-latviesu-valoda","14":"tag-latviesuvaloda","15":"tag-latvija","16":"tag-lv","17":"tag-rfw","18":"tag-riga-fashion-week","19":"tag-rigas-modes-nedela"},"share_on_mastodon":{"url":"https:\/\/pubeurope.com\/@lv\/115446169247412717","error":""},"_links":{"self":[{"href":"https:\/\/www.europesays.com\/lv\/wp-json\/wp\/v2\/posts\/32539","targetHints":{"allow":["GET"]}}],"collection":[{"href":"https:\/\/www.europesays.com\/lv\/wp-json\/wp\/v2\/posts"}],"about":[{"href":"https:\/\/www.europesays.com\/lv\/wp-json\/wp\/v2\/types\/post"}],"author":[{"embeddable":true,"href":"https:\/\/www.europesays.com\/lv\/wp-json\/wp\/v2\/users\/2"}],"replies":[{"embeddable":true,"href":"https:\/\/www.europesays.com\/lv\/wp-json\/wp\/v2\/comments?post=32539"}],"version-history":[{"count":0,"href":"https:\/\/www.europesays.com\/lv\/wp-json\/wp\/v2\/posts\/32539\/revisions"}],"wp:featuredmedia":[{"embeddable":true,"href":"https:\/\/www.europesays.com\/lv\/wp-json\/wp\/v2\/media\/32540"}],"wp:attachment":[{"href":"https:\/\/www.europesays.com\/lv\/wp-json\/wp\/v2\/media?parent=32539"}],"wp:term":[{"taxonomy":"category","embeddable":true,"href":"https:\/\/www.europesays.com\/lv\/wp-json\/wp\/v2\/categories?post=32539"},{"taxonomy":"post_tag","embeddable":true,"href":"https:\/\/www.europesays.com\/lv\/wp-json\/wp\/v2\/tags?post=32539"}],"curies":[{"name":"wp","href":"https:\/\/api.w.org\/{rel}","templated":true}]}}