{"id":32559,"date":"2025-10-27T12:54:07","date_gmt":"2025-10-27T12:54:07","guid":{"rendered":"https:\/\/www.europesays.com\/lv\/32559\/"},"modified":"2025-10-27T12:54:07","modified_gmt":"2025-10-27T12:54:07","slug":"imigracijas-izmaksas-niderlandei-patiesiba-aiz-politiskajiem-stridiem-lente-lv","status":"publish","type":"post","link":"https:\/\/www.europesays.com\/lv\/32559\/","title":{"rendered":"Imigr\u0101cijas izmaksas N\u012bderlandei: Paties\u012bba aiz politiskajiem str\u012bdiem\u00a0\u2014\u00a0Lente.lv"},"content":{"rendered":"<p>Imigr\u0101cijas izmaksas N\u012bderlandei: Paties\u012bba aiz politiskajiem str\u012bdiem<\/p>\n<p>N\u012bderlande gatavojas priek\u0161laic\u012bg\u0101m visp\u0101r\u0113j\u0101m v\u0113l\u0113\u0161an\u0101m, un k\u0101 ierasts Eiropas v\u0113l\u0113\u0161anu kampa\u0146\u0101s, imigr\u0101cijas jaut\u0101jums ir izvirz\u012bjies priek\u0161pl\u0101n\u0101, radot karstas debates un izplatot skait\u013cus, kas bie\u017ei vien ir stipri p\u0101rsp\u012bl\u0113ti.<\/p>\n<p>K\u0101 tiek veidoti skait\u013ci: Paties\u012bba un m\u012bti<\/p>\n<p>Viena no p\u0113d\u0113j\u0101 laika ska\u013c\u0101kaj\u0101m aps\u016bdz\u012bb\u0101m n\u0101ca no N\u012bderlandes gal\u0113ji lab\u0113j\u0101s koment\u0113t\u0101jas, kura soci\u0101laj\u0101 t\u012bkl\u0101 X apgalvoja, ka katrs ne Rietumu izcelsmes imigranta N\u012bderlandei izmaks\u0101jot vid\u0113ji 600 000 eiro. \u0160ie skait\u013ci \u0161\u0137iet iev\u0113rojami uzp\u016bsti, sal\u012bdzinot ar p\u0113t\u012bjumu, ko veiku\u0161i Jans van de B\u012bks un citi. Vi\u0146u anal\u012bze, kas apl\u016bkoja migrantu ilgtermi\u0146a fisk\u0101lo ietekmi, sadalot tos p\u0113c izcelsmes un motiv\u0101cijas (darbs, studijas, patv\u0113rums), atkl\u0101ja, ka:<\/p>\n<ul>\n<li>Imigranti, kas ierodas N\u012bderland\u0113 darba nol\u016bkos, vecum\u0101 no 20 l\u012bdz 50 gadiem, vid\u0113ji sniedz pozit\u012bvu neto ieguld\u012bjumu vair\u0101k nek\u0101 100 000 eiro apm\u0113r\u0101.<\/li>\n<li>Migranti ar cit\u0101m motiv\u0101cij\u0101m, piem\u0113ram, b\u0113g\u013ci, rada negat\u012bvu neto ieguld\u012bjumu. Patv\u0113ruma mekl\u0113t\u0101ji no \u0100frikas un Tuvajiem Austrumiem rada visliel\u0101ko negat\u012bvo ietekmi, kas sasniedz aptuveni 400 000 eiro, savuk\u0101rt \u0123imenes migranti rada aptuveni 200 000 eiro negat\u012bvu ietekmi.<\/li>\n<\/ul>\n<p>T\u0101d\u0113j\u0101di min\u0113t\u0101s koment\u0113t\u0101jas apgalvojumi ir ne tikai nepamatoti, bet ar\u012b iev\u0113rojami p\u0101rsp\u012bl\u0113 pat visliel\u0101kos izmaksu r\u0101d\u012bt\u0101jus, kas min\u0113ti p\u0113t\u012bjum\u0101.<\/p>\n<p>Kritika un jaun\u0101s perspekt\u012bvas<\/p>\n<p>Neskatoties uz van de B\u012bka darba public\u0113\u0161anu, da\u017e\u0101di N\u012bderlandes ekonomisti ir izteiku\u0161i kritiku par t\u0101 metodolo\u0123iju un secin\u0101jumiem. Viens no galvenajiem str\u012bdu objektiem ir van de B\u012bka 2024. gad\u0101 public\u0113t\u0101 gr\u0101mata &#8220;Migratiemagneet Nederland&#8221; (&#8220;Migr\u0101cijas magn\u0113ts N\u012bderlande&#8221;), kas balst\u0101s uz 2021. gada p\u0113t\u012bjumu &#8220;Grenzeloze verzorgingsstaat&#8221; (&#8220;Beznosac\u012bjumu labkl\u0101j\u012bbas valsts&#8221;). \u0160aj\u0101 p\u0113t\u012bjum\u0101 tika apl\u0113stas migr\u0101cijas fisk\u0101l\u0101s izmaksas N\u012bderlandes bud\u017eetam no 1995. l\u012bdz 2019. gadam aptuveni 400 miljardu eiro apm\u0113r\u0101, radot pla\u0161u rezonansi un ba\u017eas par valsts labkl\u0101j\u012bbas sist\u0113mas stabilit\u0101ti.<\/p>\n<p>Eksperti nor\u0101da, ka, lai gan statistikas dati var\u0113tu b\u016bt prec\u012bzi, to interpret\u0101cija bie\u017ei vien ir k\u013c\u016bdaina. Piem\u0113ram, p\u0113t\u012bjum\u0101 &#8220;Beznosac\u012bjumu labkl\u0101j\u012bbas valsts&#8221; tika apgalvots, ka imigranti gad\u0101 izmaks\u0101 aptuveni 17,3 miljardus eiro, neskatoties uz 3,4 miljardu eiro neto ieguvumu bud\u017eetam. \u0160is skaitlis tika kompens\u0113ts ar 20,7 miljardiem eiro, kas tika novirz\u012bti sabiedrisko pakalpojumu nodro\u0161in\u0101\u0161anai. Ta\u010du, k\u0101 nor\u0101da profesors Jans Villims Gunning no Vrije Universiteit Amsterdam, \u0161is apr\u0113\u0137ins nav balst\u012bts uz re\u0101liem datiem, bet gan uz k\u013c\u016bdainu pie\u0146\u0113mumu, ka sabiedriskie pakalpojumi ir &#8220;rivaliz\u0113jo\u0161i&#8221; (viens cilv\u0113ks pat\u0113r\u0113, t\u0101tad samazina citam pieejamo).<\/p>\n<p>\u012asten\u012bb\u0101 t\u0101di pakalpojumi k\u0101 aizsardz\u012bba un pl\u016bdu kontrole ir &#8220;ne-rivaliz\u0113jo\u0161i&#8221; un to izmaksas nepieaug ar iedz\u012bvot\u0101ju skaita pieaugumu. Tikai da\u013ca no kop\u0113j\u0101m izmaks\u0101m, kas saist\u012btas ar &#8220;rivaliz\u0113jo\u0161iem&#8221; pakalpojumiem, piem\u0113ram, policijas darbu vai autoce\u013cu uztur\u0113\u0161anu, ir tie\u0161i attiecin\u0101mas uz migr\u0101ciju. Profesori Gunning, Kaspers de Vries un Aleksandrs Rinnoijs Kan apl\u0113su\u0161i, ka patieso migrantu neto izmaksu apm\u0113rs ir iev\u0113rojami zem\u0101ks, apm\u0113ram 8,4 miljardi eiro gad\u0101, kas ir maz\u0101k nek\u0101 1% no N\u012bderlandes IKP. Vi\u0146i ar\u012b uzsver, ka migr\u0101cijas rad\u012btie papildu izdevumi tiek kompens\u0113ti ar ekonomiskiem ieguvumiem, tostarp ar zem\u0101k\u0101m alg\u0101m migrantu nodarbin\u0101t\u012bbas d\u0113\u013c, kas pal\u012bdz uztur\u0113t noteiktas tautsaimniec\u012bbas nozares.<\/p>\n<p>Migrantu integr\u0101cija un labkl\u0101j\u012bbas valsts n\u0101kotne<\/p>\n<p>V\u0113l viens b\u016btisks kritikas punkts van de B\u012bka p\u0113t\u012bjumam ir t\u0101 nesp\u0113ja \u0146emt v\u0113r\u0101 migrantu situ\u0101cijas izmai\u0146as laika gait\u0101. K\u0101 uzsver profesors de Vries, agr\u0101k\u0101s negat\u012bv\u0101s ietekmes uz bud\u017eetu var main\u012bties uz pozit\u012bv\u0101m, jo migranti ar laiku ieg\u016bst augst\u0101ku izgl\u012bt\u012bbu un prasmes. Vi\u0146i nek\u013c\u016bst par m\u016b\u017e\u012bgu slogu, bet gan par akt\u012bviem sabiedr\u012bbas locek\u013ciem.<\/p>\n<p>Eksperti, piem\u0113ram, profesors Leo Lucassens, uzsver, ka nav pamata apgalvojumam par migrantu kopienu nev\u0113l\u0113\u0161anos integr\u0113ties. Vi\u0146i nor\u0101da, ka at\u0161\u0137ir\u012bbas migrantu un viet\u0113jo iedz\u012bvot\u0101ju ieguld\u012bjum\u0101 bie\u017ei vien ir saist\u012btas ar izgl\u012bt\u012bbas l\u012bmeni un nodarbin\u0101t\u012bbas statusu, nevis izcelsmi. B\u0113g\u013ci s\u0101kotn\u0113ji var rad\u012bt liel\u0101kas izmaksas, jo vi\u0146iem ir ierobe\u017eotas iesp\u0113jas darba tirg\u016b, ta\u010du, ieg\u016bstot darba at\u013caujas, vi\u0146u integr\u0101cija un ieguld\u012bjums sabiedr\u012bb\u0101 notiek veiksm\u012bgi.<\/p>\n<p>N\u012bderlandes Imigr\u0101cijas un patv\u0113ruma ministrija nor\u0101da, ka vid\u0113j\u0101s izmaksas par viena patv\u0113ruma mekl\u0113t\u0101ja uztur\u0113\u0161anu ir aptuveni 71 eiro dien\u0101. Kop\u0113jais bud\u017eets \u0101rvalstnieku uz\u0146em\u0161anai un uztur\u0113\u0161anai 2025. gad\u0101 ir aptuveni 9,48 miljardi eiro, kas ir maz\u0101k nek\u0101 1% no valsts IKP. Lucassens uzskata, ka N\u012bderlandes labkl\u0101j\u012bbas valsts nav apdraud\u0113ta, un secin\u0101jums par t\u0101s nesp\u0113ju uz\u0146emt migrantus ir &#8220;smiekl\u012bgs&#8221;. Vi\u0146\u0161 nor\u0101da, ka kop\u0161 1980. gadu beig\u0101m patv\u0113ruma mekl\u0113t\u0101ju skait\u0101 nav v\u0113rojama tendence uz palielin\u0101\u0161anos, un labkl\u0101j\u012bbas valsts ir sp\u0113jusi sevi nodro\u0161in\u0101t.<\/p>\n","protected":false},"excerpt":{"rendered":"Imigr\u0101cijas izmaksas N\u012bderlandei: Paties\u012bba aiz politiskajiem str\u012bdiem N\u012bderlande gatavojas priek\u0161laic\u012bg\u0101m visp\u0101r\u0113j\u0101m v\u0113l\u0113\u0161an\u0101m, un k\u0101 ierasts Eiropas v\u0113l\u0113\u0161anu kampa\u0146\u0101s,&hellip;\n","protected":false},"author":2,"featured_media":32560,"comment_status":"","ping_status":"","sticky":false,"template":"","format":"standard","meta":{"footnotes":""},"categories":[5],"tags":[23,28,29,32,33,9752,22,9751,30,31,35,39,38,36,37,34,40,4637,20,9753,9754,26,27,24,25,21],"class_list":{"0":"post-32559","1":"post","2":"type-post","3":"status-publish","4":"format-standard","5":"has-post-thumbnail","7":"category-aktualitates","8":"tag-aktualitates","9":"tag-breaking-news","10":"tag-breakingnews","11":"tag-featured-news","12":"tag-featurednews","13":"tag-fiskala-ietekme-niderlande","14":"tag-headlines","15":"tag-imigracijas-izmaksas-niderlandei","16":"tag-latest-news","17":"tag-latestnews","18":"tag-latvia","19":"tag-latvian","20":"tag-latviesu","21":"tag-latviesu-valoda","22":"tag-latviesuvaloda","23":"tag-latvija","24":"tag-lv","25":"tag-migracijas-politika","26":"tag-news","27":"tag-niderlandes-ekonomika","28":"tag-patveruma-mekletaji-niderlande","29":"tag-popularakas-zinas","30":"tag-popularakaszinas","31":"tag-top-stories","32":"tag-topstories","33":"tag-zinas"},"share_on_mastodon":{"url":"https:\/\/pubeurope.com\/@lv\/115446236135221727","error":""},"_links":{"self":[{"href":"https:\/\/www.europesays.com\/lv\/wp-json\/wp\/v2\/posts\/32559","targetHints":{"allow":["GET"]}}],"collection":[{"href":"https:\/\/www.europesays.com\/lv\/wp-json\/wp\/v2\/posts"}],"about":[{"href":"https:\/\/www.europesays.com\/lv\/wp-json\/wp\/v2\/types\/post"}],"author":[{"embeddable":true,"href":"https:\/\/www.europesays.com\/lv\/wp-json\/wp\/v2\/users\/2"}],"replies":[{"embeddable":true,"href":"https:\/\/www.europesays.com\/lv\/wp-json\/wp\/v2\/comments?post=32559"}],"version-history":[{"count":0,"href":"https:\/\/www.europesays.com\/lv\/wp-json\/wp\/v2\/posts\/32559\/revisions"}],"wp:featuredmedia":[{"embeddable":true,"href":"https:\/\/www.europesays.com\/lv\/wp-json\/wp\/v2\/media\/32560"}],"wp:attachment":[{"href":"https:\/\/www.europesays.com\/lv\/wp-json\/wp\/v2\/media?parent=32559"}],"wp:term":[{"taxonomy":"category","embeddable":true,"href":"https:\/\/www.europesays.com\/lv\/wp-json\/wp\/v2\/categories?post=32559"},{"taxonomy":"post_tag","embeddable":true,"href":"https:\/\/www.europesays.com\/lv\/wp-json\/wp\/v2\/tags?post=32559"}],"curies":[{"name":"wp","href":"https:\/\/api.w.org\/{rel}","templated":true}]}}