{"id":32622,"date":"2025-10-27T13:58:20","date_gmt":"2025-10-27T13:58:20","guid":{"rendered":"https:\/\/www.europesays.com\/lv\/32622\/"},"modified":"2025-10-27T13:58:20","modified_gmt":"2025-10-27T13:58:20","slug":"latvija-notikusi-jauna-elektroautomobila-mazda6e-pirmizrade","status":"publish","type":"post","link":"https:\/\/www.europesays.com\/lv\/32622\/","title":{"rendered":"Latvij\u0101 notikusi jaun\u0101 elektroautomobi\u013ca &#8220;Mazda6e&#8221; pirmizr\u0101de"},"content":{"rendered":"<p class=\"MsoNormal\">Latvij\u0101 pirmizr\u0101di piedz\u012bvojis jaun\u0101kais &#8220;<a rel=\"noopener nofollow\" target=\"_blank\" href=\"https:\/\/www.delfi.lv\/temas\/40536701\/mazda\" tag-id=\"40536701\">Mazda<\/a>&#8221; elektroauto modelis \u2013 \u0101tri uzl\u0101d\u0113jams piecu durvju liftbeks &#8220;Mazda6e&#8221;. Tas apvieno kupejas est\u0113tiku ar he\u010dbeka funkcionalit\u0101ti.<\/p>\n<p class=\"MsoNormal\">&#8220;&#8221;Mazda&#8221; st\u0101sts s\u0101k jaunu noda\u013cu. Ar &#8220;Mazda6e&#8221; ien\u0101kam elektriskaj\u0101 laikmet\u0101, saglab\u0101jot to, kas vienm\u0113r bijis &#8220;Mazda&#8221; z\u012bmola centr\u0101 \u2013 saj\u016btu, harmoniju un kust\u012bbas skaistumu. &#8220;Mazda&#8221; vienm\u0113r ir bijusi vair\u0101k nek\u0101 tehnolo\u0123ija. T\u0101 ir vienot\u012bba starp cilv\u0113ku un vad\u0101m\u012bbu \u2013 filozofija, ko jap\u0101\u0146i d\u0113v\u0113 par &#8220;Jinba Ittai&#8221;,&#8221; skaidro &#8220;Mazda&#8221; autocentra direktors Uvis Braunfelds.<\/p>\n<p class=\"MsoNormal\">Tehniski &#8220;Mazda6e&#8221; pied\u0101v\u0101 aizmugures piedzi\u0146u ar 68,8 kWh akumulatoru, 258 ZS jaudu un l\u012bdz 479 km sniedzam\u012bbu (WLTP). \u0100tr\u0101 uzl\u0101de no 10% l\u012bdz 80% aiz\u0146em vien 24 min\u016btes (120 kW ar p\u012b\u0137i l\u012bdz 200 kW). No vietas l\u012bdz 100 km\/h &#8220;Mazda6e&#8221; pa\u0101trin\u0101s 7,6 sekund\u0113s, un t\u0101s maksim\u0101lais \u0101trums ir l\u012bdz pat 175 km\/h. Lai taup\u012btu akumulatora resursus, jau standarta apr\u012bkojum\u0101 ir iek\u013cauts siltums\u016bknis.<\/p>\n<p class=\"MsoNormal\">&#8220;Mazda6e&#8221; salon\u0101 domin\u0113 jap\u0101\u0146u dizaina princips &#8220;Ma&#8221; \u2013 telpas skaistums starp elementiem. Panor\u0101mas stikla jumts, tr\u012bs salona apdares varianti, 14 ska\u013cru\u0146u &#8220;Sony&#8221; audio sistema, k\u0101 ar\u012b bezvadu &#8220;Apple CarPlay&#8221; un &#8220;Android Auto&#8221; savienojam\u012bba. Ar &#8220;Mazda6e&#8221; lietotni iesp\u0113jams att\u0101lin\u0101ti kontrol\u0113t uzl\u0101di, klimatu, durvis un pat dal\u012bties ar digit\u0101lo atsl\u0113gu.<\/p>\n<p class=\"m-0\">Seko &#8220;Delfi&#8221; ar\u012b  <a target=\"_blank\" href=\"https:\/\/www.instagram.com\/delfi.lv\/\" rel=\"nofollow noopener\">Instagram<\/a>  un <a target=\"_blank\" href=\"https:\/\/www.youtube.com\/channel\/UCw5foWtcJvAbUm64rv7jwUQ\" rel=\"nofollow noopener\">YouTube<\/a>  profil\u0101 \u2013 pievienojies, lai uzzin\u0101tu svar\u012bg\u0101ko un interesant\u0101ko pirmais!<\/p>\n<p>Publik\u0101cijas saturs vai t\u0101s jebk\u0101da apjoma da\u013ca ir aizsarg\u0101ts autorties\u012bbu objekts Autorties\u012bbu likuma izpratn\u0113, un t\u0101 izmanto\u0161ana bez izdev\u0113ja at\u013caujas ir aizliegta. Vair\u0101k lasi  <a target=\"_blank\" href=\"https:\/\/www.delfi.lv\/noteikumi#autortiesibas\" rel=\"nofollow noopener\">\u0161eit<\/a><script async src=\"\/\/www.instagram.com\/embed.js\"><\/script><\/p>\n","protected":false},"excerpt":{"rendered":"Latvij\u0101 pirmizr\u0101di piedz\u012bvojis jaun\u0101kais &#8220;Mazda&#8221; elektroauto modelis \u2013 \u0101tri uzl\u0101d\u0113jams piecu durvju liftbeks &#8220;Mazda6e&#8221;. Tas apvieno kupejas est\u0113tiku&hellip;\n","protected":false},"author":2,"featured_media":32623,"comment_status":"","ping_status":"","sticky":false,"template":"","format":"standard","meta":{"footnotes":""},"categories":[16],"tags":[77,76,35,39,38,36,37,34,40,9776],"class_list":{"0":"post-32622","1":"post","2":"type-post","3":"status-publish","4":"format-standard","5":"has-post-thumbnail","7":"category-bizness","8":"tag-bizness","9":"tag-business","10":"tag-latvia","11":"tag-latvian","12":"tag-latviesu","13":"tag-latviesu-valoda","14":"tag-latviesuvaloda","15":"tag-latvija","16":"tag-lv","17":"tag-mazda"},"share_on_mastodon":{"url":"https:\/\/pubeurope.com\/@lv\/115446487653955890","error":""},"_links":{"self":[{"href":"https:\/\/www.europesays.com\/lv\/wp-json\/wp\/v2\/posts\/32622","targetHints":{"allow":["GET"]}}],"collection":[{"href":"https:\/\/www.europesays.com\/lv\/wp-json\/wp\/v2\/posts"}],"about":[{"href":"https:\/\/www.europesays.com\/lv\/wp-json\/wp\/v2\/types\/post"}],"author":[{"embeddable":true,"href":"https:\/\/www.europesays.com\/lv\/wp-json\/wp\/v2\/users\/2"}],"replies":[{"embeddable":true,"href":"https:\/\/www.europesays.com\/lv\/wp-json\/wp\/v2\/comments?post=32622"}],"version-history":[{"count":0,"href":"https:\/\/www.europesays.com\/lv\/wp-json\/wp\/v2\/posts\/32622\/revisions"}],"wp:featuredmedia":[{"embeddable":true,"href":"https:\/\/www.europesays.com\/lv\/wp-json\/wp\/v2\/media\/32623"}],"wp:attachment":[{"href":"https:\/\/www.europesays.com\/lv\/wp-json\/wp\/v2\/media?parent=32622"}],"wp:term":[{"taxonomy":"category","embeddable":true,"href":"https:\/\/www.europesays.com\/lv\/wp-json\/wp\/v2\/categories?post=32622"},{"taxonomy":"post_tag","embeddable":true,"href":"https:\/\/www.europesays.com\/lv\/wp-json\/wp\/v2\/tags?post=32622"}],"curies":[{"name":"wp","href":"https:\/\/api.w.org\/{rel}","templated":true}]}}