{"id":32624,"date":"2025-10-27T14:00:08","date_gmt":"2025-10-27T14:00:08","guid":{"rendered":"https:\/\/www.europesays.com\/lv\/32624\/"},"modified":"2025-10-27T14:00:08","modified_gmt":"2025-10-27T14:00:08","slug":"ogres-novada-pielagoti-majokli-cilvekiem-ar-invaliditati","status":"publish","type":"post","link":"https:\/\/www.europesays.com\/lv\/32624\/","title":{"rendered":"Ogres novad\u0101 piel\u0101goti m\u0101jok\u013ci cilv\u0113kiem ar invalidit\u0101ti"},"content":{"rendered":"<p>Ogres novada pa\u0161vald\u012bba \u012bsteno Eiropas Savien\u012bbas Atvese\u013co\u0161anas un notur\u012bbas meh\u0101nisma (ANM) projektu \u201cAtbalsta pas\u0101kumi cilv\u0113kiem ar invalidit\u0101ti m\u0101jok\u013cu vides pieejam\u012bbas nodro\u0161in\u0101\u0161anai Ogres novad\u0101\u201d, lai uzlabotu cilv\u0113ku ar kust\u012bbu trauc\u0113jumiem ikdienu, nodro\u0161inot \u0113rtu, dro\u0161u un pieejamu dz\u012bves vidi. Projekta ietvaros l\u012bdz \u0161im devi\u0146\u0101s m\u0101jviet\u0101s vis\u0101 Ogres novad\u0101 veikti b\u016btiski uzlabojumi, kas pal\u012bdz cilv\u0113kiem ar invalidit\u0101ti dz\u012bvot \u0113rt\u0101k, dro\u0161\u0101k un neatkar\u012bg\u0101k.<\/p>\n<p>Kas paveikts novad\u0101<\/p>\n<ul>\n<li>Ogr\u0113. Vair\u0101ki m\u0101jok\u013ci piel\u0101goti cilv\u0113kiem ar kust\u012bbu trauc\u0113jumiem: uzst\u0101d\u012bts kr\u0113sls-pac\u0113l\u0101js k\u0101pn\u0113m ar pagriezienu, p\u0101rb\u016bv\u0113tas vannas istabas, uzst\u0101d\u012bti pie sienas stiprin\u0101mi nolok\u0101mi du\u0161as kr\u0113sli ar regul\u0113jamu augstumu, papla\u0161in\u0101tas durvju ailes un pazemin\u0101ti sliek\u0161\u0146i. Telp\u0101s ier\u012bkotas atbalsta margas un satv\u0113rieni dro\u0161\u0101kai p\u0101rvieto\u0161anai un pa\u0161apr\u016bpei.<\/li>\n<li>\u0136egum\u0101. Veikta m\u0101jok\u013ca piel\u0101go\u0161ana personai ar kust\u012bbu trauc\u0113jumiem \u2013 uzst\u0101d\u012bta pacel\u0161anas ier\u012bce dro\u0161ai p\u0101rvieto\u0161anai un apr\u016bpei, p\u0101rb\u016bv\u0113ta vannas istaba, padarot to \u0113rt\u0101ku un dro\u0161\u0101ku lieto\u0161anai, k\u0101 ar\u012b izb\u016bv\u0113ta ietve ar marg\u0101m l\u012bdz pat v\u0101rtiem, lai cilv\u0113ks var\u0113tu patst\u0101v\u012bgi nok\u013c\u016bt l\u012bdz automa\u0161\u012bnai un p\u0101rvietoties ikdienas gait\u0101s.<\/li>\n<li>Lielv\u0101rd\u0113. Ier\u012bkots rati\u0146kr\u0113sla k\u0101pur\u0137\u0113\u017eu pac\u0113l\u0101js patst\u0101v\u012bgai p\u0101rvieto\u0161anai starp m\u0101jas l\u012bme\u0146iem, uzst\u0101d\u012bts du\u0161as kr\u0113sls un veikti iek\u0161telpu piel\u0101gojumi \u0113rt\u0101kai p\u0101rvieto\u0161anai.<\/li>\n<li>Taurup\u0113. Realiz\u0113ti pla\u0161\u0101ki m\u0101jok\u013ca piel\u0101go\u0161anas darbi \u2013 izb\u016bv\u0113ta jauna virtuve ar \u0113rtu piek\u013cuvi cilv\u0113kam ar kust\u012bbu trauc\u0113jumiem, uzst\u0101d\u012bta apkures kr\u0101sni\u0146a komfortabliem dz\u012bves apst\u0101k\u013ciem visa gada garum\u0101, piel\u0101gots sanit\u0101rais mezgls, papla\u0161in\u0101tas telpas un uzst\u0101d\u012bti atbalsta rokturi.<\/li>\n<li>Me\u0146\u0123el\u0113. Jauna pandusa izb\u016bve ar nesl\u012bdo\u0161u betona bru\u0123a segumu, apmal\u0113m un marg\u0101m, virtuves remonts un piel\u0101got\u0101s virtuves iek\u0101rtas izb\u016bve.<\/li>\n<\/ul>\n<p>Kopum\u0101 projekta laik\u0101 uzlabotos m\u0101jok\u013cos piel\u0101goti sanit\u0101rie mezgli, papla\u0161in\u0101tas durvju ailes, uzst\u0101d\u012bti pac\u0113l\u0101ji un pandusi, lai p\u0101rvieto\u0161an\u0101s b\u016btu dro\u0161\u0101ka un \u0113rt\u0101ka ikdien\u0101.<\/p>\n<p>Projekta \u012bstenot\u0101ji un finans\u0113jums<\/p>\n<p>Darbus asto\u0146os m\u0101jok\u013cos veica SIA \u201cMRG B\u016bve\u201d (l\u012bguma summa \u2013 144 350,31 EUR bez PVN). 2025. gada 13. oktobr\u012b parakst\u012bts darbu nodo\u0161anas \u2013pie\u0146em\u0161anas akts par l\u012bguma izpildi; izpild\u012bto darbu apjoms \u2013 144 055,97 EUR (bez PVN).<br \/>B\u016bvuzraudz\u012bbu nodro\u0161ina SIA \u201cProkrial\u201d (6 000 EUR bez PVN), autoruzraudz\u012bbu veica SIA \u201cI.Projekts\u201d, bet pac\u0113l\u0101ja pieg\u0101di Lielv\u0101rd\u0113 nodro\u0161in\u0101ja UAB \u201cAmedika\u201d.<\/p>\n<p>Projekta kop\u0113j\u0101s attiecin\u0101m\u0101s izmaksas \u2013 199 276,11 EUR, tostarp:<\/p>\n<ul>\n<li>164 691,00 EUR \u2013 Eiropas Savien\u012bbas Atvese\u013co\u0161anas un notur\u012bbas meh\u0101nisma finans\u0113jums;<\/li>\n<li>34 585,11 EUR \u2013 valsts bud\u017eeta l\u012bdzfinans\u0113jums.<\/li>\n<\/ul>\n<p>Katrs \u0161\u0101ds piel\u0101gojums b\u016btiski uzlabo cilv\u0113ka dz\u012bves kvalit\u0101ti \u2014 tas \u013cauj justies dro\u0161\u0101k, saglab\u0101t neatkar\u012bbu un iesp\u0113ju dz\u012bvot sav\u0101s m\u0101j\u0101s. Vienlaikus \u012bpa\u0161i svar\u012bgi ir tas, ka uzlabojas ar\u012b iesp\u0113ja br\u012bvi izk\u013c\u016bt no m\u0101jok\u013ca, piedal\u012bties sabiedriskaj\u0101 dz\u012bv\u0113 un saglab\u0101t akt\u012bvu saikni ar apk\u0101rt\u0113jo vidi. \u0160\u012b programma ir \u013coti noz\u012bm\u012bga ikvienam, kam nepiecie\u0161ams atbalsts ikdienas dz\u012bves apst\u0101k\u013cu un mobilit\u0101tes uzlabo\u0161anai.<\/p>\n","protected":false},"excerpt":{"rendered":"Ogres novada pa\u0161vald\u012bba \u012bsteno Eiropas Savien\u012bbas Atvese\u013co\u0161anas un notur\u012bbas meh\u0101nisma (ANM) projektu \u201cAtbalsta pas\u0101kumi cilv\u0113kiem ar invalidit\u0101ti m\u0101jok\u013cu&hellip;\n","protected":false},"author":2,"featured_media":32625,"comment_status":"","ping_status":"","sticky":false,"template":"","format":"standard","meta":{"footnotes":""},"categories":[12],"tags":[23,28,29,32,33,22,30,31,35,39,38,36,37,34,40,20,26,27,24,25,21],"class_list":{"0":"post-32624","1":"post","2":"type-post","3":"status-publish","4":"format-standard","5":"has-post-thumbnail","7":"category-latvija","8":"tag-aktualitates","9":"tag-breaking-news","10":"tag-breakingnews","11":"tag-featured-news","12":"tag-featurednews","13":"tag-headlines","14":"tag-latest-news","15":"tag-latestnews","16":"tag-latvia","17":"tag-latvian","18":"tag-latviesu","19":"tag-latviesu-valoda","20":"tag-latviesuvaloda","21":"tag-latvija","22":"tag-lv","23":"tag-news","24":"tag-popularakas-zinas","25":"tag-popularakaszinas","26":"tag-top-stories","27":"tag-topstories","28":"tag-zinas"},"share_on_mastodon":{"url":"https:\/\/pubeurope.com\/@lv\/115446495593898159","error":""},"_links":{"self":[{"href":"https:\/\/www.europesays.com\/lv\/wp-json\/wp\/v2\/posts\/32624","targetHints":{"allow":["GET"]}}],"collection":[{"href":"https:\/\/www.europesays.com\/lv\/wp-json\/wp\/v2\/posts"}],"about":[{"href":"https:\/\/www.europesays.com\/lv\/wp-json\/wp\/v2\/types\/post"}],"author":[{"embeddable":true,"href":"https:\/\/www.europesays.com\/lv\/wp-json\/wp\/v2\/users\/2"}],"replies":[{"embeddable":true,"href":"https:\/\/www.europesays.com\/lv\/wp-json\/wp\/v2\/comments?post=32624"}],"version-history":[{"count":0,"href":"https:\/\/www.europesays.com\/lv\/wp-json\/wp\/v2\/posts\/32624\/revisions"}],"wp:featuredmedia":[{"embeddable":true,"href":"https:\/\/www.europesays.com\/lv\/wp-json\/wp\/v2\/media\/32625"}],"wp:attachment":[{"href":"https:\/\/www.europesays.com\/lv\/wp-json\/wp\/v2\/media?parent=32624"}],"wp:term":[{"taxonomy":"category","embeddable":true,"href":"https:\/\/www.europesays.com\/lv\/wp-json\/wp\/v2\/categories?post=32624"},{"taxonomy":"post_tag","embeddable":true,"href":"https:\/\/www.europesays.com\/lv\/wp-json\/wp\/v2\/tags?post=32624"}],"curies":[{"name":"wp","href":"https:\/\/api.w.org\/{rel}","templated":true}]}}