{"id":32626,"date":"2025-10-27T14:01:09","date_gmt":"2025-10-27T14:01:09","guid":{"rendered":"https:\/\/www.europesays.com\/lv\/32626\/"},"modified":"2025-10-27T14:01:09","modified_gmt":"2025-10-27T14:01:09","slug":"vai-tos-demontet-vai-izmantot-vestures-stastisanai-lente-lv","status":"publish","type":"post","link":"https:\/\/www.europesays.com\/lv\/32626\/","title":{"rendered":"vai tos demont\u0113t vai izmantot v\u0113stures st\u0101st\u012b\u0161anai?\u00a0\u2014\u00a0Lente.lv"},"content":{"rendered":"<p>Diskusija par padomju mantojumu: demol\u0113t vai transform\u0113t?<\/p>\n<p>Latvij\u0101 un citviet Austrumeirop\u0101 joproj\u0101m aktu\u0101ls ir jaut\u0101jums par attieksmi pret padomju okup\u0101cijas mantojumu, \u012bpa\u0161i pieminek\u013ciem. Vai \u0161os objektus ir nepiecie\u0161ams piln\u012bb\u0101 demont\u0113t un izn\u012bcin\u0101t, vai tom\u0113r tos var\u0113tu izmantot, lai skaidrotu un izprastu v\u0113sturi? \u0160ie sare\u017e\u0123\u012btie un emocion\u0101li uzl\u0101d\u0113tie jaut\u0101jumi ir starptautisk\u0101s konferences &#8220;Padomju okup\u0101cijas pieminek\u013ci k\u0101 pretrun\u012bgi v\u0113rt\u0113tais mantojums&#8221; centr\u0101. Konference, kas notiek Latvijas M\u0101kslas akad\u0113mij\u0101, pulc\u0113 ekspertus, kuri mekl\u0113 atbildes un dal\u0101s pieredz\u0113 par to, k\u0101 cit\u0101s Austrumeiropas valst\u012bs tiek gal\u0101 ar \u0161o s\u0101p\u012bgo mantojumu.<\/p>\n<p>V\u0113stures smagums un m\u016bsdienu izaicin\u0101jumi<\/p>\n<p>Padomju laika pieminek\u013ci Latvij\u0101 bie\u017ei vien izraisa sp\u0113c\u012bgas emocijas un atg\u0101dina par smagiem v\u0113stures posmiem, okup\u0101cijas laiku un represij\u0101m. Daudziem tie ir simboli apspiest\u012bbai un zaud\u0113jumiem, t\u0101p\u0113c lo\u0123iska \u0161\u0137iet v\u0113lme tos nov\u0101kt no publisk\u0101s telpas. Tom\u0113r ne maz\u0101k svar\u012bgs ir ar\u012b jaut\u0101jums par v\u0113stures saglab\u0101\u0161anu un izpratni. Vai piln\u012bga aizmirst\u012bba un izn\u012bcin\u0101\u0161ana ir lab\u0101kais veids, k\u0101 tikt gal\u0101 ar pag\u0101tni? Vai tie\u0161i \u0161ie objekti, lai cik s\u0101p\u012bgi tie b\u016btu, var\u0113tu kalpot k\u0101 m\u0101c\u012bbu l\u012bdzeklis, pal\u012bdzot jaunaj\u0101m paaudz\u0113m izprast padomju laika realit\u0101tes, totalit\u0101r\u0101s ideolo\u0123ijas ietekmi un t\u0101s sekas?<\/p>\n<p>Austrumeiropas pieredze: at\u0161\u0137ir\u012bgi ce\u013ci un kop\u012bgas probl\u0113mas<\/p>\n<p>Konferenc\u0113 tiek p\u0113t\u012bta ar\u012b citu Austrumeiropas valstu pieredze. Vai ir k\u0101di univers\u0101li risin\u0101jumi, vai katrai valstij j\u0101iet savs ce\u013c\u0161? Piem\u0113ram, Lietuva un Igaunija ir veiku\u0161as radik\u0101lus so\u013cus, demont\u0113jot liel\u0101ko da\u013cu padomju laika pieminek\u013cu. Savuk\u0101rt Polij\u0101 un cit\u0101s valst\u012bs ir izveidoti speci\u0101li parki un muzeji, kur \u0161ie pieminek\u013ci tiek saglab\u0101ti un ekspon\u0113ti k\u0101 v\u0113sturiskas liec\u012bbas, rosinot diskusiju par to noz\u012bmi un vietu m\u016bsdienu sabiedr\u012bb\u0101. \u0160\u0101ds transform\u0101cijas process, lai gan sare\u017e\u0123\u012bts, \u013cauj sabiedr\u012bbai konfront\u0113t ar pag\u0101tni, analiz\u0113t t\u0101s da\u017e\u0101d\u0101s \u0161\u0137autnes un veidot cie\u0146pilnu attieksmi pret v\u0113stures mantojumu, neizdz\u0113\u0161ot to.<\/p>\n<p>V\u0113sture k\u0101 instruments, nevis aps\u016bdz\u012bba<\/p>\n<p>Ir svar\u012bgi atcer\u0113ties, ka pieminek\u013ci nav tikai akmens vai met\u0101ls; tie ir st\u0101sti, atmi\u0146as un ideolo\u0123ijas nes\u0113ji. Jaut\u0101jums nav par to, vai piemin\u0113t padomju laiku, bet gan par to, k\u0101 to dar\u012bt. Vai to dar\u012bt ar nol\u016bku glorific\u0113t un idealiz\u0113t, vai tom\u0113r ar m\u0113r\u0137i atspogu\u013cot t\u0101laika realit\u0101tes un cilv\u0113cisko pieredzi, ieskaitot cie\u0161anas un pretest\u012bbu. Da\u017ei eksperti uzsver, ka sabiedr\u012bbai ir nepiecie\u0161ams rad\u012bt telpas, kur\u0101s var notikt atkl\u0101ta un god\u012bga diskusija par \u0161iem sare\u017e\u0123\u012btajiem jaut\u0101jumiem. \u0160\u0101das telpas var\u0113tu pal\u012bdz\u0113t veidot dzi\u013c\u0101ku izpratni par pag\u0101tni un t\u0101s ietekmi uz m\u016bsdien\u0101m, nevis aizmirst vai noliedz s\u0101p\u012bgos faktus.<\/p>\n<p>Transform\u0101cijas iesp\u0113jas un sabiedr\u012bbas iesaiste<\/p>\n<p>Viens no interesant\u0101kajiem aspekts konferenc\u0113 ir idejas par padomju pieminek\u013cu transform\u0101ciju. Tas var\u0113tu ietvert ne tikai to p\u0101rvieto\u0161anu uz muzejiem, bet ar\u012b to p\u0101rveido\u0161anu, pievienojot jaunas noz\u012bmes vai interpret\u0101cijas. Piem\u0113ram, piemineklis var\u0113tu k\u013c\u016bt par da\u013cu no m\u0101kslas instal\u0101cijas, kas kritiz\u0113 totalit\u0101r\u0101s sist\u0113mas, vai par vietu, kur\u0101 tiek st\u0101st\u012bti cilv\u0113ku person\u012bgie st\u0101sti no padomju laika. \u0160\u0101di transform\u0101cijas projekti prasa rado\u0161umu, drosmi un, protams, sabiedr\u012bbas iesaisti. Svar\u012bgi ir rad\u012bt dialogu starp da\u017e\u0101d\u0101m sabiedr\u012bbas grup\u0101m, lai rastu risin\u0101jumus, kas ir pie\u0146emami un iek\u013caujo\u0161i.<\/p>\n<p>Ce\u013c\u0161 uz priek\u0161u: izpratne un miers<\/p>\n<p>Starptautisk\u0101 konference &#8220;Padomju okup\u0101cijas pieminek\u013ci k\u0101 pretrun\u012bgi v\u0113rt\u0113tais mantojums&#8221; ir svar\u012bgs solis ce\u013c\u0101 uz padomju mantojuma sapratni Latvij\u0101 un pla\u0161\u0101k\u0101 kontekst\u0101. T\u0101 pied\u0101v\u0101 platformu da\u017e\u0101du viedok\u013cu apmai\u0146ai un mekl\u0113\u0161anu p\u0113c konstrukt\u012bviem risin\u0101jumiem. Galu gal\u0101, m\u0113r\u0137is ir nevis izdz\u0113st pag\u0101tni, bet gan izprast to, lai sp\u0113tu veidot vesel\u012bg\u0101ku un mier\u012bg\u0101ku n\u0101kotni, kur\u0101 v\u0113stures smagums netrauc\u0113 att\u012bst\u012bbai. Tas ir ilgs un gr\u016bts process, bet diskusija, ko rosin\u0101jusi \u0161\u012b konference, ir nepiecie\u0161ama, lai virz\u012btos uz priek\u0161u.<\/p>\n","protected":false},"excerpt":{"rendered":"Diskusija par padomju mantojumu: demol\u0113t vai transform\u0113t? Latvij\u0101 un citviet Austrumeirop\u0101 joproj\u0101m aktu\u0101ls ir jaut\u0101jums par attieksmi pret&hellip;\n","protected":false},"author":2,"featured_media":32627,"comment_status":"","ping_status":"","sticky":false,"template":"","format":"standard","meta":{"footnotes":""},"categories":[5],"tags":[23,9778,28,29,32,33,22,30,31,35,39,38,36,37,34,40,1270,20,9777,26,27,24,25,293,21],"class_list":{"0":"post-32626","1":"post","2":"type-post","3":"status-publish","4":"format-standard","5":"has-post-thumbnail","7":"category-aktualitates","8":"tag-aktualitates","9":"tag-austrumeiropa","10":"tag-breaking-news","11":"tag-breakingnews","12":"tag-featured-news","13":"tag-featurednews","14":"tag-headlines","15":"tag-latest-news","16":"tag-latestnews","17":"tag-latvia","18":"tag-latvian","19":"tag-latviesu","20":"tag-latviesu-valoda","21":"tag-latviesuvaloda","22":"tag-latvija","23":"tag-lv","24":"tag-mantojums","25":"tag-news","26":"tag-padomju-pieminekli","27":"tag-popularakas-zinas","28":"tag-popularakaszinas","29":"tag-top-stories","30":"tag-topstories","31":"tag-vesture","32":"tag-zinas"},"share_on_mastodon":{"url":"https:\/\/pubeurope.com\/@lv\/115446499514242984","error":""},"_links":{"self":[{"href":"https:\/\/www.europesays.com\/lv\/wp-json\/wp\/v2\/posts\/32626","targetHints":{"allow":["GET"]}}],"collection":[{"href":"https:\/\/www.europesays.com\/lv\/wp-json\/wp\/v2\/posts"}],"about":[{"href":"https:\/\/www.europesays.com\/lv\/wp-json\/wp\/v2\/types\/post"}],"author":[{"embeddable":true,"href":"https:\/\/www.europesays.com\/lv\/wp-json\/wp\/v2\/users\/2"}],"replies":[{"embeddable":true,"href":"https:\/\/www.europesays.com\/lv\/wp-json\/wp\/v2\/comments?post=32626"}],"version-history":[{"count":0,"href":"https:\/\/www.europesays.com\/lv\/wp-json\/wp\/v2\/posts\/32626\/revisions"}],"wp:featuredmedia":[{"embeddable":true,"href":"https:\/\/www.europesays.com\/lv\/wp-json\/wp\/v2\/media\/32627"}],"wp:attachment":[{"href":"https:\/\/www.europesays.com\/lv\/wp-json\/wp\/v2\/media?parent=32626"}],"wp:term":[{"taxonomy":"category","embeddable":true,"href":"https:\/\/www.europesays.com\/lv\/wp-json\/wp\/v2\/categories?post=32626"},{"taxonomy":"post_tag","embeddable":true,"href":"https:\/\/www.europesays.com\/lv\/wp-json\/wp\/v2\/tags?post=32626"}],"curies":[{"name":"wp","href":"https:\/\/api.w.org\/{rel}","templated":true}]}}