{"id":32631,"date":"2025-10-27T14:06:07","date_gmt":"2025-10-27T14:06:07","guid":{"rendered":"https:\/\/www.europesays.com\/lv\/32631\/"},"modified":"2025-10-27T14:06:07","modified_gmt":"2025-10-27T14:06:07","slug":"tas-nedriksteja-notikt-prezidents-par-bauskas-puse-nosautajiem-suniem","status":"publish","type":"post","link":"https:\/\/www.europesays.com\/lv\/32631\/","title":{"rendered":"&#8220;Tas nedr\u012bkst\u0113ja notikt.&#8221; Prezidents par Bauskas pus\u0113 no\u0161autajiem su\u0146iem"},"content":{"rendered":"<p>Rink\u0113vi\u010ds apstiprina, ka seko l\u012bdzi notikumiem. Kad pien\u0101ca zi\u0146as par notiku\u0161o, vi\u0146a padomnieki sazin\u0101ju\u0161ies ar su\u0146u saimnieku Modri Konovalovu un Bauskas pa\u0161vald\u012bbu.<\/p>\n<p>Prezidenta ieskat\u0101, j\u0101notiek objekt\u012bvai, skaidrai izmekl\u0113\u0161anai un atbild\u012bgajiem ir j\u0101sa\u0146em sods. Prezidents rosina sabiedr\u012bbu apst\u0101ties un padom\u0101t, k\u0101 r\u012bkojamies, ko rakst\u0101m un k\u0101 uzvedamies. &#8220;Ja Saeima lemtu par stingr\u0101kiem dz\u012bvnieku aizsardz\u012bbas noteikumiem, varb\u016bt iero\u010du lieto\u0161anas un tur\u0113\u0161anas noteikumiem, \u0161\u0101da veida groz\u012bjumi manu atbalstu g\u016btu,&#8221; apstirpina Rink\u0113vi\u010ds.<\/p>\n<p>&#8220;Tas, kas notika \u2013 nedr\u012bkst\u0113ja notikt. Un tam ar\u012b nevajadz\u0113ja notikt. Bet notiku\u0161ais par\u0101da, cik \u013coti liela agresija m\u016bsu sabiedr\u012bb\u0101 \u0161obr\u012bd ir vis\u0101s jom\u0101s. Pret dz\u012bvniekiem, savstarp\u0113ji,&#8221; pau\u017e prezidents.<\/p>\n","protected":false},"excerpt":{"rendered":"Rink\u0113vi\u010ds apstiprina, ka seko l\u012bdzi notikumiem. Kad pien\u0101ca zi\u0146as par notiku\u0161o, vi\u0146a padomnieki sazin\u0101ju\u0161ies ar su\u0146u saimnieku Modri&hellip;\n","protected":false},"author":2,"featured_media":32632,"comment_status":"","ping_status":"","sticky":false,"template":"","format":"standard","meta":{"footnotes":""},"categories":[12],"tags":[23,6548,28,29,816,32,33,22,30,31,35,39,38,36,37,34,40,6072,20,26,27,24,25,5944,21],"class_list":{"0":"post-32631","1":"post","2":"type-post","3":"status-publish","4":"format-standard","5":"has-post-thumbnail","7":"category-latvija","8":"tag-aktualitates","9":"tag-bauska","10":"tag-breaking-news","11":"tag-breakingnews","12":"tag-edgars-rinkevics","13":"tag-featured-news","14":"tag-featurednews","15":"tag-headlines","16":"tag-latest-news","17":"tag-latestnews","18":"tag-latvia","19":"tag-latvian","20":"tag-latviesu","21":"tag-latviesu-valoda","22":"tag-latviesuvaloda","23":"tag-latvija","24":"tag-lv","25":"tag-modris-konovalovs","26":"tag-news","27":"tag-popularakas-zinas","28":"tag-popularakaszinas","29":"tag-top-stories","30":"tag-topstories","31":"tag-vardarbiba-pret-dzivniekiem","32":"tag-zinas"},"share_on_mastodon":{"url":"https:\/\/pubeurope.com\/@lv\/115446519131695908","error":""},"_links":{"self":[{"href":"https:\/\/www.europesays.com\/lv\/wp-json\/wp\/v2\/posts\/32631","targetHints":{"allow":["GET"]}}],"collection":[{"href":"https:\/\/www.europesays.com\/lv\/wp-json\/wp\/v2\/posts"}],"about":[{"href":"https:\/\/www.europesays.com\/lv\/wp-json\/wp\/v2\/types\/post"}],"author":[{"embeddable":true,"href":"https:\/\/www.europesays.com\/lv\/wp-json\/wp\/v2\/users\/2"}],"replies":[{"embeddable":true,"href":"https:\/\/www.europesays.com\/lv\/wp-json\/wp\/v2\/comments?post=32631"}],"version-history":[{"count":0,"href":"https:\/\/www.europesays.com\/lv\/wp-json\/wp\/v2\/posts\/32631\/revisions"}],"wp:featuredmedia":[{"embeddable":true,"href":"https:\/\/www.europesays.com\/lv\/wp-json\/wp\/v2\/media\/32632"}],"wp:attachment":[{"href":"https:\/\/www.europesays.com\/lv\/wp-json\/wp\/v2\/media?parent=32631"}],"wp:term":[{"taxonomy":"category","embeddable":true,"href":"https:\/\/www.europesays.com\/lv\/wp-json\/wp\/v2\/categories?post=32631"},{"taxonomy":"post_tag","embeddable":true,"href":"https:\/\/www.europesays.com\/lv\/wp-json\/wp\/v2\/tags?post=32631"}],"curies":[{"name":"wp","href":"https:\/\/api.w.org\/{rel}","templated":true}]}}