{"id":32639,"date":"2025-10-27T14:13:12","date_gmt":"2025-10-27T14:13:12","guid":{"rendered":"https:\/\/www.europesays.com\/lv\/32639\/"},"modified":"2025-10-27T14:13:12","modified_gmt":"2025-10-27T14:13:12","slug":"atbrivotie-ukrainu-civiliedzivotaji-dalas-sapigajas-liecibas-lente-lv","status":"publish","type":"post","link":"https:\/\/www.europesays.com\/lv\/32639\/","title":{"rendered":"Atbr\u012bvotie ukrai\u0146u civiliedz\u012bvot\u0101ji dal\u0101s s\u0101p\u012bgaj\u0101s liec\u012bb\u0101s\u00a0\u2014\u00a0Lente.lv"},"content":{"rendered":"<p>Tra\u0123isk\u0101s liec\u012bbas no Krievijas g\u016bsta<\/p>\n<p>Pirms pieciem m\u0113ne\u0161iem no Krievijas g\u016bsta atbr\u012bvotais ukrai\u0146u civiliedz\u012bvot\u0101js Oleksandrs Solod\u010denko dal\u0101s skaudr\u0101 pieredz\u0113, kas vi\u0146am tr\u012bs gadus n\u0101cies p\u0101rciest Krievijas ieslodz\u012bjum\u0101. &#8220;Bija \u013coti smagi. Da\u017ei v\u012bri neiztur\u0113ja \u2013 sajuka pr\u0101t\u0101, da\u017eu vairs nav. M\u016bsu kamer\u0101 \u010detri cilv\u0113ki man\u0101 kl\u0101tb\u016btn\u0113 nomira,&#8221; st\u0101sta Oleksandrs, pau\u017eot dzi\u013cu s\u0101pi par piedz\u012bvoto. Vi\u0146a un citu atbr\u012bvoto civiliedz\u012bvot\u0101ju st\u0101sti atkl\u0101j Krievijas g\u016bst\u0101 piedz\u012bvot\u0101s cie\u0161anas, kas m\u0113r\u0101mas fizisk\u0101 un psiholo\u0123isk\u0101 vardarb\u012bb\u0101, bad\u0101 un bezcer\u012bb\u0101. Latvijas Radio korespondentei Ukrain\u0101 Indrai Sprancei bija unik\u0101la iesp\u0113ja aprun\u0101ties ar diviem no \u0161\u012b elles elles izk\u013cuvu\u0161iem cilv\u0113kiem, lai atkl\u0101tu \u0161\u012bs dr\u016bm\u0101s paties\u012bbas. P\u0113c sabiedrisko organiz\u0101ciju apl\u0113s\u0113m, Krievijas g\u016bst\u0101 joproj\u0101m atrodas vair\u0101k nek\u0101 2000 Ukrainas civiliedz\u012bvot\u0101ju, tostarp ar\u012b desmitiem \u017eurn\u0101listu un mediju darbinieku. Atbr\u012bvoto liec\u012bbas ir skaudras \u2013 t\u0101s atkl\u0101j fizisku un psiholo\u0123isku vardarb\u012bbu, elektro\u0161oka izmanto\u0161anu un bada moc\u012bbas.<\/p>\n<p>Skaudr\u0101 realit\u0101te g\u016bst\u0101<\/p>\n<p>Oleksandra Solod\u010denko tr\u012bs gadu pieredze Krievijas g\u016bst\u0101 ir spilgts piem\u0113rs tam, cik ne\u017e\u0113l\u012bgi un necilv\u0113c\u012bgi var b\u016bt ieslodz\u012bjuma apst\u0101k\u013ci. &#8220;Es vi\u0146iem teicu, ka esmu civilais, bet vi\u0146i man netic\u0113ja,&#8221; st\u0101sta Oleksandrs, aprakstot s\u0101kuma posmu, kad jau vi\u0146a identit\u0101te tika ap\u0161aub\u012bta. Vi\u0146a pieredze ir tikai viena no daudz\u0101m, kas atkl\u0101j sist\u0113misku vardarb\u012bbu un degrad\u0113jo\u0161u attieksmi pret ieslodz\u012btajiem. Lai gan prec\u012bzs cietu\u0161o skaits nav zin\u0101ms, ir skaidrs, ka t\u016bksto\u0161iem ukrai\u0146u civiliedz\u012bvot\u0101ju joproj\u0101m atrodas Krievijas kontrol\u0113, gaidot atbr\u012bvo\u0161anu vai saskaroties ar v\u0113l nepieredz\u0113t\u0101m cie\u0161an\u0101m. Eiropas Cilv\u0113kties\u012bbu tiesa (ECT) ir konstat\u0113jusi, ka Krievija ir p\u0101rk\u0101pusi starptautisk\u0101s ties\u012bbas Ukrain\u0101, un ir atbild\u012bga par cilv\u0113kties\u012bbu p\u0101rk\u0101pumiem. Tom\u0113r \u0161ie spriedumi nenodro\u0161ina t\u016bl\u012bt\u0113ju atbr\u012bvo\u0161anu un atvieglojumu cietu\u0161ajiem, kuri joproj\u0101m izcie\u0161 savu nelaimi Krievijas g\u016bst\u0101.<\/p>\n<p>Traumatiski p\u0101rdz\u012bvojumi un to sekas<\/p>\n<p>Atbr\u012bvotie civiliedz\u012bvot\u0101ji bie\u017ei vien ir pak\u013cauti nopietn\u0101m fizisk\u0101m un psiholo\u0123isk\u0101m traum\u0101m, kas prasa ilgsto\u0161u rehabilit\u0101ciju. Daudzi no vi\u0146iem ir piedz\u012bvoju\u0161i sp\u012bdzin\u0101\u0161anu, sitienus, elektro\u0161oku un citas ne\u017e\u0113l\u012bgas iztur\u0113\u0161an\u0101s formas. \u0160\u012bs pieredzes atst\u0101j dzi\u013cas r\u0113tas ne tikai uz \u0137erme\u0146a, bet ar\u012b uz dv\u0113seles. &#8220;Ziniet, k\u0101d\u0101 br\u012bd\u012b es vienk\u0101r\u0161i p\u0101rst\u0101ju jaut\u0101t cilv\u0113kiem, ko vi\u0146i p\u0101rdz\u012bvo, jo, dzirdot visus \u0161os st\u0101stus par sp\u012bdzin\u0101\u0161anu, psiholo\u0123isko spiedienu un t\u0101 t\u0101l\u0101k, ir \u013coti gr\u016bti to vairs iztur\u0113t. Un katrs st\u0101sts ir gan l\u012bdz\u012bgs, gan unik\u0101ls pats par sevi,&#8221; atkl\u0101j k\u0101ds no atbr\u012bvotajiem. \u0160\u012bs liec\u012bbas ir skarbs atg\u0101din\u0101jums par konflikta necilv\u0113c\u012bbu un nepiecie\u0161am\u012bbu p\u0113c starptautisk\u0101s sabiedr\u012bbas iesaist\u012b\u0161an\u0101s, lai nov\u0113rstu turpm\u0101kus cilv\u0113kties\u012bbu p\u0101rk\u0101pumus. Lai gan Ukrainas varasiest\u0101des ir atbr\u012bvoju\u0161as vair\u0101k nek\u0101 3300 ukrai\u0146u no Krievijas g\u016bsta, daudzi t\u016bksto\u0161i joproj\u0101m ir ieslodz\u012bjum\u0101.<\/p>\n<p>Cer\u012bba uz atbr\u012bvo\u0161anu un atgrie\u0161anos m\u0101j\u0101s<\/p>\n<p>Neskatoties uz \u0161ausmino\u0161ajiem p\u0101rdz\u012bvojumiem, atbr\u012bvotie civiliedz\u012bvot\u0101ji pau\u017e cer\u012bbu uz lab\u0101ku n\u0101kotni un Ukrainas uzvaru. Vi\u0146i uzsver, ka svar\u012bgi ir nezaud\u0113t tic\u012bbu un turpin\u0101t c\u012bn\u012bties par savu br\u012bv\u012bbu un neatkar\u012bbu. &#8220;Se\u0161us gadus biju ell\u0113, ko v\u0101rdiem nevar aprakst\u012bt. Bet es zin\u0101ju, ka man ir dzimtene, cilv\u0113ki, kam r\u016bpu, un mana meita,&#8221; st\u0101sta viena no atbr\u012bvotaj\u0101m, uzsverot savas \u0123imenes noz\u012bmi un motiv\u0101ciju izdz\u012bvot. Ukrainas sabiedr\u012bba un t\u0101s vad\u012bba nezaud\u0113 cer\u012bbu un turpina str\u0101d\u0101t, lai atg\u016btu visus savus pilso\u0146us no Krievijas g\u016bsta. Likumdo\u0161anas pas\u0101kumi, piem\u0113ram, Ukrainas civiliedz\u012bvot\u0101ju atbalsta likums, tiek pie\u0146emti, lai sniegtu pagaidu aizsardz\u012bbu un atbalstu Ukrainas civiliedz\u012bvot\u0101jiem Latvij\u0101. \u0160ie pas\u0101kumi ir svar\u012bgs solis ce\u013c\u0101 uz atjaunotu cer\u012bbu un stabilit\u0101ti tiem, kuri ir cietu\u0161i no kara ne\u017e\u0113l\u012bbas. Starp atbr\u012bvotajiem ir ar\u012b priesteri, Krimas tat\u0101ru p\u0101rst\u0101vji un citi sabiedr\u012bbas p\u0101rst\u0101vji, kuri sav\u0101 veid\u0101 ir pretoju\u0161ies agresoram. Vi\u0146u st\u0101sti ir apliecin\u0101jums Ukrainas tautas neizmirstamajai garam un c\u012b\u0146ai par savu valsti.<\/p>\n","protected":false},"excerpt":{"rendered":"Tra\u0123isk\u0101s liec\u012bbas no Krievijas g\u016bsta Pirms pieciem m\u0113ne\u0161iem no Krievijas g\u016bsta atbr\u012bvotais ukrai\u0146u civiliedz\u012bvot\u0101js Oleksandrs Solod\u010denko dal\u0101s skaudr\u0101&hellip;\n","protected":false},"author":2,"featured_media":32640,"comment_status":"","ping_status":"","sticky":false,"template":"","format":"standard","meta":{"footnotes":""},"categories":[5],"tags":[23,28,29,9788,32,33,22,7534,9785,30,31,35,39,38,36,37,34,40,20,26,27,9787,24,25,9786,21],"class_list":{"0":"post-32639","1":"post","2":"type-post","3":"status-publish","4":"format-standard","5":"has-post-thumbnail","7":"category-aktualitates","8":"tag-aktualitates","9":"tag-breaking-news","10":"tag-breakingnews","11":"tag-cilvektiesibu-parkapumi","12":"tag-featured-news","13":"tag-featurednews","14":"tag-headlines","15":"tag-kara-noziegumi","16":"tag-krievijas-gusts","17":"tag-latest-news","18":"tag-latestnews","19":"tag-latvia","20":"tag-latvian","21":"tag-latviesu","22":"tag-latviesu-valoda","23":"tag-latviesuvaloda","24":"tag-latvija","25":"tag-lv","26":"tag-news","27":"tag-popularakas-zinas","28":"tag-popularakaszinas","29":"tag-spidzinasana","30":"tag-top-stories","31":"tag-topstories","32":"tag-ukrainas-civiliedzivotaji","33":"tag-zinas"},"share_on_mastodon":{"url":"https:\/\/pubeurope.com\/@lv\/115446546738294440","error":""},"_links":{"self":[{"href":"https:\/\/www.europesays.com\/lv\/wp-json\/wp\/v2\/posts\/32639","targetHints":{"allow":["GET"]}}],"collection":[{"href":"https:\/\/www.europesays.com\/lv\/wp-json\/wp\/v2\/posts"}],"about":[{"href":"https:\/\/www.europesays.com\/lv\/wp-json\/wp\/v2\/types\/post"}],"author":[{"embeddable":true,"href":"https:\/\/www.europesays.com\/lv\/wp-json\/wp\/v2\/users\/2"}],"replies":[{"embeddable":true,"href":"https:\/\/www.europesays.com\/lv\/wp-json\/wp\/v2\/comments?post=32639"}],"version-history":[{"count":0,"href":"https:\/\/www.europesays.com\/lv\/wp-json\/wp\/v2\/posts\/32639\/revisions"}],"wp:featuredmedia":[{"embeddable":true,"href":"https:\/\/www.europesays.com\/lv\/wp-json\/wp\/v2\/media\/32640"}],"wp:attachment":[{"href":"https:\/\/www.europesays.com\/lv\/wp-json\/wp\/v2\/media?parent=32639"}],"wp:term":[{"taxonomy":"category","embeddable":true,"href":"https:\/\/www.europesays.com\/lv\/wp-json\/wp\/v2\/categories?post=32639"},{"taxonomy":"post_tag","embeddable":true,"href":"https:\/\/www.europesays.com\/lv\/wp-json\/wp\/v2\/tags?post=32639"}],"curies":[{"name":"wp","href":"https:\/\/api.w.org\/{rel}","templated":true}]}}