{"id":32712,"date":"2025-10-27T15:39:07","date_gmt":"2025-10-27T15:39:07","guid":{"rendered":"https:\/\/www.europesays.com\/lv\/32712\/"},"modified":"2025-10-27T15:39:07","modified_gmt":"2025-10-27T15:39:07","slug":"de-bruine-iedzivojies-smaga-savainojuma","status":"publish","type":"post","link":"https:\/\/www.europesays.com\/lv\/32712\/","title":{"rendered":"De Bruine iedz\u012bvojies smag\u0101 savainojum\u0101"},"content":{"rendered":"<p>Divu pag\u0101ju\u0161\u0101s sezonas lab\u0101ko It\u0101lijas \u010dempion\u0101ta komandu c\u012b\u0146\u0101 &#8220;Napoli&#8221; sestdien sav\u0101 laukum\u0101 ar 3:1 pieveica Mil\u0101nas &#8220;Inter&#8221; un atgriez\u0101s It\u0101lijas A s\u0113rijas futbola \u010dempion\u0101ta turn\u012bra tabulas galvgal\u012b.<\/p>\n<p>33. min\u016bt\u0113 de Bruine realiz\u0113ja 11 metru soda sitienu, bet p\u0113c soda sitiena sa\u0137\u0113ra lab\u0101s k\u0101jas aug\u0161stilba aizmuguri un p\u0113c \u010detr\u0101m min\u016bt\u0113m savainojuma d\u0113\u013c tika nomain\u012bts.<\/p>\n<p>Divi medic\u012bnas darbinieki pal\u012bdz\u0113ja Be\u013c\u0123ijas izlases futbolistam noiet no laukuma. V\u0113l\u0101k vi\u0146\u0161 ar kru\u0137iem pie rokas s\u0113d\u0113ja uz rezervistu soli\u0146a.<\/p>\n<p>&#8220;P\u0113c traumas, kas tika g\u016bta sp\u0113l\u0113 ar &#8220;Inter&#8221;, de Bruinem tika veiktas p\u0101rbaudes &#8220;Pineta Grande&#8221; slimn\u012bc\u0101, un taj\u0101s tika konstat\u0113ts augstas pak\u0101pes boj\u0101jums lab\u0101s k\u0101jas aug\u0161stilba bicepsa muskul\u012b,&#8221; teikts &#8220;Napoli&#8221; pirmdienas pazi\u0146ojum\u0101.<\/p>\n<blockquote class=\"quote ck-widget\" contenteditable=\"false\">\n<p>&#8220;Sp\u0113l\u0113t\u0101js jau ir uzs\u0101cis rehabilit\u0101cijas procesu,&#8221; teikts pazi\u0146ojum\u0101.<\/p>\n<\/blockquote>\n<p>Tiek prognoz\u0113ts, ka futbolists laukum\u0101 atgriez\u012bsies janv\u0101r\u012b.<\/p>\n<p>Realiz\u0113tais soda sitiens de Bruines g\u016bto v\u0101rtu skaitu asto\u0146\u0101s \u0161\u012bs sezonas A s\u0113rijas sp\u0113l\u0113s palielin\u0101ja l\u012bdz \u010detriem.<\/p>\n<p>\u0160\u012b zi\u0146a skars ar\u012b Be\u013c\u0123ijas izlasi, kurai n\u0101kamaj\u0101 m\u0113nes\u012b b\u016bs svar\u012bgas Pasaules kausa kvalifik\u0101cijas sp\u0113les. De Bruine p\u0113d\u0113j\u0101s piec\u0101s sp\u0113l\u0113s savas valsts izlas\u0113 ir guvis se\u0161us v\u0101rtus.<\/p>\n<p>P\u0113c asto\u0146\u0101m sp\u0113l\u0113m &#8220;Napoli&#8221; ir 18 un &#8220;AC Milan&#8221; &#8211; 17 punkti. 15 punkti ir &#8220;AS Roma&#8221; septi\u0146\u0101s sp\u0113l\u0113s un &#8220;Inter&#8221; asto\u0146os ma\u010dos.<\/p>\n","protected":false},"excerpt":{"rendered":"Divu pag\u0101ju\u0161\u0101s sezonas lab\u0101ko It\u0101lijas \u010dempion\u0101ta komandu c\u012b\u0146\u0101 &#8220;Napoli&#8221; sestdien sav\u0101 laukum\u0101 ar 3:1 pieveica Mil\u0101nas &#8220;Inter&#8221; un&hellip;\n","protected":false},"author":2,"featured_media":32713,"comment_status":"","ping_status":"","sticky":false,"template":"","format":"standard","meta":{"footnotes":""},"categories":[17],"tags":[673,9802,35,39,38,36,37,34,40,9801,67],"class_list":{"0":"post-32712","1":"post","2":"type-post","3":"status-publish","4":"format-standard","5":"has-post-thumbnail","7":"category-sports","8":"tag-a-serija","9":"tag-kevins-de-bruine","10":"tag-latvia","11":"tag-latvian","12":"tag-latviesu","13":"tag-latviesu-valoda","14":"tag-latviesuvaloda","15":"tag-latvija","16":"tag-lv","17":"tag-napoli","18":"tag-sports"},"share_on_mastodon":{"url":"https:\/\/pubeurope.com\/@lv\/115446884805959394","error":""},"_links":{"self":[{"href":"https:\/\/www.europesays.com\/lv\/wp-json\/wp\/v2\/posts\/32712","targetHints":{"allow":["GET"]}}],"collection":[{"href":"https:\/\/www.europesays.com\/lv\/wp-json\/wp\/v2\/posts"}],"about":[{"href":"https:\/\/www.europesays.com\/lv\/wp-json\/wp\/v2\/types\/post"}],"author":[{"embeddable":true,"href":"https:\/\/www.europesays.com\/lv\/wp-json\/wp\/v2\/users\/2"}],"replies":[{"embeddable":true,"href":"https:\/\/www.europesays.com\/lv\/wp-json\/wp\/v2\/comments?post=32712"}],"version-history":[{"count":0,"href":"https:\/\/www.europesays.com\/lv\/wp-json\/wp\/v2\/posts\/32712\/revisions"}],"wp:featuredmedia":[{"embeddable":true,"href":"https:\/\/www.europesays.com\/lv\/wp-json\/wp\/v2\/media\/32713"}],"wp:attachment":[{"href":"https:\/\/www.europesays.com\/lv\/wp-json\/wp\/v2\/media?parent=32712"}],"wp:term":[{"taxonomy":"category","embeddable":true,"href":"https:\/\/www.europesays.com\/lv\/wp-json\/wp\/v2\/categories?post=32712"},{"taxonomy":"post_tag","embeddable":true,"href":"https:\/\/www.europesays.com\/lv\/wp-json\/wp\/v2\/tags?post=32712"}],"curies":[{"name":"wp","href":"https:\/\/api.w.org\/{rel}","templated":true}]}}