{"id":32714,"date":"2025-10-27T15:42:08","date_gmt":"2025-10-27T15:42:08","guid":{"rendered":"https:\/\/www.europesays.com\/lv\/32714\/"},"modified":"2025-10-27T15:42:08","modified_gmt":"2025-10-27T15:42:08","slug":"frontes-medike-cirule-cilveku-atziniba-palidz-tureties","status":"publish","type":"post","link":"https:\/\/www.europesays.com\/lv\/32714\/","title":{"rendered":"Frontes medi\u0137e C\u012brule: Cilv\u0113ku atzin\u012bba pal\u012bdz tur\u0113ties"},"content":{"rendered":"<p>Darbs front\u0113 Ukrain\u0101 br\u012b\u017eiem ir neticami smags, bet cilv\u0113ku atzin\u012bba pal\u012bdz tur\u0113ties, \u0161odien Saeim\u0101 sac\u012bja frontes medi\u0137e Ukrain\u0101 Sarm\u012bte C\u012brule, kurai pasniedza 2023. gada &#8220;Eiropas cilv\u0113ka Latvij\u0101&#8221; diplomu.<\/p>\n<p>K\u0101 inform\u0113ja biedr\u012bbas &#8220;Eiropas kust\u012bba Latvij\u0101&#8221; prezidents Andris Gobi\u0146\u0161, medi\u0137e sa\u0146\u0113ma skolot\u0101jas Sandras Kivlenieces Ukrainas karoga kr\u0101s\u0101s tambor\u0113to galdautu. C\u012brule, t\u0101pat k\u0101 l\u012bdz\u0161in\u0113jie galdautu sa\u0146\u0113m\u0113ji, aicin\u0101ta \u0161o galdautu kl\u0101t kara uzvaras dien\u0101.<\/p>\n<p>C\u012brule &#8220;Gada Eiropas cilv\u0113ka Latvij\u0101&#8221; titulu ieguva 2023. gad\u0101 sabiedr\u012bbas balsojum\u0101, ta\u010du toreiz apbalvo\u0161anas ceremonij\u0101 vi\u0146a var\u0113ja piedal\u012bties tikai att\u0101lin\u0101ti.<\/p>\n<p>Sabiedr\u012bbas balsojum\u0101 medi\u0137e sa\u0146\u0113ma sabiedr\u012bbas atbalstu par pa\u0161aizliedz\u012bgu darbu Ukrainas front\u0113, pal\u012bdzot ievainotajiem un risk\u0113jot ar savu dz\u012bv\u012bbu. Balsojuma dal\u012bbnieki vi\u0146u raksturoja k\u0101 &#8220;visdrosm\u012bg\u0101ko Latvijas sievieti ar gai\u0161u pr\u0101tu un karstu sirdi&#8221;, uzsverot vi\u0146as varon\u012bbu un cilv\u0113cisko sp\u0113ku.<\/p>\n<p>&#8220;Gada Eiropas cilv\u0113ka Latvij\u0101&#8221; titulu pie\u0161\u0137ir cilv\u0113kam, kur\u0161 ar saviem darbiem ir devis b\u016btisku ieguld\u012bjumu Eiropas kop\u0113jo v\u0113rt\u012bbu stiprin\u0101\u0161an\u0101 Latvij\u0101 un Latvijas v\u0101rda spodrin\u0101\u0161an\u0101 Eirop\u0101.<\/p>\n","protected":false},"excerpt":{"rendered":"Darbs front\u0113 Ukrain\u0101 br\u012b\u017eiem ir neticami smags, bet cilv\u0113ku atzin\u012bba pal\u012bdz tur\u0113ties, \u0161odien Saeim\u0101 sac\u012bja frontes medi\u0137e Ukrain\u0101&hellip;\n","protected":false},"author":2,"featured_media":32715,"comment_status":"","ping_status":"","sticky":false,"template":"","format":"standard","meta":{"footnotes":""},"categories":[12],"tags":[23,28,29,47,32,33,22,381,64,30,31,35,39,38,36,37,34,40,20,385,26,27,172,382,384,383,24,25,21],"class_list":{"0":"post-32714","1":"post","2":"type-post","3":"status-publish","4":"format-standard","5":"has-post-thumbnail","7":"category-latvija","8":"tag-aktualitates","9":"tag-breaking-news","10":"tag-breakingnews","11":"tag-ekonomika","12":"tag-featured-news","13":"tag-featurednews","14":"tag-headlines","15":"tag-jaunumi","16":"tag-kultura","17":"tag-latest-news","18":"tag-latestnews","19":"tag-latvia","20":"tag-latvian","21":"tag-latviesu","22":"tag-latviesu-valoda","23":"tag-latviesuvaloda","24":"tag-latvija","25":"tag-lv","26":"tag-news","27":"tag-pieriga","28":"tag-popularakas-zinas","29":"tag-popularakaszinas","30":"tag-riga","31":"tag-sabiedriba","32":"tag-sludinajumi","33":"tag-sports-afisa","34":"tag-top-stories","35":"tag-topstories","36":"tag-zinas"},"share_on_mastodon":{"url":"https:\/\/pubeurope.com\/@lv\/115446896545206630","error":""},"_links":{"self":[{"href":"https:\/\/www.europesays.com\/lv\/wp-json\/wp\/v2\/posts\/32714","targetHints":{"allow":["GET"]}}],"collection":[{"href":"https:\/\/www.europesays.com\/lv\/wp-json\/wp\/v2\/posts"}],"about":[{"href":"https:\/\/www.europesays.com\/lv\/wp-json\/wp\/v2\/types\/post"}],"author":[{"embeddable":true,"href":"https:\/\/www.europesays.com\/lv\/wp-json\/wp\/v2\/users\/2"}],"replies":[{"embeddable":true,"href":"https:\/\/www.europesays.com\/lv\/wp-json\/wp\/v2\/comments?post=32714"}],"version-history":[{"count":0,"href":"https:\/\/www.europesays.com\/lv\/wp-json\/wp\/v2\/posts\/32714\/revisions"}],"wp:featuredmedia":[{"embeddable":true,"href":"https:\/\/www.europesays.com\/lv\/wp-json\/wp\/v2\/media\/32715"}],"wp:attachment":[{"href":"https:\/\/www.europesays.com\/lv\/wp-json\/wp\/v2\/media?parent=32714"}],"wp:term":[{"taxonomy":"category","embeddable":true,"href":"https:\/\/www.europesays.com\/lv\/wp-json\/wp\/v2\/categories?post=32714"},{"taxonomy":"post_tag","embeddable":true,"href":"https:\/\/www.europesays.com\/lv\/wp-json\/wp\/v2\/tags?post=32714"}],"curies":[{"name":"wp","href":"https:\/\/api.w.org\/{rel}","templated":true}]}}