{"id":32716,"date":"2025-10-27T15:48:09","date_gmt":"2025-10-27T15:48:09","guid":{"rendered":"https:\/\/www.europesays.com\/lv\/32716\/"},"modified":"2025-10-27T15:48:09","modified_gmt":"2025-10-27T15:48:09","slug":"svetdien-celu-satiksmes-negadijuma-vidzeme-miris-gajejs","status":"publish","type":"post","link":"https:\/\/www.europesays.com\/lv\/32716\/","title":{"rendered":"Sv\u0113tdien ce\u013cu satiksmes negad\u012bjum\u0101 Vidzem\u0113 miris g\u0101j\u0113js"},"content":{"rendered":"<p class=\"descr\">Aizvad\u012btaj\u0101 diennakt\u012b Latvij\u0101 re\u0123istr\u0113ts viens ce\u013cu satiksmes negad\u012bjums, kur\u0101 boj\u0101 g\u0101jis cilv\u0113ks, liecina Valsts policijas apkopot\u0101 inform\u0101cija.<\/p>\n<p>Ce\u013cu satiksmes negad\u012bjums ar <a href=\"https:\/\/nra.lv\/latvija\/regionos\/504871-vidzeme-un-zemgale-avarijas-mirusi-divi-cilveki.htm\" data-item-link=\"true\" data-item-id=\"504871\" rel=\"nofollow noopener\" target=\"_blank\">boj\u0101g\u0101ju\u0161o <\/a>noticis Vidzemes re\u0123ion\u0101, kur av\u0101rij\u0101 dz\u012bv\u012bbu zaud\u0113jis g\u0101j\u0113js.<\/p>\n<p>Ce\u013cu satiksmes negad\u012bjums ar boj\u0101g\u0101ju\u0161o noticis p\u0113c plkst. 19 C\u0113su novada M\u0101rsn\u0113nu pagast\u0101, uz autoce\u013ca Liepa-Smiltene. V\u012brietis, vadot automa\u0161\u012bnu &#8220;BMW&#8221;, uzbrauca uz ce\u013ca braucam\u0101s da\u013cas gu\u013co\u0161am v\u012brietim, kur\u0161 notikuma viet\u0101 g\u0101ja boj\u0101.<\/p>\n<p>Par notiku\u0161o s\u0101kts krimin\u0101lprocess, tiek noskaidroti negad\u012bjuma apst\u0101k\u013ci.<\/p>\n<p>Valsts ugunsdz\u0113s\u012bbas un gl\u0101b\u0161anas dienest\u0101 (VUGD) a\u0123ent\u016bru LETA inform\u0113ja, ka vakar plkst. 16.26 sa\u0146emts izsaukums Ventspils novada Popes pagast\u0101, kur automa\u0161\u012bna bija nobraukusi no ce\u013ca. Sp\u0113krat\u0101 atrad\u0101s cilv\u0113ks un nevar\u0113ja saviem sp\u0113kiem tikt lauk\u0101. Gl\u0101b\u0113ji atbr\u012bvoja cilv\u0113ku un nodeva Neatliekam\u0101s medic\u012bnisk\u0101s pal\u012bdz\u012bbas dienesta medi\u0137iem. Tika atvienotas automa\u0161\u012bnas akumulatora klemmes.<\/p>\n<blockquote><p>\u0160onakt plkst. 3.26 VUGD sa\u0146\u0113ma izsaukumu Dienvidkurzemes novada Durb\u0113, kur gr\u0101v\u012b bija iebraukusi viegl\u0101 automa\u0161\u012bna. Pirms VUGD iera\u0161an\u0101s no automa\u0161\u012bnas izk\u013cuva viens cilv\u0113ks, bet v\u0113l vienam cilv\u0113kam no automa\u0161\u012bnas pal\u012bdz\u0113ja izk\u013c\u016bt gl\u0101b\u0113ji. Abi cilv\u0113ki nodoti medi\u0137iem. Tika atvienotas automa\u0161\u012bnas akumulatora klemmes. Plkst. 4.56 darbs notikum\u0101 nosl\u0113dz\u0101s.<\/p><\/blockquote>\n<p>Kopum\u0101 valst\u012b re\u0123istr\u0113ti 92 ce\u013cu satiksmes negad\u012bjumi, no kuriem septi\u0146os cietu\u0161i cilv\u0113ki. \u0160ajos negad\u012bjumos ievainoti 13 cilv\u0113ki, tostarp tr\u012bs g\u0101j\u0113ji un divi velosip\u0113disti.<\/p>\n<p>Policija aiztur\u0113jusi \u010detrus transportl\u012bdzek\u013cu vad\u012bt\u0101jus alkohola reibum\u0101, diviem no vi\u0146iem piem\u0113rojot krimin\u0101latbild\u012bbu. Par at\u013caut\u0101 brauk\u0161anas \u0101truma p\u0101rsnieg\u0161anu vis\u0101 valst\u012b noform\u0113ti 246 administrat\u012bv\u0101 p\u0101rk\u0101puma protokoli, bet \u010detri vad\u012bt\u0101ji aiztur\u0113ti par agres\u012bvu brauk\u0161anu.<\/p>\n<p>\t\t\t\t\t\tinfo<\/p>\n<p>Uzzini pirmais<br \/>kas interesants noticis Latvij\u0101 un pasaul\u0113,<br \/>pievienojoties mums <a href=\"https:\/\/t.me\/neatkariga\" rel=\"nofollow\">Telegram<\/a> vai <a href=\"https:\/\/whatsapp.com\/channel\/0029VaMLFUH5K3zLU5s4wm3y\" rel=\"nofollow noopener\" target=\"_blank\">Whatsapp<\/a> kan\u0101l\u0101<\/p>\n","protected":false},"excerpt":{"rendered":"Aizvad\u012btaj\u0101 diennakt\u012b Latvij\u0101 re\u0123istr\u0113ts viens ce\u013cu satiksmes negad\u012bjums, kur\u0101 boj\u0101 g\u0101jis cilv\u0113ks, liecina Valsts policijas apkopot\u0101 inform\u0101cija. Ce\u013cu&hellip;\n","protected":false},"author":2,"featured_media":32717,"comment_status":"","ping_status":"","sticky":false,"template":"","format":"standard","meta":{"footnotes":""},"categories":[12],"tags":[23,28,29,32,33,22,30,31,35,39,38,36,37,34,40,20,26,27,24,25,21],"class_list":{"0":"post-32716","1":"post","2":"type-post","3":"status-publish","4":"format-standard","5":"has-post-thumbnail","7":"category-latvija","8":"tag-aktualitates","9":"tag-breaking-news","10":"tag-breakingnews","11":"tag-featured-news","12":"tag-featurednews","13":"tag-headlines","14":"tag-latest-news","15":"tag-latestnews","16":"tag-latvia","17":"tag-latvian","18":"tag-latviesu","19":"tag-latviesu-valoda","20":"tag-latviesuvaloda","21":"tag-latvija","22":"tag-lv","23":"tag-news","24":"tag-popularakas-zinas","25":"tag-popularakaszinas","26":"tag-top-stories","27":"tag-topstories","28":"tag-zinas"},"share_on_mastodon":{"url":"https:\/\/pubeurope.com\/@lv\/115446920146509639","error":""},"_links":{"self":[{"href":"https:\/\/www.europesays.com\/lv\/wp-json\/wp\/v2\/posts\/32716","targetHints":{"allow":["GET"]}}],"collection":[{"href":"https:\/\/www.europesays.com\/lv\/wp-json\/wp\/v2\/posts"}],"about":[{"href":"https:\/\/www.europesays.com\/lv\/wp-json\/wp\/v2\/types\/post"}],"author":[{"embeddable":true,"href":"https:\/\/www.europesays.com\/lv\/wp-json\/wp\/v2\/users\/2"}],"replies":[{"embeddable":true,"href":"https:\/\/www.europesays.com\/lv\/wp-json\/wp\/v2\/comments?post=32716"}],"version-history":[{"count":0,"href":"https:\/\/www.europesays.com\/lv\/wp-json\/wp\/v2\/posts\/32716\/revisions"}],"wp:featuredmedia":[{"embeddable":true,"href":"https:\/\/www.europesays.com\/lv\/wp-json\/wp\/v2\/media\/32717"}],"wp:attachment":[{"href":"https:\/\/www.europesays.com\/lv\/wp-json\/wp\/v2\/media?parent=32716"}],"wp:term":[{"taxonomy":"category","embeddable":true,"href":"https:\/\/www.europesays.com\/lv\/wp-json\/wp\/v2\/categories?post=32716"},{"taxonomy":"post_tag","embeddable":true,"href":"https:\/\/www.europesays.com\/lv\/wp-json\/wp\/v2\/tags?post=32716"}],"curies":[{"name":"wp","href":"https:\/\/api.w.org\/{rel}","templated":true}]}}