{"id":32720,"date":"2025-10-27T15:59:08","date_gmt":"2025-10-27T15:59:08","guid":{"rendered":"https:\/\/www.europesays.com\/lv\/32720\/"},"modified":"2025-10-27T15:59:08","modified_gmt":"2025-10-27T15:59:08","slug":"ziemassvetku-sala-sakusies-sarkano-krabju-migracija-so-skatu-nav-iespejams-aizmirst","status":"publish","type":"post","link":"https:\/\/www.europesays.com\/lv\/32720\/","title":{"rendered":"Ziemassv\u0113tku sal\u0101 s\u0101kusies sarkano krabju migr\u0101cija. \u0160o skatu nav iesp\u0113jams aizmirst!"},"content":{"rendered":"<p>Ziemassv\u0113tku salas sarkanais krabis (Gecarcoidea natalis) ir sauszemes krabis, kas ir end\u0113miska suga Austr\u0101lijai piedero\u0161aj\u0101s Ziemassv\u0113tku un Kokosu sal\u0101s Indijas oke\u0101n\u0101. \u0160aj\u0101 nelielaj\u0101 teritorij\u0101 dz\u012bvo daudzi miljoni pieaugo\u0161o \u012bpat\u0146u, tom\u0113r savulaik daudzus izn\u012bcin\u0101ja nejau\u0161i ievaz\u0101t\u0101s dzelten\u0101s skudras (Anoplolepis gracilipes), kuras d\u0113v\u0113 ar\u012b par \u201ctrakaj\u0101m skudr\u0101m\u201d, jo satraukuma st\u0101vokl\u012b t\u0101s p\u0101rvietojas haotiski. Ziemassv\u0113tku salas nacion\u0101l\u0101 parka koordinators apdraud\u0113to sugu jaut\u0101jumos Brendons T\u012brnens nor\u0101da, ka krabju skaits nu ir strauji palielin\u0101jies, sasniedzot apm\u0113ram 100 miljonus eksempl\u0101ru, sal\u012bdzinot ar apm\u0113ram 55 miljoniem \u0161\u012b gadsimta pirmajos gados, \u2014 popul\u0101cijas skaita veicin\u0101\u0161an\u0101 milz\u012bgu lomu sp\u0113l\u0113ja apm\u0113ram 2 mm mazi\u0146o Malaizijas lapse\u0146u (Tachardiaephagus somervilli) ieve\u0161ana 2016. gad\u0101 \u2014 \u0161\u012bs paraz\u012btisk\u0101s lapsenes iev\u0113rojami samazin\u0101ju\u0161as kait\u012bgo skudru daudzumu sal\u0101, nogalinot kukai\u0146us, kas ra\u017eo \u0161o skudru galveno bar\u012bbas avotu \u2013 medus rasu.<\/p>\n","protected":false},"excerpt":{"rendered":"Ziemassv\u0113tku salas sarkanais krabis (Gecarcoidea natalis) ir sauszemes krabis, kas ir end\u0113miska suga Austr\u0101lijai piedero\u0161aj\u0101s Ziemassv\u0113tku un Kokosu&hellip;\n","protected":false},"author":2,"featured_media":32721,"comment_status":"","ping_status":"","sticky":false,"template":"","format":"standard","meta":{"footnotes":""},"categories":[14],"tags":[23,57,28,29,32,33,22,30,31,35,39,38,36,37,34,40,20,26,27,24,25,54,55,56,21,58],"class_list":{"0":"post-32720","1":"post","2":"type-post","3":"status-publish","4":"format-standard","5":"has-post-thumbnail","7":"category-zinas-no-arvalstim","8":"tag-aktualitates","9":"tag-arvalstim","10":"tag-breaking-news","11":"tag-breakingnews","12":"tag-featured-news","13":"tag-featurednews","14":"tag-headlines","15":"tag-latest-news","16":"tag-latestnews","17":"tag-latvia","18":"tag-latvian","19":"tag-latviesu","20":"tag-latviesu-valoda","21":"tag-latviesuvaloda","22":"tag-latvija","23":"tag-lv","24":"tag-news","25":"tag-popularakas-zinas","26":"tag-popularakaszinas","27":"tag-top-stories","28":"tag-topstories","29":"tag-world","30":"tag-world-news","31":"tag-worldnews","32":"tag-zinas","33":"tag-zinas-no-arvalstim"},"share_on_mastodon":{"url":"https:\/\/pubeurope.com\/@lv\/115446963424368146","error":""},"_links":{"self":[{"href":"https:\/\/www.europesays.com\/lv\/wp-json\/wp\/v2\/posts\/32720","targetHints":{"allow":["GET"]}}],"collection":[{"href":"https:\/\/www.europesays.com\/lv\/wp-json\/wp\/v2\/posts"}],"about":[{"href":"https:\/\/www.europesays.com\/lv\/wp-json\/wp\/v2\/types\/post"}],"author":[{"embeddable":true,"href":"https:\/\/www.europesays.com\/lv\/wp-json\/wp\/v2\/users\/2"}],"replies":[{"embeddable":true,"href":"https:\/\/www.europesays.com\/lv\/wp-json\/wp\/v2\/comments?post=32720"}],"version-history":[{"count":0,"href":"https:\/\/www.europesays.com\/lv\/wp-json\/wp\/v2\/posts\/32720\/revisions"}],"wp:featuredmedia":[{"embeddable":true,"href":"https:\/\/www.europesays.com\/lv\/wp-json\/wp\/v2\/media\/32721"}],"wp:attachment":[{"href":"https:\/\/www.europesays.com\/lv\/wp-json\/wp\/v2\/media?parent=32720"}],"wp:term":[{"taxonomy":"category","embeddable":true,"href":"https:\/\/www.europesays.com\/lv\/wp-json\/wp\/v2\/categories?post=32720"},{"taxonomy":"post_tag","embeddable":true,"href":"https:\/\/www.europesays.com\/lv\/wp-json\/wp\/v2\/tags?post=32720"}],"curies":[{"name":"wp","href":"https:\/\/api.w.org\/{rel}","templated":true}]}}