{"id":32724,"date":"2025-10-27T16:05:10","date_gmt":"2025-10-27T16:05:10","guid":{"rendered":"https:\/\/www.europesays.com\/lv\/32724\/"},"modified":"2025-10-27T16:05:10","modified_gmt":"2025-10-27T16:05:10","slug":"putinam-jaizbeidz-kars-nevis-jaizmegina-raketes","status":"publish","type":"post","link":"https:\/\/www.europesays.com\/lv\/32724\/","title":{"rendered":"Putinam j\u0101izbeidz kar\u0161, nevis j\u0101izm\u0113\u0123ina ra\u0137etes"},"content":{"rendered":"<p class=\"lead\">\n                                Krievijas diktatoram Vladimiram Putinam vajadz\u0113tu koncentr\u0113ties uz kara izbeig\u0161anu Ukrain\u0101, nevis ra\u0137e\u0161u izm\u0113\u0123in\u0101jumiem, run\u0101jot ar \u017eurn\u0101listiem lidma\u0161\u012bn\u0101 &#8220;Air Force One&#8221; sac\u012bja ASV prezidents Donalds Tramps.\n                            <\/p>\n<p style=\"margin-left:0px;\">Putins sv\u0113tdien pazi\u0146oja, ka Krievija veiksm\u012bgi izm\u0113\u0123in\u0101jusi sp\u0101rnoto kodolra\u0137eti &#8220;Burevest\u0146ik&#8221; un str\u0101d\u0101s pie t\u0101s izvieto\u0161anas.<\/p>\n<p style=\"margin-left:0px;\">Krievijas armija apgalvo, ka ra\u0137ete gais\u0101 atradusies aptuveni 15 stundas un nolidojusi apm\u0113ram 14 000 kilometru.<\/p>\n<p style=\"margin-left:0px;\">&#8220;Vi\u0146i zina, ka mums ir kodolzem\u016bdene, visjaud\u012bg\u0101k\u0101 zem\u016bdene pasaul\u0113, turpat pie vi\u0146u krastiem,&#8221; Tramps sac\u012bja \u017eurn\u0101listiem.<\/p>\n<p style=\"margin-left:0px;\">&#8220;Es gribu teikt, ka tai nav j\u0101nolido 8000 j\u016bd\u017eu,&#8221; vi\u0146\u0161 piebilda.<\/p>\n<p style=\"margin-left:0px;\">&#8220;Un, starp citu, man ne\u0161\u0137iet, ka Putinam vajadz\u0113tu t\u0101 run\u0101t,&#8221; turpin\u0101ja Tramps.<\/p>\n<p style=\"margin-left:0px;\">&#8220;Vi\u0146am vajadz\u0113ja izbeigt karu. Kar\u0161, kam vajadz\u0113ja ilgt ned\u0113\u013cu, tagad ilgst jau ceturto gadu, un tas ir tas, ko vi\u0146am vajadz\u0113tu dar\u012bt, nevis izm\u0113\u0123in\u0101t ra\u0137etes&#8221;.<\/p>\n<p style=\"margin-left:0px;\">Uz \u017eurn\u0101listu jaut\u0101jumu, vai ir gaid\u0101mas papildu sankcijas, Tramps atbild\u0113ja: &#8220;J\u016bs to uzzin\u0101sit.&#8221;<\/p>\n<p> Aptauja <\/p>\n<p> K\u0101di ir Donalda Trampa m\u0113r\u0137i attiec\u012bb\u0101 uz Krieviju un Ukrainu? <\/p>\n<p class=\"paragraph-muted\">Izv\u0113lies savu soct\u012bklu platformu, lai sekotu LASI.LV: <a href=\"https:\/\/www.facebook.com\/portals.lasi.lv\" target=\"_blank\" rel=\"noopener noreferrer nofollow\">Facebook<\/a>, <a href=\"https:\/\/twitter.com\/lasilvportals\" target=\"_blank\" rel=\"noopener noreferrer nofollow\">X<\/a>, <a href=\"https:\/\/bsky.app\/profile\/lasilv.bsky.social\" target=\"_blank\" rel=\"noopener noreferrer nofollow\">Bluesky<\/a>, <a href=\"https:\/\/www.draugiem.lv\/lasilv\/?pg=4\" target=\"_blank\" rel=\"noopener noreferrer nofollow\">Draugiem<\/a> vai ar\u012b <a href=\"https:\/\/www.instagram.com\/lasilv_zinas\/\" target=\"_blank\" rel=\"noopener noreferrer nofollow\">Instagram<\/a>. Pievienojies m\u016bsu las\u012bt\u0101ju pulkam, lai sa\u0146emtu \u012bpa\u0161i tev atlas\u012btu noder\u012bgu, praktisku un aktu\u0101lu saturu.\u00a0<\/p>\n<p><a href=\"https:\/\/lasi.lv\/abonesana\" rel=\"nofollow noopener\" target=\"_blank\">Abon\u0113<\/a>\u00a0LASI.LV gadam\u00a0vai k\u0101du no\u00a0&#8220;Latvijas Mediju&#8221; periodiskajiem izdevumiem 2026. gadam, un laim\u0113 1500 eiro vai Philips kafijas autom\u0101tu. Loterijas at\u013caujas nr. 8744.<\/p>\n<p><img decoding=\"async\" src=\"https:\/\/www.europesays.com\/lv\/wp-content\/uploads\/2025\/10\/1760568371_496_2025100311425268df8c8c1572e.jpg\" alt=\"\" loading=\"lazy\"\/><\/p>\n<p style=\"margin-left:auto;\">Pieraksties LASI.LV redaktora v\u0113stkopai <a href=\"https:\/\/lasi.lv\/vestkopa\/lasi-lv-galvena-redaktora-vestkopa\" rel=\"nofollow noopener\" target=\"_blank\">\u0161eit<\/a>.<\/p>\n<p>Pieraksties v\u0113stkopai un divas reizes ned\u0113\u013c\u0101 sa\u0146em padzi\u013cin\u0101tu LASI.LV galven\u0101 redaktora aktu\u0101lo zi\u0146u, kompetentu viedok\u013cu un interesant\u0101ko interviju apkopojumu.<\/p>\n<p>Ko tu sa\u0146emsi:<\/p>\n<ul>\n<li>Daudzveid\u012bgus koment\u0101rus un kompetentus Latvijas Mediju \u017eurn\u0101listu un autoru viedok\u013cus par aktu\u0101lo<\/li>\n<li>Ekspertu koment\u0101rus par da\u017e\u0101diem praktiskiem, noder\u012bgiem tematiem<\/li>\n<li>Aizraujo\u0161us materi\u0101lus par v\u0113sturi, psiholo\u0123iju, kult\u016bru<\/li>\n<li>Gata \u0160\u013c\u016bkas karikat\u016bru<\/li>\n<li>Tav\u0101 e-pasta kast\u012bt\u0113 katru ceturtdienu<\/li>\n<\/ul>\n<p style=\"margin-left:auto;\">\u00a0<\/p>\n<p><script async src=\"https:\/\/platform.twitter.com\/widgets.js\" charset=\"utf-8\"><\/script><script async src=\"\/\/www.instagram.com\/embed.js\"><\/script><\/p>\n","protected":false},"excerpt":{"rendered":"Krievijas diktatoram Vladimiram Putinam vajadz\u0113tu koncentr\u0113ties uz kara izbeig\u0161anu Ukrain\u0101, nevis ra\u0137e\u0161u izm\u0113\u0123in\u0101jumiem, run\u0101jot ar \u017eurn\u0101listiem lidma\u0161\u012bn\u0101 &#8220;Air&hellip;\n","protected":false},"author":2,"featured_media":32725,"comment_status":"","ping_status":"","sticky":false,"template":"","format":"standard","meta":{"footnotes":""},"categories":[14],"tags":[23,57,28,29,32,33,22,30,31,35,39,38,36,37,34,40,20,26,27,24,25,54,55,56,21,58],"class_list":{"0":"post-32724","1":"post","2":"type-post","3":"status-publish","4":"format-standard","5":"has-post-thumbnail","7":"category-zinas-no-arvalstim","8":"tag-aktualitates","9":"tag-arvalstim","10":"tag-breaking-news","11":"tag-breakingnews","12":"tag-featured-news","13":"tag-featurednews","14":"tag-headlines","15":"tag-latest-news","16":"tag-latestnews","17":"tag-latvia","18":"tag-latvian","19":"tag-latviesu","20":"tag-latviesu-valoda","21":"tag-latviesuvaloda","22":"tag-latvija","23":"tag-lv","24":"tag-news","25":"tag-popularakas-zinas","26":"tag-popularakaszinas","27":"tag-top-stories","28":"tag-topstories","29":"tag-world","30":"tag-world-news","31":"tag-worldnews","32":"tag-zinas","33":"tag-zinas-no-arvalstim"},"share_on_mastodon":{"url":"https:\/\/pubeurope.com\/@lv\/115446987073079297","error":""},"_links":{"self":[{"href":"https:\/\/www.europesays.com\/lv\/wp-json\/wp\/v2\/posts\/32724","targetHints":{"allow":["GET"]}}],"collection":[{"href":"https:\/\/www.europesays.com\/lv\/wp-json\/wp\/v2\/posts"}],"about":[{"href":"https:\/\/www.europesays.com\/lv\/wp-json\/wp\/v2\/types\/post"}],"author":[{"embeddable":true,"href":"https:\/\/www.europesays.com\/lv\/wp-json\/wp\/v2\/users\/2"}],"replies":[{"embeddable":true,"href":"https:\/\/www.europesays.com\/lv\/wp-json\/wp\/v2\/comments?post=32724"}],"version-history":[{"count":0,"href":"https:\/\/www.europesays.com\/lv\/wp-json\/wp\/v2\/posts\/32724\/revisions"}],"wp:featuredmedia":[{"embeddable":true,"href":"https:\/\/www.europesays.com\/lv\/wp-json\/wp\/v2\/media\/32725"}],"wp:attachment":[{"href":"https:\/\/www.europesays.com\/lv\/wp-json\/wp\/v2\/media?parent=32724"}],"wp:term":[{"taxonomy":"category","embeddable":true,"href":"https:\/\/www.europesays.com\/lv\/wp-json\/wp\/v2\/categories?post=32724"},{"taxonomy":"post_tag","embeddable":true,"href":"https:\/\/www.europesays.com\/lv\/wp-json\/wp\/v2\/tags?post=32724"}],"curies":[{"name":"wp","href":"https:\/\/api.w.org\/{rel}","templated":true}]}}