{"id":32726,"date":"2025-10-27T16:07:12","date_gmt":"2025-10-27T16:07:12","guid":{"rendered":"https:\/\/www.europesays.com\/lv\/32726\/"},"modified":"2025-10-27T16:07:12","modified_gmt":"2025-10-27T16:07:12","slug":"punnenovs-aizvietos-savainojumu-guvuso-gudlevski-hokejs-sportacentrs-com","status":"publish","type":"post","link":"https:\/\/www.europesays.com\/lv\/32726\/","title":{"rendered":"Punnenovs aizvietos savainojumu guvu\u0161o Gud\u013cevski \u2013 Hokejs \u2013 Sportacentrs.com"},"content":{"rendered":"<p>V\u0101cijas klubs Br\u0113merh\u0101fenes &#8220;Fischtown Pinguins&#8221; pirms div\u0101m dien\u0101m pazi\u0146oja, ka <a href=\"https:\/\/sportacentrs.com\/hokejs\/legionari\/25102025-gudlevskis_traumas_del_ilgaku_laiku_bus_s\" target=\"_self\" rel=\"nofollow noopener\">Kristers Gud\u013cevskis treni\u0146\u0101 iedz\u012bvojies savainojum\u0101 un ka V\u0101cijas Hokeja l\u012bgas iepriek\u0161\u0113jo divu sezonu lab\u0101kajam v\u0101rtsargam tiks veikta oper\u0101cija<\/a>. Lai gan konkr\u0113ts atlab\u0161anas termi\u0146\u0161 netika nosaukts, klubs pazi\u0146oja, ka Gud\u013cevskis b\u016bs spiests izlaist vair\u0101kus m\u0113ne\u0161us.<\/p>\n<p>Latvijas izlase &#8220;Deutschland Cup&#8221; ietvaros 6. novembr\u012b sp\u0113kosies pret V\u0101ciju, 8. novembr\u012b sp\u0113l\u0113s pret Slov\u0101kiju un turn\u012bru nosl\u0113gs 9. novembr\u012b pret austrie\u0161iem. Bija pl\u0101nots, ka Gud\u013cevskis b\u016bs pirmais numurs, ta\u010du trauma ieviesusi korekcijas.<\/p>\n<p>31 gadu vecais Punnenovs aizvada lielisku sezonas s\u0101kumu \u0160veic\u0113. Vi\u0146\u0161 asto\u0146\u0101s sp\u0113l\u0113s izc\u012bn\u012bjis piecas uzvaras, atvair\u012bjis 93,2% metienu un ielaidis 2,14 v\u0101rtus. Punnenova p\u0101rst\u0101v\u0113t\u0101 Rapersv\u012blas-Jonas &#8220;Lakers&#8221; ie\u0146em otro vietu, atpaliekot tikai no Davosas. P\u0113rn\u0101 sezona tika pabeigta dev\u012btaj\u0101 poz\u012bcij\u0101.<\/p>\n<p>Punnenovs p\u0101rst\u0101v\u0113jis Latviju \u010detros pasaules \u010dempion\u0101tos (2014., 2017., 2021. un 2023. gad\u0101), k\u0101 ar\u012b Pekinas olimpiskaj\u0101s sp\u0113l\u0113s 2022. gad\u0101.<\/p>\n<p>Iepriek\u0161 tika nor\u0101d\u012bts, ka uz Latvijas izlasi tiks izsaukti ar\u012b <a href=\"https:\/\/sportacentrs.com\/hokejs\/latvijas_izlases\/20102025-latvijas_izlase_novembri_pulces_labakos_n\" target=\"_self\" rel=\"nofollow noopener\">Somij\u0101 sp\u0113l\u0113jo\u0161ais Gustavs Grigals un Slov\u0101kij\u0101 sezonu aizvado\u0161ais \u0112riks V\u012btols<\/a>.<\/p>\n<p>Latvijas izlases kalend\u0101rs<\/p>\n<tr>DatumsLaiksSp\u0113le<\/tr>\n<tr class=\"even\">\n<td class=\"ralign\">06.11<\/td>\n<td class=\"ralign\">21:45<\/td>\n<td>V\u0101cija \u2013 Latvija<\/td>\n<\/tr>\n<tr class=\"odd\">\n<td class=\"ralign\">08.11<\/td>\n<td class=\"ralign\">13:00<\/td>\n<td>Slov\u0101kija \u2013 Latvija<\/td>\n<\/tr>\n<tr class=\"even\">\n<td class=\"ralign\">09.11<\/td>\n<td class=\"ralign\">13:00<\/td>\n<td>Latvija \u2013 Austrija<\/td>\n<\/tr>\n","protected":false},"excerpt":{"rendered":"V\u0101cijas klubs Br\u0113merh\u0101fenes &#8220;Fischtown Pinguins&#8221; pirms div\u0101m dien\u0101m pazi\u0146oja, ka Kristers Gud\u013cevskis treni\u0146\u0101 iedz\u012bvojies savainojum\u0101 un ka V\u0101cijas&hellip;\n","protected":false},"author":2,"featured_media":32727,"comment_status":"","ping_status":"","sticky":false,"template":"","format":"standard","meta":{"footnotes":""},"categories":[5],"tags":[23,28,29,32,33,22,394,30,31,35,39,38,36,37,34,40,20,26,27,24,25,21],"class_list":{"0":"post-32726","1":"post","2":"type-post","3":"status-publish","4":"format-standard","5":"has-post-thumbnail","7":"category-aktualitates","8":"tag-aktualitates","9":"tag-breaking-news","10":"tag-breakingnews","11":"tag-featured-news","12":"tag-featurednews","13":"tag-headlines","14":"tag-hokejs","15":"tag-latest-news","16":"tag-latestnews","17":"tag-latvia","18":"tag-latvian","19":"tag-latviesu","20":"tag-latviesu-valoda","21":"tag-latviesuvaloda","22":"tag-latvija","23":"tag-lv","24":"tag-news","25":"tag-popularakas-zinas","26":"tag-popularakaszinas","27":"tag-top-stories","28":"tag-topstories","29":"tag-zinas"},"share_on_mastodon":{"url":"https:\/\/pubeurope.com\/@lv\/115446994893232052","error":""},"_links":{"self":[{"href":"https:\/\/www.europesays.com\/lv\/wp-json\/wp\/v2\/posts\/32726","targetHints":{"allow":["GET"]}}],"collection":[{"href":"https:\/\/www.europesays.com\/lv\/wp-json\/wp\/v2\/posts"}],"about":[{"href":"https:\/\/www.europesays.com\/lv\/wp-json\/wp\/v2\/types\/post"}],"author":[{"embeddable":true,"href":"https:\/\/www.europesays.com\/lv\/wp-json\/wp\/v2\/users\/2"}],"replies":[{"embeddable":true,"href":"https:\/\/www.europesays.com\/lv\/wp-json\/wp\/v2\/comments?post=32726"}],"version-history":[{"count":0,"href":"https:\/\/www.europesays.com\/lv\/wp-json\/wp\/v2\/posts\/32726\/revisions"}],"wp:featuredmedia":[{"embeddable":true,"href":"https:\/\/www.europesays.com\/lv\/wp-json\/wp\/v2\/media\/32727"}],"wp:attachment":[{"href":"https:\/\/www.europesays.com\/lv\/wp-json\/wp\/v2\/media?parent=32726"}],"wp:term":[{"taxonomy":"category","embeddable":true,"href":"https:\/\/www.europesays.com\/lv\/wp-json\/wp\/v2\/categories?post=32726"},{"taxonomy":"post_tag","embeddable":true,"href":"https:\/\/www.europesays.com\/lv\/wp-json\/wp\/v2\/tags?post=32726"}],"curies":[{"name":"wp","href":"https:\/\/api.w.org\/{rel}","templated":true}]}}