{"id":32738,"date":"2025-10-27T16:18:11","date_gmt":"2025-10-27T16:18:11","guid":{"rendered":"https:\/\/www.europesays.com\/lv\/32738\/"},"modified":"2025-10-27T16:18:11","modified_gmt":"2025-10-27T16:18:11","slug":"valsts-sekretara-vietnieks-politiskais-direktors-ivars-lasis-tiekas-ar-jaunajiem-arvalstu-vestniekiem-latvija-2","status":"publish","type":"post","link":"https:\/\/www.europesays.com\/lv\/32738\/","title":{"rendered":"Valsts sekret\u0101ra vietnieks-politiskais direktors Ivars Lasis tiekas ar jaunajiem \u0101rvalstu v\u0113stniekiem Latvij\u0101"},"content":{"rendered":"<p>2025. gada 27. oktobr\u012b Arlietu ministrijas valsts sekret\u0101ra vietnieks-politiskais direktors Ivars Lasis tik\u0101s ar Dominik\u0101nas Republikas \u0101rk\u0101rt\u0113jo un pilnvaroto v\u0113stnieci Lurdesu Margaritu Franko-Cimmermani (Lourdes Margarita Franco-Zimmermann) un Banglade\u0161as Republikas \u0101rk\u0101rt\u0113jo un pilnvaroto v\u0113stnieku Mainulu Islamu (Md.\u00a0Mainul Islam), kuri Latvij\u0101 ieradu\u0161ies akredit\u0101cijas viz\u012bt\u0113s.<\/p>\n<p>Ar\u00a0Dominik\u0101nas Republikas v\u0113stnieci\u00a0I. Lasis p\u0101rrun\u0101ja iesp\u0113jas stiprin\u0101t politisko dialogu un ekonomisk\u0101s saites. Politiskais direktors izteica gandar\u012bjumu par nesen parakst\u012bto Latvijas Republikas un Dominik\u0101nas Republikas nol\u012bgumu par gaisa satiksmi. I.\u00a0Lasis pateic\u0101s Dominik\u0101nas Republikai par atbalstu Ukrainai un uzsv\u0113ra nepiecie\u0161am\u012bbu ar\u012b turpm\u0101k str\u0101d\u0101t Krievijas iegro\u017eo\u0161an\u0101.<\/p>\n<p>K\u0101 Latvijas, t\u0101 Dominik\u0101nas Republikas amatpersonas bija vienispr\u0101tis, ka gaid\u0101mais ES un\u00a0Lat\u012b\u0146amerikas un Kar\u012bbu valstu kopienas samits\u00a0(The Community of Latin American and Caribbean States, CELAC)\u00a0b\u016bs iesp\u0113ja stiprin\u0101t abu re\u0123ionu sadarb\u012bbu sare\u017e\u0123\u012btos \u0123eopolitiskos apst\u0101k\u013cos.<\/p>\n<p>Valsts sekret\u0101ra vietnieks apliecin\u0101ja Latvijas gatav\u012bbu dal\u012bbas ANO Dro\u0161\u012bbas padom\u0113 laik\u0101 aizsarg\u0101t noteikumos balst\u012btu starptautisko k\u0101rt\u012bbu, rast risin\u0101jumus aktu\u0101lajiem dro\u0161\u012bbas izaicin\u0101jumiem un veicin\u0101t dzimumu l\u012bdzties\u012bbu.<\/p>\n<p>Dominik\u0101nas Republikas v\u0113stniece rezid\u0113 Stokholm\u0101, Zviedrij\u0101.<\/p>\n<p>Tik\u0161an\u0101s laik\u0101 ar Banglade\u0161as v\u0113stnieku\u00a0I. Lasis pauda Latvijas gatav\u012bbu att\u012bst\u012bt akt\u012bv\u0101ku divpus\u0113jo sadarb\u012bbu ar Banglade\u0161u.\u00a0\u0145emot v\u0113r\u0101 Latvijas iev\u0113l\u0113\u0161anu ANO Dro\u0161\u012bbas padom\u0113 (2026\u20132027), politiskais direktors uzsv\u0113ra interesi stiprin\u0101t sadarb\u012bbu starptautiskaj\u0101s organiz\u0101cij\u0101s, veicinot izpratni par pa\u0161reiz\u0113jiem \u0123eopolitiskajiem izaicin\u0101jumiem. I. Lasis aicin\u0101ja atbalst\u012bt Ukrainu, nosodot Krievijas agresiju, k\u0101 ar\u012b veicin\u0101t uz noteikumiem balst\u012btas starptautisk\u0101s k\u0101rt\u012bbas un starptautisko ties\u012bbu iev\u0113ro\u0161anu. V\u0113stnieks akcent\u0113ja Banglade\u0161as v\u0113lmi sadarboties ar Latviju daudzpus\u0113jos sadarb\u012bbas form\u0101tos, ka ar\u012b mekl\u0113t potenci\u0101lus akt\u012bv\u0101kai abu valstu ekonomiskajai sadarb\u012bbai.<\/p>\n<p>Banglade\u0161as Republikas v\u0113stnieks rezid\u0113 Var\u0161av\u0101, Polij\u0101.<\/p>\n<p><img decoding=\"async\" src=\"https:\/\/www.europesays.com\/lv\/wp-content\/uploads\/2025\/10\/76F6YPN3O.JPEG\" alt=\"\"\/><\/p>\n<p>Foto: Ilze Saln\u0101ja, \u0100rlietu ministrija.<\/p>\n<p>          <img decoding=\"async\" src=\"https:\/\/www.europesays.com\/lv\/wp-content\/uploads\/2025\/10\/1761133806_557_logo-lv.png\" alt=\"\"\/><\/p>\n<p>                  \u0160\u012b inform\u0101cija ir publisks pazi\u0146ojums un neatspogu\u013co LV port\u0101la viedokli. Par t\u0101s saturu atbild ies\u016bt\u012bt\u0101js. <a data-popup=\"rules\">Public\u0113\u0161anas noteikumi<\/a><\/p>\n","protected":false},"excerpt":{"rendered":"2025. gada 27. oktobr\u012b Arlietu ministrijas valsts sekret\u0101ra vietnieks-politiskais direktors Ivars Lasis tik\u0101s ar Dominik\u0101nas Republikas \u0101rk\u0101rt\u0113jo un&hellip;\n","protected":false},"author":2,"featured_media":32739,"comment_status":"","ping_status":"","sticky":false,"template":"","format":"standard","meta":{"footnotes":""},"categories":[12],"tags":[23,28,29,32,33,22,30,31,35,39,38,36,37,34,40,20,26,27,24,25,21],"class_list":{"0":"post-32738","1":"post","2":"type-post","3":"status-publish","4":"format-standard","5":"has-post-thumbnail","7":"category-latvija","8":"tag-aktualitates","9":"tag-breaking-news","10":"tag-breakingnews","11":"tag-featured-news","12":"tag-featurednews","13":"tag-headlines","14":"tag-latest-news","15":"tag-latestnews","16":"tag-latvia","17":"tag-latvian","18":"tag-latviesu","19":"tag-latviesu-valoda","20":"tag-latviesuvaloda","21":"tag-latvija","22":"tag-lv","23":"tag-news","24":"tag-popularakas-zinas","25":"tag-popularakaszinas","26":"tag-top-stories","27":"tag-topstories","28":"tag-zinas"},"share_on_mastodon":{"url":"https:\/\/pubeurope.com\/@lv\/115447038390201336","error":""},"_links":{"self":[{"href":"https:\/\/www.europesays.com\/lv\/wp-json\/wp\/v2\/posts\/32738","targetHints":{"allow":["GET"]}}],"collection":[{"href":"https:\/\/www.europesays.com\/lv\/wp-json\/wp\/v2\/posts"}],"about":[{"href":"https:\/\/www.europesays.com\/lv\/wp-json\/wp\/v2\/types\/post"}],"author":[{"embeddable":true,"href":"https:\/\/www.europesays.com\/lv\/wp-json\/wp\/v2\/users\/2"}],"replies":[{"embeddable":true,"href":"https:\/\/www.europesays.com\/lv\/wp-json\/wp\/v2\/comments?post=32738"}],"version-history":[{"count":0,"href":"https:\/\/www.europesays.com\/lv\/wp-json\/wp\/v2\/posts\/32738\/revisions"}],"wp:featuredmedia":[{"embeddable":true,"href":"https:\/\/www.europesays.com\/lv\/wp-json\/wp\/v2\/media\/32739"}],"wp:attachment":[{"href":"https:\/\/www.europesays.com\/lv\/wp-json\/wp\/v2\/media?parent=32738"}],"wp:term":[{"taxonomy":"category","embeddable":true,"href":"https:\/\/www.europesays.com\/lv\/wp-json\/wp\/v2\/categories?post=32738"},{"taxonomy":"post_tag","embeddable":true,"href":"https:\/\/www.europesays.com\/lv\/wp-json\/wp\/v2\/tags?post=32738"}],"curies":[{"name":"wp","href":"https:\/\/api.w.org\/{rel}","templated":true}]}}