{"id":32745,"date":"2025-10-27T16:25:09","date_gmt":"2025-10-27T16:25:09","guid":{"rendered":"https:\/\/www.europesays.com\/lv\/32745\/"},"modified":"2025-10-27T16:25:09","modified_gmt":"2025-10-27T16:25:09","slug":"putinam-jaizbeidz-kars-nevis-jaizmegina-raketes-2","status":"publish","type":"post","link":"https:\/\/www.europesays.com\/lv\/32745\/","title":{"rendered":"Putinam j\u0101izbeidz kar\u0161, nevis j\u0101izm\u0113\u0123ina ra\u0137etes"},"content":{"rendered":"<p>Putins sv\u0113tdien pazi\u0146oja, ka Krievija veiksm\u012bgi izm\u0113\u0123in\u0101jusi sp\u0101rnoto kodolra\u0137eti &#8220;Burevest\u0146ik&#8221; un str\u0101d\u0101s pie t\u0101s izvieto\u0161anas.<\/p>\n<p>Krievijas armija apgalvo, ka ra\u0137ete gais\u0101 atradusies aptuveni 15 stundas un nolidojusi apm\u0113ram 14 000 kilometru.<\/p>\n<p>&#8220;Vi\u0146i zina, ka mums ir kodolzem\u016bdene, visjaud\u012bg\u0101k\u0101 zem\u016bdene pasaul\u0113, turpat pie vi\u0146u krastiem,&#8221; Tramps sac\u012bja \u017eurn\u0101listiem.<\/p>\n<p>&#8220;Es gribu teikt, ka tai nav j\u0101nolido 8000 j\u016bd\u017eu,&#8221; vi\u0146\u0161 piebilda.<\/p>\n<p>&#8220;Un, starp citu, man ne\u0161\u0137iet, ka Putinam vajadz\u0113tu t\u0101 run\u0101t,&#8221; turpin\u0101ja Tramps.<\/p>\n<blockquote class=\"quote ck-widget\" contenteditable=\"false\">\n<p>&#8220;Vi\u0146am vajadz\u0113ja izbeigt karu. Kar\u0161, kam vajadz\u0113ja ilgt ned\u0113\u013cu, tagad ilgst jau ceturto gadu, un tas ir tas, ko vi\u0146am vajadz\u0113tu dar\u012bt, nevis izm\u0113\u0123in\u0101t ra\u0137etes&#8221;.<\/p>\n<\/blockquote>\n<p>Uz \u017eurn\u0101listu jaut\u0101jumu, vai ir gaid\u0101mas papildu sankcijas, Tramps atbild\u0113ja: &#8220;J\u016bs to uzzin\u0101sit.&#8221;<\/p>\n","protected":false},"excerpt":{"rendered":"Putins sv\u0113tdien pazi\u0146oja, ka Krievija veiksm\u012bgi izm\u0113\u0123in\u0101jusi sp\u0101rnoto kodolra\u0137eti &#8220;Burevest\u0146ik&#8221; un str\u0101d\u0101s pie t\u0101s izvieto\u0161anas. Krievijas armija apgalvo,&hellip;\n","protected":false},"author":2,"featured_media":32746,"comment_status":"","ping_status":"","sticky":false,"template":"","format":"standard","meta":{"footnotes":""},"categories":[5],"tags":[23,28,29,542,32,33,22,74,30,31,35,39,38,36,37,34,40,20,26,27,24,25,235,21],"class_list":{"0":"post-32745","1":"post","2":"type-post","3":"status-publish","4":"format-standard","5":"has-post-thumbnail","7":"category-aktualitates","8":"tag-aktualitates","9":"tag-breaking-news","10":"tag-breakingnews","11":"tag-donalds-tramps","12":"tag-featured-news","13":"tag-featurednews","14":"tag-headlines","15":"tag-krievijas-iebrukums-ukraina","16":"tag-latest-news","17":"tag-latestnews","18":"tag-latvia","19":"tag-latvian","20":"tag-latviesu","21":"tag-latviesu-valoda","22":"tag-latviesuvaloda","23":"tag-latvija","24":"tag-lv","25":"tag-news","26":"tag-popularakas-zinas","27":"tag-popularakaszinas","28":"tag-top-stories","29":"tag-topstories","30":"tag-vladimirs-putins","31":"tag-zinas"},"share_on_mastodon":{"url":"https:\/\/pubeurope.com\/@lv\/115447065697583209","error":""},"_links":{"self":[{"href":"https:\/\/www.europesays.com\/lv\/wp-json\/wp\/v2\/posts\/32745","targetHints":{"allow":["GET"]}}],"collection":[{"href":"https:\/\/www.europesays.com\/lv\/wp-json\/wp\/v2\/posts"}],"about":[{"href":"https:\/\/www.europesays.com\/lv\/wp-json\/wp\/v2\/types\/post"}],"author":[{"embeddable":true,"href":"https:\/\/www.europesays.com\/lv\/wp-json\/wp\/v2\/users\/2"}],"replies":[{"embeddable":true,"href":"https:\/\/www.europesays.com\/lv\/wp-json\/wp\/v2\/comments?post=32745"}],"version-history":[{"count":0,"href":"https:\/\/www.europesays.com\/lv\/wp-json\/wp\/v2\/posts\/32745\/revisions"}],"wp:featuredmedia":[{"embeddable":true,"href":"https:\/\/www.europesays.com\/lv\/wp-json\/wp\/v2\/media\/32746"}],"wp:attachment":[{"href":"https:\/\/www.europesays.com\/lv\/wp-json\/wp\/v2\/media?parent=32745"}],"wp:term":[{"taxonomy":"category","embeddable":true,"href":"https:\/\/www.europesays.com\/lv\/wp-json\/wp\/v2\/categories?post=32745"},{"taxonomy":"post_tag","embeddable":true,"href":"https:\/\/www.europesays.com\/lv\/wp-json\/wp\/v2\/tags?post=32745"}],"curies":[{"name":"wp","href":"https:\/\/api.w.org\/{rel}","templated":true}]}}