{"id":32751,"date":"2025-10-27T16:31:12","date_gmt":"2025-10-27T16:31:12","guid":{"rendered":"https:\/\/www.europesays.com\/lv\/32751\/"},"modified":"2025-10-27T16:31:12","modified_gmt":"2025-10-27T16:31:12","slug":"latvijas-pasts-izdos-pastmarku-latvijas-radio-simtgadei","status":"publish","type":"post","link":"https:\/\/www.europesays.com\/lv\/32751\/","title":{"rendered":"&#8220;Latvijas pasts&#8221; izdos pastmarku Latvijas Radio simtgadei"},"content":{"rendered":"<p>Atz\u012bm\u0113jot Latvijas Radio 100. dzim\u0161anas dienu, VAS &#8220;Latvijas\u00a0Pasts&#8221; izdos \u0161im notikumam velt\u012btu pastmarku. T\u0101s prezent\u0101cija ar daudzveid\u012bgu un muzik\u0101lu programmu gaid\u0101ma 30. oktobr\u012b plkst. 17.00 tirdzniec\u012bbas centr\u0101 &#8220;Akropole Alfa&#8221;.<\/p>\n<p>Uz\u0146\u0113mum\u0101 pav\u0113st\u012bja, ka pastmarkas ilustr\u0101cijas autors ir Kristians \u0160tobis, pastmarkas dizaina konkursa uzvar\u0113t\u0101js, savuk\u0101rt t\u0101s salikumu veidojusi grafisk\u0101 dizainere Be\u0101te B\u0113rzi\u0146a. Aploksnes noform\u0113jum\u0101 izmantots QR kods, kas, to nosken\u0113jot, \u013caus noklaus\u012bties pirms simts gadiem pirmaj\u0101 radio p\u0101rraid\u0113 atska\u0146oto operas &#8220;Madame Butterfly&#8221; \u010co \u010co Sanas \u0101riju latvie\u0161u valod\u0101.<\/p>\n<p>Pastmarkas nomin\u0101lv\u0113rt\u012bba ir 2,30 eiro, t\u0101 tiks izdota 10 000 eksempl\u0101ros un b\u016bs der\u012bga s\u016bt\u012bjumu apmaksai svara kategorij\u0101 l\u012bdz 20 gramiem Latvijas teritorij\u0101. \u012apa\u0161\u0101 dizaina aploksnes b\u016bs pieejamas 500 eksempl\u0101ros.<\/p>\n<p>&#8220;Str\u0101d\u0101jot pie dizaina, manupr\u0101t, viena no svar\u012bg\u0101kaj\u0101m liet\u0101m ir \u0146emt v\u0113r\u0101 v\u0113sturi un savienot to ar m\u016bsdienu kontekstu. Man lik\u0101s interesanti, ka Latvijas Radio pirm\u0101 p\u0101rraide bija &#8220;Madame Butterfly&#8221; transl\u0101cija no operas. Tas mani uzrun\u0101ja, jo taurenis m\u0101kslas v\u0113stur\u0113 bie\u017ei tiek uzl\u016bkots k\u0101 dv\u0113seles nemirst\u012bbas simbols. Ja velkam paral\u0113les, tad ar\u012b Latvijas Radio, par sp\u012bti da\u017e\u0101diem \u0161\u0137\u0113r\u0161\u013ciem un p\u0101rbaud\u012bjumiem, turpina past\u0101v\u0113t. Savuk\u0101rt tauri\u0146a baltie un melnie silueti simboliz\u0113 radio vi\u013c\u0146us. V\u0113l\u0113jos, lai pastmarkas dizains ir vienk\u0101r\u0161s, bet efekt\u012bvs, akcent\u0113jot taureni, kas to visu simboliz\u0113,&#8221; st\u0101sta pastmarkas dizaina autors Kristians \u0160tobis.<\/p>\n<p>Pastmarkas pirm\u0101s dienas z\u012bmogo\u0161ana paredz\u0113ta 30. oktobr\u012b klientu centr\u0101 &#8220;Alfa&#8221; no plkst. 12.00 l\u012bdz 21.00, savuk\u0101rt t\u0101s prezent\u0101cija, ko vad\u012bs Latvijas Radio 2 balss, dziesminieks un dzejo\u013cu autors M\u0101rti\u0146\u0161 Kanters, s\u0101ksies plkst. 17.00 tirdzniec\u012bbas centra centr\u0101laj\u0101 laukum\u0101. Pas\u0101kum\u0101 piedal\u012bsies &#8220;Latvijas Pasta&#8221; valdes loceklis Andris Puri\u0146\u0161 un Latvijas Sabiedrisk\u0101 Medija priek\u0161s\u0113d\u0113t\u0101ja Baiba Z\u016bzena, un t\u0101 laik\u0101 pl\u0101notas da\u017e\u0101das aktivit\u0101tes \u0123imen\u0113m un b\u0113rniem.<\/p>\n","protected":false},"excerpt":{"rendered":"Atz\u012bm\u0113jot Latvijas Radio 100. dzim\u0161anas dienu, VAS &#8220;Latvijas\u00a0Pasts&#8221; izdos \u0161im notikumam velt\u012btu pastmarku. T\u0101s prezent\u0101cija ar daudzveid\u012bgu un&hellip;\n","protected":false},"author":2,"featured_media":32752,"comment_status":"","ping_status":"","sticky":false,"template":"","format":"standard","meta":{"footnotes":""},"categories":[5],"tags":[23,28,29,47,32,33,22,381,64,30,31,35,39,38,36,37,34,40,20,385,26,27,172,382,384,383,24,25,21],"class_list":{"0":"post-32751","1":"post","2":"type-post","3":"status-publish","4":"format-standard","5":"has-post-thumbnail","7":"category-aktualitates","8":"tag-aktualitates","9":"tag-breaking-news","10":"tag-breakingnews","11":"tag-ekonomika","12":"tag-featured-news","13":"tag-featurednews","14":"tag-headlines","15":"tag-jaunumi","16":"tag-kultura","17":"tag-latest-news","18":"tag-latestnews","19":"tag-latvia","20":"tag-latvian","21":"tag-latviesu","22":"tag-latviesu-valoda","23":"tag-latviesuvaloda","24":"tag-latvija","25":"tag-lv","26":"tag-news","27":"tag-pieriga","28":"tag-popularakas-zinas","29":"tag-popularakaszinas","30":"tag-riga","31":"tag-sabiedriba","32":"tag-sludinajumi","33":"tag-sports-afisa","34":"tag-top-stories","35":"tag-topstories","36":"tag-zinas"},"share_on_mastodon":{"url":"https:\/\/pubeurope.com\/@lv\/115447089376553013","error":""},"_links":{"self":[{"href":"https:\/\/www.europesays.com\/lv\/wp-json\/wp\/v2\/posts\/32751","targetHints":{"allow":["GET"]}}],"collection":[{"href":"https:\/\/www.europesays.com\/lv\/wp-json\/wp\/v2\/posts"}],"about":[{"href":"https:\/\/www.europesays.com\/lv\/wp-json\/wp\/v2\/types\/post"}],"author":[{"embeddable":true,"href":"https:\/\/www.europesays.com\/lv\/wp-json\/wp\/v2\/users\/2"}],"replies":[{"embeddable":true,"href":"https:\/\/www.europesays.com\/lv\/wp-json\/wp\/v2\/comments?post=32751"}],"version-history":[{"count":0,"href":"https:\/\/www.europesays.com\/lv\/wp-json\/wp\/v2\/posts\/32751\/revisions"}],"wp:featuredmedia":[{"embeddable":true,"href":"https:\/\/www.europesays.com\/lv\/wp-json\/wp\/v2\/media\/32752"}],"wp:attachment":[{"href":"https:\/\/www.europesays.com\/lv\/wp-json\/wp\/v2\/media?parent=32751"}],"wp:term":[{"taxonomy":"category","embeddable":true,"href":"https:\/\/www.europesays.com\/lv\/wp-json\/wp\/v2\/categories?post=32751"},{"taxonomy":"post_tag","embeddable":true,"href":"https:\/\/www.europesays.com\/lv\/wp-json\/wp\/v2\/tags?post=32751"}],"curies":[{"name":"wp","href":"https:\/\/api.w.org\/{rel}","templated":true}]}}