{"id":32762,"date":"2025-10-27T17:09:09","date_gmt":"2025-10-27T17:09:09","guid":{"rendered":"https:\/\/www.europesays.com\/lv\/32762\/"},"modified":"2025-10-27T17:09:09","modified_gmt":"2025-10-27T17:09:09","slug":"latvijas-kamaninu-sporta-izlase-kortina-dampeco-sak-treninnometni-olimpiskaja-trase","status":"publish","type":"post","link":"https:\/\/www.europesays.com\/lv\/32762\/","title":{"rendered":"Latvijas kamani\u0146u sporta izlase Kort\u012bna d\u2019Ampeco s\u0101k treni\u0146nometni olimpiskaj\u0101 tras\u0113"},"content":{"rendered":"<p>Latvijas kamani\u0146u sporta izlase ir uzs\u0101kusi treni\u0146nometni It\u0101lijas Alpos, kur jaunaj\u0101 olimpiskaj\u0101 tras\u0113 &#8220;Cortina Sliding Centre&#8221; notiks 2026. gada Mil\u0101nas-Kort\u012bnas d\u2019Ampeco ziemas olimpisk\u0101s sp\u0113les, pirmdien zi\u0146o Latvijas Kamani\u0146u sporta feder\u0101cija (LKSF).<\/p>\n<p>Tiek zi\u0146ots, ka sportisti un treneri \u0161obr\u012bd str\u0101d\u0101 Kort\u012bn\u0101 d\u2019Ampeco, kur ir piln\u012bb\u0101 atjaunota trase. \u0160\u012b ir pirm\u0101 jaunuzb\u016bv\u0113t\u0101 trase Eirop\u0101 p\u0113d\u0113jo 15 gadu laik\u0101, un \u0161eit tiks sadal\u012bti olimpiskie meda\u013cu komplekti kamani\u0146u sport\u0101, skeleton\u0101 un bobslej\u0101.<\/p>\n<p>Trases kop\u0113jais garums ir 1730 metri. Taj\u0101 ir iek\u013cautas 16 vir\u0101\u017eas, un sportisti sasniedz \u0101trumu l\u012bdz 140 kilometriem stund\u0101. Trase ir projekt\u0113ta, iev\u0113rojot Starptautisk\u0101s Kamani\u0146u sporta feder\u0101cijas (FIL) un Starptautisk\u0101s Bobsleja un skeletona feder\u0101cijas (IBSF) dro\u0161\u012bbas standartus, nodro\u0161inot gan sportistu dro\u0161\u012bbu, gan optim\u0101lu ledus kvalit\u0101ti un skat\u012bt\u0101ju redzam\u012bbu.<\/p>\n<p>LKSF uzsver, ka Latvijas izlase \u0161o treni\u0146nometni uzs\u0101k ar m\u0113r\u0137i iepaz\u012bt jauno olimpisko trasi, analiz\u0113t t\u0101s \u012bpatn\u012bbas un pilnveidot tehniku, kas b\u016bs iz\u0161\u0137iro\u0161a c\u012b\u0146\u0101 par augst\u0101kajiem rezult\u0101tiem n\u0101kamgad.<\/p>\n<p>&#8220;\u0160\u012b treni\u0146nometne ir daudz vair\u0101k nek\u0101 tikai sagatavo\u0161an\u0101s posms. T\u0101 ir pirm\u0101 re\u0101l\u0101 iepaz\u012b\u0161an\u0101s ar trasi, kur n\u0101kamgad tiks dal\u012btas olimpisk\u0101s meda\u013cas,&#8221; nor\u0101da izlases treneris Daniels Fogelis.<\/p>\n<p>&#8220;Katrs brauciens ir iesp\u0113ja saprast, k\u0101 trase &#8220;elpo&#8221;, k\u0101 main\u0101s ledus un k\u0101da ir katras vir\u0101\u017eas dinamika,&#8221; saka treneris.<\/p>\n<p>Sportisti Kort\u012bn\u0101 d&#8217;Ampeco test\u0113 da\u017e\u0101dus kamanu regul\u0113jumus, mekl\u0113jot piem\u0113rot\u0101ko apr\u012bkojuma konfigur\u0101ciju un optim\u0101l\u0101k\u0101s trajektorijas.<\/p>\n<p><img decoding=\"async\" src=\"https:\/\/www.europesays.com\/lv\/wp-content\/uploads\/2025\/10\/Kortina2.jpeg\" alt=\"\"\/><\/p>\n<p>Treni\u0146u process ietver ar\u012b starta tehnikas pilnveidi, fizisk\u0101s sagatavot\u012bbas nostiprin\u0101\u0161anu un psiholo\u0123isko notur\u012bbu.<\/p>\n<p>&#8220;Kamani\u0146u sports ir precizit\u0101tes un koncentr\u0113\u0161an\u0101s discipl\u012bna. Kort\u012bnas trase ir tehniski \u013coti sare\u017e\u0123\u012bta, t\u0101p\u0113c katra diena \u0161eit mums dod jaunu izpratni un p\u0101rliec\u012bbu,&#8221; piebilst Fogelis.<\/p>\n<p>Izlases sportisti tren\u0113jas gan individu\u0101li, gan kop\u0101, daloties pieredz\u0113 un pal\u012bdzot viens otram.<\/p>\n<p>&#8220;\u0160\u012b ir tehniski sare\u017e\u0123\u012bta trase ar \u013coti main\u012bgu ritmu, ir daudz vir\u0101\u017eu, kas prasa gan sp\u0113ku, gan prec\u012bzu saj\u016btu,&#8221; saka viens no Latvijas izlases vado\u0161ajiem sportistiem Kristers Aparjods.<\/p>\n<p>&#8220;T\u0101 nav &#8220;piedodo\u0161a&#8221; trase &#8211; k\u013c\u016bdas maks\u0101 d\u0101rgi, bet tie\u0161i tas padara \u0161o sportu interesantu. Jo agr\u0101k m\u0113s to apg\u016bsim, jo p\u0101rliecin\u0101t\u0101ki b\u016bsim olimpiskaj\u0101 start\u0101,&#8221; saka Aparjods.<\/p>\n<p>El\u012bna Ieva Bota, kas Kort\u012bn\u0101 tren\u0113jas pirmo reizi, uzsver no cit\u0101m tras\u0113m at\u0161\u0137ir\u012bgo.<\/p>\n<p>&#8220;\u0160eit ir cita dinamika &#8211; \u0101trums un ledus strukt\u016bra j\u016btami at\u0161\u0137iras. Ir svar\u012bgi atrast stabilit\u0101ti, un \u0161ie treni\u0146i pal\u012bdz to pan\u0101kt,&#8221; saka Bota, piebilstot, ka komand\u0101 ir \u013coti laba atmosf\u0113ra, visi str\u0101d\u0101 ar m\u0113r\u0137i un atbalsta viens otru.<\/p>\n<p>P\u0113c treni\u0146nometnes Kort\u012bn\u0101 Latvijas izlase turpin\u0101s gatavo\u0161anos Pasaules kausa sezonai, kas s\u0101ksies decembr\u012b.<\/p>\n<p>&#8220;\u0160is sagatavo\u0161an\u0101s cikls ir viens no b\u016btisk\u0101kajiem posmiem ce\u013c\u0101 uz Mil\u0101nas-Kort\u012bnas d&#8217;Ampeco olimpiskaj\u0101m sp\u0113l\u0113m. Katrs \u0161\u012bs nometnes treni\u0146\u0161 ir ieguld\u012bjums n\u0101kotnes pan\u0101kumos, un m\u0113s redzam, ka sportisti ir motiv\u0113ti un ap\u0146\u0113m\u012bgi,&#8221; uzsver LKSF \u0123ener\u0101lsekret\u0101rs Kristaps Mauri\u0146\u0161.<\/p>\n<p>Jau zi\u0146ots, ka oktobra s\u0101kum\u0101 Latvijas izlase aizvad\u012bja treni\u0146nometni Norv\u0113\u0123ijas tras\u0113 Lillehammer\u0113, bet Latvijas kausa sacens\u012bb\u0101s piektdien Siguld\u0101 par uzvar\u0113t\u0101jiem k\u013cuva Aparjods un Bota, k\u0101 ar\u012b ekip\u0101\u017eas M\u0101rti\u0146\u0161 Bots\/Roberts Pl\u016bme un Marta Robe\u017eniece\/Kitija Bogdanova.<\/p>\n","protected":false},"excerpt":{"rendered":"Latvijas kamani\u0146u sporta izlase ir uzs\u0101kusi treni\u0146nometni It\u0101lijas Alpos, kur jaunaj\u0101 olimpiskaj\u0101 tras\u0113 &#8220;Cortina Sliding Centre&#8221; notiks 2026.&hellip;\n","protected":false},"author":2,"featured_media":32763,"comment_status":"","ping_status":"","sticky":false,"template":"","format":"standard","meta":{"footnotes":""},"categories":[17],"tags":[35,39,38,36,37,34,40,443,7131,615,67],"class_list":{"0":"post-32762","1":"post","2":"type-post","3":"status-publish","4":"format-standard","5":"has-post-thumbnail","7":"category-sports","8":"tag-latvia","9":"tag-latvian","10":"tag-latviesu","11":"tag-latviesu-valoda","12":"tag-latviesuvaloda","13":"tag-latvija","14":"tag-lv","15":"tag-ropazi","16":"tag-saulkrasti","17":"tag-sigulda","18":"tag-sports"},"share_on_mastodon":{"url":"https:\/\/pubeurope.com\/@lv\/115447238747912745","error":""},"_links":{"self":[{"href":"https:\/\/www.europesays.com\/lv\/wp-json\/wp\/v2\/posts\/32762","targetHints":{"allow":["GET"]}}],"collection":[{"href":"https:\/\/www.europesays.com\/lv\/wp-json\/wp\/v2\/posts"}],"about":[{"href":"https:\/\/www.europesays.com\/lv\/wp-json\/wp\/v2\/types\/post"}],"author":[{"embeddable":true,"href":"https:\/\/www.europesays.com\/lv\/wp-json\/wp\/v2\/users\/2"}],"replies":[{"embeddable":true,"href":"https:\/\/www.europesays.com\/lv\/wp-json\/wp\/v2\/comments?post=32762"}],"version-history":[{"count":0,"href":"https:\/\/www.europesays.com\/lv\/wp-json\/wp\/v2\/posts\/32762\/revisions"}],"wp:featuredmedia":[{"embeddable":true,"href":"https:\/\/www.europesays.com\/lv\/wp-json\/wp\/v2\/media\/32763"}],"wp:attachment":[{"href":"https:\/\/www.europesays.com\/lv\/wp-json\/wp\/v2\/media?parent=32762"}],"wp:term":[{"taxonomy":"category","embeddable":true,"href":"https:\/\/www.europesays.com\/lv\/wp-json\/wp\/v2\/categories?post=32762"},{"taxonomy":"post_tag","embeddable":true,"href":"https:\/\/www.europesays.com\/lv\/wp-json\/wp\/v2\/tags?post=32762"}],"curies":[{"name":"wp","href":"https:\/\/api.w.org\/{rel}","templated":true}]}}