{"id":32766,"date":"2025-10-27T17:35:10","date_gmt":"2025-10-27T17:35:10","guid":{"rendered":"https:\/\/www.europesays.com\/lv\/32766\/"},"modified":"2025-10-27T17:35:10","modified_gmt":"2025-10-27T17:35:10","slug":"krievija-pielagojas-un-mekle-veidus-sankciju-apiesanai","status":"publish","type":"post","link":"https:\/\/www.europesays.com\/lv\/32766\/","title":{"rendered":"Krievija piel\u0101gojas un mekl\u0113 veidus sankciju apie\u0161anai"},"content":{"rendered":"<p>Astukevi\u010ds uzsv\u0113ra, ka ASV sankciju m\u0113r\u0137is ir pan\u0101kt progresu Ukrainas kara noregul\u0113\u0161an\u0101. Vi\u0146\u0161 nor\u0101d\u012bja, ka ASV izmantos <a href=\"https:\/\/www.apollo.lv\/term\/556173\/sankcijas\" class=\"topicLink\" target=\"_blank\" rel=\"nofollow noopener\">sankcijas<\/a> k\u0101 instrumentu, lai Krieviju dab\u016btu tuv\u0101k sarunu galdam &#8211; ne tikai simboliski, bet ar\u012b praktiski, piebilstot, ka Krievijas piek\u0101p\u0161an\u0101s patlaban ir maz ticama.<\/p>\n<p>P\u0113tnieks nor\u0101d\u012bja, ka sankciju efekts neb\u016bs t\u016bl\u012bt\u0113js, ta\u010du rad\u012bs papildu finansi\u0101lu spiedienu uz Krievijas bud\u017eetu. Vi\u0146\u0161 skaidroja, ka Krievijas ie\u0146\u0113mumi no naftas ieguves jau tagad ir zem\u0101ki, un bud\u017eeta prognozes \u0161ogad ir samazin\u0101tas. Astukevi\u010da ieskat\u0101 pirm\u0101s efekta paz\u012bmes var\u0113tu b\u016bt redzamas pusgada laik\u0101, ja sankcijas tiek \u012bstenotas un piem\u0113rotas.<\/p>\n<p>Vi\u0146\u0161 atz\u012bm\u0113ja, ka Krievija jau \u012bsteno pas\u0101kumus, lai mazin\u0101tu atkar\u012bbu no naftas ien\u0101kumiem &#8211; paaugstinot pievienot\u0101s v\u0113rt\u012bbas nodokli, ievie\u0161ot jaunus re\u0123ion\u0101los maks\u0101jumus un pl\u0101nojot l\u012bdz 2030. gadam samazin\u0101t naftas ie\u0146\u0113mumu \u012bpatsvaru bud\u017eet\u0101. Eksperts secin\u0101ja, ka Krievija akt\u012bvi mekl\u0113 veidus, k\u0101 diversific\u0113t ie\u0146\u0113mumus, apzinoties sankciju ietekmi.<\/p>\n<p>P\u0113c p\u0113tnieka paust\u0101, Maskava s\u016bta sign\u0101lus ar\u012b diplom\u0101tisk\u0101 l\u012bmen\u012b &#8211; Krievija uz ASV ir nos\u016bt\u012bjusi Vladimira Putina \u012bpa\u0161o s\u016btni un Krievijas Tie\u0161o invest\u012bciju fonda vad\u012bt\u0101ju Kirilu Dmitrijevu.<\/p>\n<blockquote class=\"quote ck-widget\" contenteditable=\"false\">\n<p>Astukevi\u010ds uzsv\u0113ra, ka vi\u0146a v\u0113st\u012bjums ir div\u0113j\u0101ds &#8211; no vienas puses izskan apgalvojums, ka Krievijas ekonomika ir notur\u012bga, no otras &#8211; netie\u0161s drauds ar eskal\u0101ciju, pat pieminot kodoliero\u010du m\u0101c\u012bbas. Eksperts akcent\u0113ja, ka \u0161\u0101da retorika tiek izmantota, lai &#8220;paaugstin\u0101tu draudu uztveri otr\u0101 oke\u0101na pus\u0113&#8221;.<\/p>\n<\/blockquote>\n<p>Run\u0101jot par sankciju potenci\u0101lo ietekmi, p\u0113tnieks atzina, ka &#8220;patlaban Krievijas s\u0101pju slieksnis nav sasniegts&#8221;. Vi\u0146apr\u0101t, Krem\u013ca dom\u0101\u0161an\u0101 kara turpin\u0101\u0161ana joproj\u0101m ir priorit\u0101te, un Krievija ir gatava ciest ar\u012b ekonomiskas s\u0101pes, lai karu turpin\u0101tu.<\/p>\n","protected":false},"excerpt":{"rendered":"Astukevi\u010ds uzsv\u0113ra, ka ASV sankciju m\u0113r\u0137is ir pan\u0101kt progresu Ukrainas kara noregul\u0113\u0161an\u0101. Vi\u0146\u0161 nor\u0101d\u012bja, ka ASV izmantos sankcijas&hellip;\n","protected":false},"author":2,"featured_media":32767,"comment_status":"","ping_status":"","sticky":false,"template":"","format":"standard","meta":{"footnotes":""},"categories":[14],"tags":[23,57,28,29,32,33,22,234,30,31,35,39,38,36,37,34,40,2421,20,26,27,511,24,25,54,55,56,21,58],"class_list":{"0":"post-32766","1":"post","2":"type-post","3":"status-publish","4":"format-standard","5":"has-post-thumbnail","7":"category-zinas-no-arvalstim","8":"tag-aktualitates","9":"tag-arvalstim","10":"tag-breaking-news","11":"tag-breakingnews","12":"tag-featured-news","13":"tag-featurednews","14":"tag-headlines","15":"tag-krievija","16":"tag-latest-news","17":"tag-latestnews","18":"tag-latvia","19":"tag-latvian","20":"tag-latviesu","21":"tag-latviesu-valoda","22":"tag-latviesuvaloda","23":"tag-latvija","24":"tag-lv","25":"tag-nafta","26":"tag-news","27":"tag-popularakas-zinas","28":"tag-popularakaszinas","29":"tag-sankcijas","30":"tag-top-stories","31":"tag-topstories","32":"tag-world","33":"tag-world-news","34":"tag-worldnews","35":"tag-zinas","36":"tag-zinas-no-arvalstim"},"share_on_mastodon":{"url":"https:\/\/pubeurope.com\/@lv\/115447340968152168","error":""},"_links":{"self":[{"href":"https:\/\/www.europesays.com\/lv\/wp-json\/wp\/v2\/posts\/32766","targetHints":{"allow":["GET"]}}],"collection":[{"href":"https:\/\/www.europesays.com\/lv\/wp-json\/wp\/v2\/posts"}],"about":[{"href":"https:\/\/www.europesays.com\/lv\/wp-json\/wp\/v2\/types\/post"}],"author":[{"embeddable":true,"href":"https:\/\/www.europesays.com\/lv\/wp-json\/wp\/v2\/users\/2"}],"replies":[{"embeddable":true,"href":"https:\/\/www.europesays.com\/lv\/wp-json\/wp\/v2\/comments?post=32766"}],"version-history":[{"count":0,"href":"https:\/\/www.europesays.com\/lv\/wp-json\/wp\/v2\/posts\/32766\/revisions"}],"wp:featuredmedia":[{"embeddable":true,"href":"https:\/\/www.europesays.com\/lv\/wp-json\/wp\/v2\/media\/32767"}],"wp:attachment":[{"href":"https:\/\/www.europesays.com\/lv\/wp-json\/wp\/v2\/media?parent=32766"}],"wp:term":[{"taxonomy":"category","embeddable":true,"href":"https:\/\/www.europesays.com\/lv\/wp-json\/wp\/v2\/categories?post=32766"},{"taxonomy":"post_tag","embeddable":true,"href":"https:\/\/www.europesays.com\/lv\/wp-json\/wp\/v2\/tags?post=32766"}],"curies":[{"name":"wp","href":"https:\/\/api.w.org\/{rel}","templated":true}]}}