{"id":32772,"date":"2025-10-27T17:47:07","date_gmt":"2025-10-27T17:47:07","guid":{"rendered":"https:\/\/www.europesays.com\/lv\/32772\/"},"modified":"2025-10-27T17:47:07","modified_gmt":"2025-10-27T17:47:07","slug":"krievija-ar-lieliem-zaudejumiem-grauzas-dzilak-ukraina-smagaka-situacija-pokrovskas-pilseta-raksts","status":"publish","type":"post","link":"https:\/\/www.europesays.com\/lv\/32772\/","title":{"rendered":"Krievija ar lieliem zaud\u0113jumiem \u00abgrau\u017eas\u00bb dzi\u013c\u0101k Ukrain\u0101 \u2013 smag\u0101k\u0101 situ\u0101cija Pokrovskas pils\u0113t\u0101 \/ Raksts"},"content":{"rendered":"<p>L\u0113n\u0101m, ar milz\u012bgiem zaud\u0113jumiem, tom\u0113r Krievijas armija turpina virz\u012bbu dzi\u013c\u0101k Ukrainas teritorij\u0101. P\u0113d\u0113jo dienu laik\u0101 \u012bpa\u0161i smaga situ\u0101cija izveidojusies Pokrovskas pils\u0113t\u0101, kur ieg\u0101ju\u0161i vair\u0101ki simti iebruc\u0113ju un s\u0101ku\u0161\u0101s ielu kaujas.<\/p>\n<p style=\"margin-left:0cm; margin-right:0cm\">Situ\u0101cija Pokrovsk\u0101 ir pasliktin\u0101jusies\u00a0\u2013\u00a0\u0161obr\u012bd tiek zi\u0146ots, ka vismaz 200 Krievijas karav\u012bru ien\u0101ku\u0161i pils\u0113t\u0101 un tur notiek ielu kaujas. S\u0101kotn\u0113ji par to zi\u0146oja Ukrainas mediji, bet \u0161aj\u0101s dien\u0101s to apstiprin\u0101jusi ar\u012b Ukrainas armija, nor\u0101dot, ka c\u012b\u0146a turpin\u0101s. Ar\u012b iepriek\u0161 j\u016blij\u0101 tika zi\u0146ots, ka iebruc\u0113ji ien\u0101ku\u0161i Pokrovsk\u0101, bet tobr\u012bd tas bija maz\u0101k\u0101s grup\u0101s un ukrai\u0146iem \u0161o uzbrukumu izdev\u0101s atvair\u012bt.<\/p>\n<blockquote>\n<p style=\"margin-left:0cm; margin-right:0cm\">\u0160obr\u012bd Ukrainas mediji zi\u0146o, ka situ\u0101cija Pokrovsk\u0101 jau ir pavisam slikta. Situ\u0101cijas sare\u017e\u0123\u012bt\u012bbu apstiprin\u0101ja ar\u012b Ukrainas prezidents Volodimirs Zelenskis sav\u0101 ikvakara uzrun\u0101 tautai.<\/p>\n<\/blockquote>\n<p style=\"margin-left:0cm; margin-right:0cm\">&#8220;Pokrovskas virzien\u0101 \u0161obr\u012bd ir \u013coti, \u013coti sare\u017e\u0123\u012bta situ\u0101cija. Tie\u0161i tur krievi ir koncentr\u0113ju\u0161i savas galven\u0101s uzbrukuma vien\u012bbas. Tas rada sare\u017e\u0123\u012btu situ\u0101ciju ar\u012b pils\u0113t\u0101 un visos apkaimes rajonos. Asas c\u012b\u0146as notiek visur \u2013\u00a0gan pie pils\u0113tas, gan taj\u0101. Smaga situ\u0101cija tur ir ar\u012b ar lo\u0123istiku, bet nepiecie\u0161ams turpin\u0101t izn\u012bcin\u0101t okupantus un rad\u012bt vi\u0146iem p\u0113c iesp\u0113jas liel\u0101kus zaud\u0113jumus,&#8221; vi\u0146\u0161 pauda.\u00a0<\/p>\n<p style=\"margin-left:0cm; margin-right:0cm\">Izdevums &#8220;Ukrainska Pravda&#8221;\u00a0zi\u0146o, ka jau otro reizi Krievijas armijas grup\u0101m izdevies izlauzties cauri ukrai\u0146u aizsardz\u012bbai. Iepriek\u0161 tas\u00a0izdev\u0101s jau august\u0101, bet kop\u0161 t\u0101 laika vi\u0146i ir nostiprin\u0101ju\u0161ies, s\u0101ku\u0161\u0101s ielu kaujas.\u00a0<\/p>\n<p style=\"margin-left:0cm; margin-right:0cm\">Ukrainas karav\u012bru sp\u0113jas aizst\u0101v\u0113ties apgr\u016btina tas, ka lo\u0123istika ir \u0101rk\u0101rt\u012bgi sare\u017e\u0123\u012bta \u2013\u00a0visus ce\u013cus iebrauk\u0161anai Pokrovsk\u0101 kontrol\u0113 agresora droni, t\u0101p\u0113c p\u0101rvieto\u0161an\u0101s notiek tikai ar k\u0101j\u0101m \u2013 ir j\u0101noiet 10\u201315 kilometri, nesot visu milit\u0101ro apr\u012bkojumu.\u00a0<\/p>\n<p style=\"margin-left:0cm; margin-right:0cm\">Ar\u012b ievainoto evaku\u0101cija ir \u0101rk\u0101rt\u012bgi apgr\u016btin\u0101ta, bet Pokrovsk\u0101 eso\u0161ie ukrai\u0146u karav\u012bri nav nomain\u012bti jau vair\u0101kus m\u0113ne\u0161us. Ar\u012b vi\u0146u apg\u0101de ar p\u0101rtiku un visu izdz\u012bvo\u0161anai nepiecie\u0161amo ir \u013coti sare\u017e\u0123\u012bta, un medijs zi\u0146o, ka past\u0101v risks \u2013 Pokrovsku un Mirnogradu okupanti var piln\u012bb\u0101 ielenkt.<\/p>\n<blockquote>\n<p style=\"margin-left:0cm; margin-right:0cm\">Par sp\u012bti tam, ka pils\u0113tas evaku\u0101cija s\u0101k\u0101s jau pirms vair\u0101k nek\u0101 gada, daudzi simti Pokrovskas iedz\u012bvot\u0101ju nev\u0113l\u0113j\u0101s pamest savas m\u0101jas. Un pag\u0101ju\u0161aj\u0101\u00a0ned\u0113\u013c\u0101 ar\u012b pien\u0101ca zi\u0146as no br\u012bvpr\u0101t\u012bgajiem, ka Krievijas armija \u0161auj pa civilajiem iedz\u012bvot\u0101jiem.<\/p>\n<\/blockquote>\n<p style=\"margin-left:0cm; margin-right:0cm\">Tika public\u0113ts br\u012bvpr\u0101t\u012bgo uz\u0146emts video, kur redzami nogalin\u0101ti civiliedz\u012bvot\u0101ji. Savuk\u0101rt Ukrainas Aizsardz\u012bbas ministrijas Galven\u0101 izl\u016bko\u0161anas p\u0101rvalde public\u0113ja p\u0101rtvertu sarunas ierakstu, kur\u0101 bija dzirdams, k\u0101 Krievijas komandieris pav\u0113l saviem padotajiem nogalin\u0101t civiliedz\u012bvot\u0101jus, kuri iet ar som\u0101m un m\u0113\u0123ina pamest kaujas zonu. Ir lielas ba\u017eas, ka Pokrovsk\u0101 atliku\u0161ie civliedz\u012bvot\u0101ji var piedz\u012bvot to pa\u0161u, ko cilv\u0113ki Bu\u010d\u0101 un Irpi\u0146\u0101, kad tur ien\u0101ca Krievijas armija.\u00a0<\/p>\n<p style=\"margin-left:0cm; margin-right:0cm\">K\u0101 jau kar\u0101, situ\u0101cija p\u0101r\u0113jos frontes atzaros ir\u00a0\u013coti main\u012bga un dinamiska. Milz\u012bgu izr\u0101vienu uz priek\u0161u nav nevienai pusei, ta\u010du kopum\u0101 ir j\u016btams liel\u0101ks spiediens no Krievijas puses. K\u0101 zi\u0146o pa\u0161u ukrai\u0146u anal\u012btiskais projekts &#8220;Deep State&#8221;, p\u0113d\u0113jo dienu laik\u0101 okupantu armijai ir izdevies nedaudz pavirz\u012bties uz priek\u0161u gan Harkivas apgabal\u0101, gan D\u0146ipropetrovskas apgabal\u0101 \u2013\u00a0tur kaujas notiek pie pa\u0161as apgabala robe\u017eas.<\/p>\n<p style=\"margin-left:0cm; margin-right:0cm\">Tas ar\u012b k\u013cuvis par v\u0113l vienu apgabalu Ukrain\u0101, kuru tie\u0161\u0101 veid\u0101 \u0161\u0137\u0113rso frontes l\u012bnija. Krievijai tas gan maks\u0101jis daudz. K\u0101 \u0161odien nor\u0101d\u012bjis Zelenskis, agresors \u0161ogad vien ir zaud\u0113jis 346 t\u016bksto\u0161us karav\u012bru \u2013\u00a0tas ir iebrukum\u0101 Ukrain\u0101 kritu\u0161o un ievainoto cilv\u0113ku skaits.<\/p>\n<p style=\"margin-left:0cm; margin-right:0cm\">Zelenskis ar\u012b intervij\u0101 medijam &#8220;Axios&#8221; pauda, ka \u0161obr\u012bd kar\u0101 Ukrain\u0101 &#8220;neviens neuzvar&#8221;. P\u0113c ukrai\u0146u r\u012bc\u012bb\u0101 eso\u0161\u0101s inform\u0101cijas, Vladimirs Putins saviem sabiedrotajiem liel\u012bjies, ka l\u012bdz 15. oktobrim iekaros visu Donbasu. Pa\u0161a noteiktais termi\u0146\u0161 ir pag\u0101jis, un, k\u0101 redzams, tas nav noticis.<\/p>\n<p>KONTEKSTS:<\/p>\n<p>Nepamatotais un neizprovoc\u0113tais Krievijas pla\u0161a m\u0113roga iebrukums Ukrain\u0101 s\u0101k\u0101s<a href=\"https:\/\/www.lsm.lv\/raksts\/zinas\/arzemes\/putina-rezims-sacis-masivu-uzbrukumu-ukrainai.a445043\/\" class=\"lsm-link\" data-type=\"article\" data-id=\"445043\" rel=\"nofollow noopener\" target=\"_blank\"> 2022. gada 24. febru\u0101r\u012b<\/a>. Krem\u013ca propaganda sol\u012bja ie\u0146emt Kijivu tr\u012bs dien\u0101s, ta\u010du ukrai\u0146u sp\u0113c\u012bg\u0101 pretest\u012bba ne\u013c\u0101va Kremlim realiz\u0113t savus pl\u0101nus.<\/p>\n<p>P\u0113c neveiksm\u0113m Kremlis izveda armiju no Kijivas apgabala, bet turpin\u0101ja ofens\u012bvu citos re\u0123ionos. 2022. gada ruden\u012b ukrai\u0146u armijai izdev\u0101s atbr\u012bvot\u00a0<a href=\"https:\/\/www.lsm.lv\/raksts\/zinas\/arzemes\/sala-zeme-harkivas-atbrivosana--ltv-zinu-dienesta-filma-par-krievijas-kara-plosito-ukrainu.a477237\/\" class=\"lsm-link\" data-type=\"article\" data-id=\"477237\" rel=\"nofollow noopener\" target=\"_blank\">Harkivas apgabalu<\/a> un da\u013cu<a href=\"https:\/\/www.lsm.lv\/raksts\/zinas\/arzemes\/zelenskis-mes-esam-atguvusi-hersonu.a482245\/\" class=\"lsm-link\" data-type=\"article\" data-id=\"482245\" rel=\"nofollow noopener\" target=\"_blank\"> Hersonas apgabala<\/a>, vairojot cer\u012bbas uz iesp\u0113ju sakaut pretinieku.<\/p>\n<p>Ta\u010du 2023. gada vasar\u0101 s\u0101ktais Ukrainas pretuzbrukums nebija tik veiksm\u012bgs, ko Ukrainas armija skaidro gan ar nepietiekamu iero\u010du nodro\u0161in\u0101jumu no Rietumu sabiedrotajiem, gan ar Krievijas armijas izveidoto pamat\u012bgo aizsardz\u012bbas l\u012bniju un pla\u0161ajiem m\u012bnu laukiem.<\/p>\n<p>2024. gada august\u0101 Ukraina veica<a href=\"https:\/\/www.lsm.lv\/article-preview\/zinas\/arzemes\/07.08.2024-ukraina-un-krievija-uzsakusi-cinas-kurskas-apgabala.a564270\/\" class=\"lsm-link\" data-type=\"article\" data-id=\"564270\" rel=\"nofollow noopener\" target=\"_blank\"> iebrukumu<\/a> Kurskas apgabal\u0101 Krievij\u0101. T\u0101 ir pirm\u0101 reize kop\u0161 Otr\u0101 pasaules kara, kad Krievijas teritorijas da\u013cu ilgsto\u0161i ie\u0146\u0113mis \u0101rvalstu karasp\u0113ks.<\/p>\n<p>Kop\u0161 2024. gada rudens Krievija karadarb\u012bb\u0101 pret Ukrainu iesaist\u012bjusi ar\u012b lielu<a href=\"https:\/\/www.lsm.lv\/raksts\/zinas\/arzemes\/18.10.2024-izluki-ziemelkoreja-grib-nosutit-12-000-karaviru-uz-karu-ukraina-dalu-jau-apmaca-krievija.a573077\/?utm_source=lsm&amp;utm_medium=article-body&amp;utm_campaign=admin\" class=\"lsm-link\" data-type=\"article\" data-id=\"573077\" rel=\"nofollow noopener\" target=\"_blank\"> Zieme\u013ckorejas karav\u012bru<\/a> skaitu. 2025. gada vasar\u0101 Zelenskis<a href=\"https:\/\/www.lsm.lv\/article-preview\/zinas\/arzemes\/05.08.2025-zelenskis-ukrainas-austrumos-krievijas-armija-karo-algotni-no-kinas-un-pakistanas.a609234\/\" class=\"lsm-link\" data-type=\"article\" data-id=\"609234\" rel=\"nofollow noopener\" target=\"_blank\"> pav\u0113st\u012bja<\/a>, ka Ukrainas austrumos Krievijas armij\u0101 karo ar\u012b algot\u0146i no \u0136\u012bnas un Pakist\u0101nas.<\/p>\n<p>Lai ar\u012b l\u012bdz ar ASV prezidenta Donalda Trampa st\u0101\u0161anos amat\u0101 starp Balto namu, Kremli un Kijivu vair\u0101kk\u0101rt notiku\u0161as sarunas par pamieru Ukrain\u0101, l\u012bdz \u0161im t\u0101s rezult\u0101tus nav devu\u0161as.<\/p>\n<p>                    Valodas k\u013c\u016bda rakst\u0101?<\/p>\n<p class=\"d-none d-md-block\">Iez\u012bm\u0113jiet tekstu un spiediet Ctrl+Enter, lai nos\u016bt\u012btu labojamo teksta fragmentu redaktoram! Par faktu k\u013c\u016bd\u0101m l\u016bdzam zi\u0146ot e-past\u0101 <a href=\"https:\/\/www.lsm.lv\/cdn-cgi\/l\/email-protection\" class=\"__cf_email__\" data-cfemail=\"1a687f7e7b717973707b5a76697734766c\" rel=\"nofollow noopener\" target=\"_blank\">[email\u00a0protected]<\/a>.<\/p>\n<p class=\"d-md-none\">Iez\u012bm\u0113jiet tekstu un spiediet uz Zi\u0146ot par k\u013c\u016bdu pogas, lai nos\u016bt\u012btu labojamo teksta fragmentu redaktoram!<\/p>\n<p>\n                    Zi\u0146ot par k\u013c\u016bdu\n                <\/p>\n","protected":false},"excerpt":{"rendered":"L\u0113n\u0101m, ar milz\u012bgiem zaud\u0113jumiem, tom\u0113r Krievijas armija turpina virz\u012bbu dzi\u013c\u0101k Ukrainas teritorij\u0101. P\u0113d\u0113jo dienu laik\u0101 \u012bpa\u0161i smaga situ\u0101cija&hellip;\n","protected":false},"author":2,"featured_media":32773,"comment_status":"","ping_status":"","sticky":false,"template":"","format":"standard","meta":{"footnotes":""},"categories":[14],"tags":[23,57,28,29,32,33,22,30,31,35,39,38,36,37,34,40,20,26,27,24,25,54,55,56,21,58],"class_list":{"0":"post-32772","1":"post","2":"type-post","3":"status-publish","4":"format-standard","5":"has-post-thumbnail","7":"category-zinas-no-arvalstim","8":"tag-aktualitates","9":"tag-arvalstim","10":"tag-breaking-news","11":"tag-breakingnews","12":"tag-featured-news","13":"tag-featurednews","14":"tag-headlines","15":"tag-latest-news","16":"tag-latestnews","17":"tag-latvia","18":"tag-latvian","19":"tag-latviesu","20":"tag-latviesu-valoda","21":"tag-latviesuvaloda","22":"tag-latvija","23":"tag-lv","24":"tag-news","25":"tag-popularakas-zinas","26":"tag-popularakaszinas","27":"tag-top-stories","28":"tag-topstories","29":"tag-world","30":"tag-world-news","31":"tag-worldnews","32":"tag-zinas","33":"tag-zinas-no-arvalstim"},"share_on_mastodon":{"url":"https:\/\/pubeurope.com\/@lv\/115447388094587080","error":""},"_links":{"self":[{"href":"https:\/\/www.europesays.com\/lv\/wp-json\/wp\/v2\/posts\/32772","targetHints":{"allow":["GET"]}}],"collection":[{"href":"https:\/\/www.europesays.com\/lv\/wp-json\/wp\/v2\/posts"}],"about":[{"href":"https:\/\/www.europesays.com\/lv\/wp-json\/wp\/v2\/types\/post"}],"author":[{"embeddable":true,"href":"https:\/\/www.europesays.com\/lv\/wp-json\/wp\/v2\/users\/2"}],"replies":[{"embeddable":true,"href":"https:\/\/www.europesays.com\/lv\/wp-json\/wp\/v2\/comments?post=32772"}],"version-history":[{"count":0,"href":"https:\/\/www.europesays.com\/lv\/wp-json\/wp\/v2\/posts\/32772\/revisions"}],"wp:featuredmedia":[{"embeddable":true,"href":"https:\/\/www.europesays.com\/lv\/wp-json\/wp\/v2\/media\/32773"}],"wp:attachment":[{"href":"https:\/\/www.europesays.com\/lv\/wp-json\/wp\/v2\/media?parent=32772"}],"wp:term":[{"taxonomy":"category","embeddable":true,"href":"https:\/\/www.europesays.com\/lv\/wp-json\/wp\/v2\/categories?post=32772"},{"taxonomy":"post_tag","embeddable":true,"href":"https:\/\/www.europesays.com\/lv\/wp-json\/wp\/v2\/tags?post=32772"}],"curies":[{"name":"wp","href":"https:\/\/api.w.org\/{rel}","templated":true}]}}