{"id":32778,"date":"2025-10-27T17:54:07","date_gmt":"2025-10-27T17:54:07","guid":{"rendered":"https:\/\/www.europesays.com\/lv\/32778\/"},"modified":"2025-10-27T17:54:07","modified_gmt":"2025-10-27T17:54:07","slug":"ostu-attistibas-fonda-noverotas-iespejamas-nelikumibas-atlidzibas-izmaksatas-satiksmes-ministrijas-darbiniekiem-kuri-faktiski-nebija-darba","status":"publish","type":"post","link":"https:\/\/www.europesays.com\/lv\/32778\/","title":{"rendered":"Ostu att\u012bst\u012bbas fond\u0101 nov\u0113rotas iesp\u0113jamas nelikum\u012bbas. Atl\u012bdz\u012bbas izmaks\u0101tas Satiksmes ministrijas darbiniekiem, kuri faktiski nebija darb\u0101"},"content":{"rendered":"<p>Rev\u012bzij\u0101 tika konstat\u0113ts, ka sl\u0113gti uz\u0146\u0113muma l\u012bgumi ar Satiksmes ministrijas (SM) darbiniekiem par pakalpojumiem, kas dubl\u0113 ministrijas uzdevumus. Savuk\u0101rt SM darbinieki nesaska\u0146o amatu savieno\u0161anu, sl\u0113dzot \u0161os l\u012bgumus, un ministrija neizv\u0113rt\u0113 \u0161\u0101du at\u013cauju izsnieg\u0161anu. T\u0101pat atl\u012bdz\u012bba izmaks\u0101ta Satiksmes ministrijas darbiniekiem, kuri faktiski nebija darb\u0101, ber fonda gada p\u0101rskati netika iesniegti kompetentajai iest\u0101dei.<\/p>\n","protected":false},"excerpt":{"rendered":"Rev\u012bzij\u0101 tika konstat\u0113ts, ka sl\u0113gti uz\u0146\u0113muma l\u012bgumi ar Satiksmes ministrijas (SM) darbiniekiem par pakalpojumiem, kas dubl\u0113 ministrijas uzdevumus.&hellip;\n","protected":false},"author":2,"featured_media":32779,"comment_status":"","ping_status":"","sticky":false,"template":"","format":"standard","meta":{"footnotes":""},"categories":[12],"tags":[23,28,29,32,33,22,30,31,35,39,38,36,37,34,40,20,26,27,24,25,21],"class_list":{"0":"post-32778","1":"post","2":"type-post","3":"status-publish","4":"format-standard","5":"has-post-thumbnail","7":"category-latvija","8":"tag-aktualitates","9":"tag-breaking-news","10":"tag-breakingnews","11":"tag-featured-news","12":"tag-featurednews","13":"tag-headlines","14":"tag-latest-news","15":"tag-latestnews","16":"tag-latvia","17":"tag-latvian","18":"tag-latviesu","19":"tag-latviesu-valoda","20":"tag-latviesuvaloda","21":"tag-latvija","22":"tag-lv","23":"tag-news","24":"tag-popularakas-zinas","25":"tag-popularakaszinas","26":"tag-top-stories","27":"tag-topstories","28":"tag-zinas"},"share_on_mastodon":{"url":"https:\/\/pubeurope.com\/@lv\/115447415737113888","error":""},"_links":{"self":[{"href":"https:\/\/www.europesays.com\/lv\/wp-json\/wp\/v2\/posts\/32778","targetHints":{"allow":["GET"]}}],"collection":[{"href":"https:\/\/www.europesays.com\/lv\/wp-json\/wp\/v2\/posts"}],"about":[{"href":"https:\/\/www.europesays.com\/lv\/wp-json\/wp\/v2\/types\/post"}],"author":[{"embeddable":true,"href":"https:\/\/www.europesays.com\/lv\/wp-json\/wp\/v2\/users\/2"}],"replies":[{"embeddable":true,"href":"https:\/\/www.europesays.com\/lv\/wp-json\/wp\/v2\/comments?post=32778"}],"version-history":[{"count":0,"href":"https:\/\/www.europesays.com\/lv\/wp-json\/wp\/v2\/posts\/32778\/revisions"}],"wp:featuredmedia":[{"embeddable":true,"href":"https:\/\/www.europesays.com\/lv\/wp-json\/wp\/v2\/media\/32779"}],"wp:attachment":[{"href":"https:\/\/www.europesays.com\/lv\/wp-json\/wp\/v2\/media?parent=32778"}],"wp:term":[{"taxonomy":"category","embeddable":true,"href":"https:\/\/www.europesays.com\/lv\/wp-json\/wp\/v2\/categories?post=32778"},{"taxonomy":"post_tag","embeddable":true,"href":"https:\/\/www.europesays.com\/lv\/wp-json\/wp\/v2\/tags?post=32778"}],"curies":[{"name":"wp","href":"https:\/\/api.w.org\/{rel}","templated":true}]}}