{"id":32794,"date":"2025-10-27T18:13:09","date_gmt":"2025-10-27T18:13:09","guid":{"rendered":"https:\/\/www.europesays.com\/lv\/32794\/"},"modified":"2025-10-27T18:13:09","modified_gmt":"2025-10-27T18:13:09","slug":"miris-haralds-ulmanis-nra-lv","status":"publish","type":"post","link":"https:\/\/www.europesays.com\/lv\/32794\/","title":{"rendered":"Miris Haralds Ulmanis &#8211; nra.lv"},"content":{"rendered":"<p class=\"descr\">LKA Eduarda Smi\u013c\u0123a Te\u0101tra muzejs public\u0113jis s\u0113ru v\u0113sti.<\/p>\n<p>&#8220;\u0160onakt m\u016b\u017e\u012bb\u0101 aizg\u0101jis biju\u0161ais Liep\u0101jas te\u0101tra aktieris un re\u017eisors, Dailes te\u0101tra ceturt\u0101s studijas audz\u0113knis Haralds Ulmanis (1947-2025).<\/p>\n<p>Izsak\u0101m l\u012bdzj\u016bt\u012bbu tuviniekiem, draugiem, kol\u0113\u0123iem un talanta cien\u012bt\u0101jiem,&#8221; las\u0101ms pazi\u0146ojum\u0101.<\/p>\n","protected":false},"excerpt":{"rendered":"LKA Eduarda Smi\u013c\u0123a Te\u0101tra muzejs public\u0113jis s\u0113ru v\u0113sti. &#8220;\u0160onakt m\u016b\u017e\u012bb\u0101 aizg\u0101jis biju\u0161ais Liep\u0101jas te\u0101tra aktieris un re\u017eisors, Dailes&hellip;\n","protected":false},"author":2,"featured_media":32795,"comment_status":"","ping_status":"","sticky":false,"template":"","format":"standard","meta":{"footnotes":""},"categories":[5],"tags":[23,28,29,32,33,22,30,31,35,39,38,36,37,34,40,20,26,27,24,25,21],"class_list":{"0":"post-32794","1":"post","2":"type-post","3":"status-publish","4":"format-standard","5":"has-post-thumbnail","7":"category-aktualitates","8":"tag-aktualitates","9":"tag-breaking-news","10":"tag-breakingnews","11":"tag-featured-news","12":"tag-featurednews","13":"tag-headlines","14":"tag-latest-news","15":"tag-latestnews","16":"tag-latvia","17":"tag-latvian","18":"tag-latviesu","19":"tag-latviesu-valoda","20":"tag-latviesuvaloda","21":"tag-latvija","22":"tag-lv","23":"tag-news","24":"tag-popularakas-zinas","25":"tag-popularakaszinas","26":"tag-top-stories","27":"tag-topstories","28":"tag-zinas"},"share_on_mastodon":{"url":"https:\/\/pubeurope.com\/@lv\/115447490353614909","error":""},"_links":{"self":[{"href":"https:\/\/www.europesays.com\/lv\/wp-json\/wp\/v2\/posts\/32794","targetHints":{"allow":["GET"]}}],"collection":[{"href":"https:\/\/www.europesays.com\/lv\/wp-json\/wp\/v2\/posts"}],"about":[{"href":"https:\/\/www.europesays.com\/lv\/wp-json\/wp\/v2\/types\/post"}],"author":[{"embeddable":true,"href":"https:\/\/www.europesays.com\/lv\/wp-json\/wp\/v2\/users\/2"}],"replies":[{"embeddable":true,"href":"https:\/\/www.europesays.com\/lv\/wp-json\/wp\/v2\/comments?post=32794"}],"version-history":[{"count":0,"href":"https:\/\/www.europesays.com\/lv\/wp-json\/wp\/v2\/posts\/32794\/revisions"}],"wp:featuredmedia":[{"embeddable":true,"href":"https:\/\/www.europesays.com\/lv\/wp-json\/wp\/v2\/media\/32795"}],"wp:attachment":[{"href":"https:\/\/www.europesays.com\/lv\/wp-json\/wp\/v2\/media?parent=32794"}],"wp:term":[{"taxonomy":"category","embeddable":true,"href":"https:\/\/www.europesays.com\/lv\/wp-json\/wp\/v2\/categories?post=32794"},{"taxonomy":"post_tag","embeddable":true,"href":"https:\/\/www.europesays.com\/lv\/wp-json\/wp\/v2\/tags?post=32794"}],"curies":[{"name":"wp","href":"https:\/\/api.w.org\/{rel}","templated":true}]}}