{"id":32800,"date":"2025-10-27T18:19:17","date_gmt":"2025-10-27T18:19:17","guid":{"rendered":"https:\/\/www.europesays.com\/lv\/32800\/"},"modified":"2025-10-27T18:19:17","modified_gmt":"2025-10-27T18:19:17","slug":"esmu-vilusies-par-sadu-rezultatu-montai-cubarei-pietruka-cela-vardu-no-aijas-auskapas","status":"publish","type":"post","link":"https:\/\/www.europesays.com\/lv\/32800\/","title":{"rendered":"\u201cEsmu v\u012blusies par \u0161\u0101du rezult\u0101tu.\u201d Montai \u010cubarei pietr\u016bka ce\u013ca v\u0101rdu no Aijas Au\u0161k\u0101pas"},"content":{"rendered":"<p>\u201cBiju p\u0101rliecin\u0101ta par sevi. Beidzot biju atradusi sev\u012b \u0161o tic\u012bbu, ka es varu. Man \u0161\u0101das tic\u012bbas nebija l\u012bdz p\u0113d\u0113jam br\u012bdim. Protams, ka esmu v\u012blusies par \u0161\u0101du rezult\u0101tu. Atn\u0101cu uz atlasi, lai iek\u013c\u016btu \u0161ov\u0101, vismaz uz vienu raid\u012bjumu, grib\u0113ju iem\u0101c\u012bties str\u0101d\u0101t ar ausu monitoriem,\u201d nosaka Monta.<\/p>\n<p>\u0160eit b\u016btu ar\u012b bijusi iesp\u0113ja pastr\u0101d\u0101t ar pedagogu, kad Montai pasaka, k\u0101 lab\u0101k dar\u012bt. Vi\u0146a ar\u012b cer\u0113jusi \u201ckr\u0113slu izaicin\u0101jum\u0101\u201d uz atgriezenisko saikni, sadzird\u0113t, kas nav bijis labi, k\u0101p\u0113c nomaina.<\/p>\n<p>\u201cVis\u0101 \u0161aj\u0101 piedz\u012bvojum\u0101 pietr\u016bka ce\u013ca v\u0101rdu. Kas ir tas, k\u0101 man pietr\u016bkst? K\u0101p\u0113c cilv\u0113ki mani nesadzird,\u201d jaut\u0101 Monta.<\/p>\n<p>Atskatoties uz \u201cX Faktoru\u201d, dzied\u0101t\u0101ja nosaka, ka t\u0101 bijusi lieliska pieredze, vi\u0146ai prieks, ka vi\u0146a to piedz\u012bvojusi. Vi\u0146a nav var\u0113jusi pat izt\u0113loties, ka vi\u0146u pa\u0146ems \u0161\u0101d\u0101 \u0161ov\u0101, jo vi\u0146a nav perfekta.<\/p>\n<p>\u201cNeesmu nosl\u012bp\u0113ta, esmu grubu\u013caina, nesaprotu \u012bsti k\u0101d\u0101 virzien\u0101 doties, bet esmu uz ce\u013ca un pa to eju. Tie\u0161\u0101m cer\u0113ju, ka \u0161is b\u016bs labs pak\u0101piens tam ko es daru, ka k\u0101ds piecels, pateiks, iem\u0101c\u012bs, nor\u0101d\u012bs virzienu. Ac\u012bmredzot tas viss ir j\u0101saprot pa\u0161ai,\u201d nosaka Monta.<\/p>\n<p>Skaties \u0161ovu \u201cX Faktors\u201d katru sv\u0113tdienas vakaru telekan\u0101l\u0101 TV3 plkst. 20.30!<\/p>\n<p class=\"tv3-fw-500\">Zi\u0146o par k\u013c\u016bdu rakst\u0101<\/p>\n<p class=\"d-md-block d-none\">Iez\u012bm\u0113 k\u013c\u016bdaino tekstu un spied Ctrl+Enter.<\/p>\n<p class=\"d-md-none d-block\">Iez\u012bm\u0113 k\u013c\u016bdaino tekstu un zi\u0146o par to!<\/p>\n","protected":false},"excerpt":{"rendered":"\u201cBiju p\u0101rliecin\u0101ta par sevi. Beidzot biju atradusi sev\u012b \u0161o tic\u012bbu, ka es varu. Man \u0161\u0101das tic\u012bbas nebija l\u012bdz&hellip;\n","protected":false},"author":2,"featured_media":32801,"comment_status":"","ping_status":"","sticky":false,"template":"","format":"standard","meta":{"footnotes":""},"categories":[5],"tags":[23,28,29,32,33,22,9816,30,31,35,39,38,36,37,34,40,20,26,27,24,25,21],"class_list":{"0":"post-32800","1":"post","2":"type-post","3":"status-publish","4":"format-standard","5":"has-post-thumbnail","7":"category-aktualitates","8":"tag-aktualitates","9":"tag-breaking-news","10":"tag-breakingnews","11":"tag-featured-news","12":"tag-featurednews","13":"tag-headlines","14":"tag-izklaides-redaktors-iesakamonta-cubaresovs-x-faktorsx-faktors-2025-intervijax-faktors-2025-kreslu-izaicinajums","15":"tag-latest-news","16":"tag-latestnews","17":"tag-latvia","18":"tag-latvian","19":"tag-latviesu","20":"tag-latviesu-valoda","21":"tag-latviesuvaloda","22":"tag-latvija","23":"tag-lv","24":"tag-news","25":"tag-popularakas-zinas","26":"tag-popularakaszinas","27":"tag-top-stories","28":"tag-topstories","29":"tag-zinas"},"share_on_mastodon":{"url":"https:\/\/pubeurope.com\/@lv\/115447513975546735","error":""},"_links":{"self":[{"href":"https:\/\/www.europesays.com\/lv\/wp-json\/wp\/v2\/posts\/32800","targetHints":{"allow":["GET"]}}],"collection":[{"href":"https:\/\/www.europesays.com\/lv\/wp-json\/wp\/v2\/posts"}],"about":[{"href":"https:\/\/www.europesays.com\/lv\/wp-json\/wp\/v2\/types\/post"}],"author":[{"embeddable":true,"href":"https:\/\/www.europesays.com\/lv\/wp-json\/wp\/v2\/users\/2"}],"replies":[{"embeddable":true,"href":"https:\/\/www.europesays.com\/lv\/wp-json\/wp\/v2\/comments?post=32800"}],"version-history":[{"count":0,"href":"https:\/\/www.europesays.com\/lv\/wp-json\/wp\/v2\/posts\/32800\/revisions"}],"wp:featuredmedia":[{"embeddable":true,"href":"https:\/\/www.europesays.com\/lv\/wp-json\/wp\/v2\/media\/32801"}],"wp:attachment":[{"href":"https:\/\/www.europesays.com\/lv\/wp-json\/wp\/v2\/media?parent=32800"}],"wp:term":[{"taxonomy":"category","embeddable":true,"href":"https:\/\/www.europesays.com\/lv\/wp-json\/wp\/v2\/categories?post=32800"},{"taxonomy":"post_tag","embeddable":true,"href":"https:\/\/www.europesays.com\/lv\/wp-json\/wp\/v2\/tags?post=32800"}],"curies":[{"name":"wp","href":"https:\/\/api.w.org\/{rel}","templated":true}]}}