{"id":32827,"date":"2025-10-27T19:00:16","date_gmt":"2025-10-27T19:00:16","guid":{"rendered":"https:\/\/www.europesays.com\/lv\/32827\/"},"modified":"2025-10-27T19:00:16","modified_gmt":"2025-10-27T19:00:16","slug":"latvijas-pasts-atsak-biznesa-paku-un-sikpaku-piegades-uz-asv","status":"publish","type":"post","link":"https:\/\/www.europesays.com\/lv\/32827\/","title":{"rendered":"&#8220;Latvijas pasts&#8221; ats\u0101k biznesa paku un s\u012bkpaku pieg\u0101des uz ASV"},"content":{"rendered":"<p>&#8220;Latvijas pasts&#8221;, turpinot atjaunot s\u016bt\u012bjumu pl\u016bsmas uz <a href=\"https:\/\/www.tvnet.lv\/term\/555410\/asv\" class=\"topicLink\" target=\"_blank\" rel=\"nofollow noopener\">ASV<\/a>, \u0161odien ats\u0101ks pie\u0146emt pakas un s\u012bkpakas no korporat\u012bvajiem klientiem platform\u0101 &#8220;manspasts.lv&#8221;, lai nodro\u0161in\u0101tu pieg\u0101des uz ASV un tai piedero\u0161aj\u0101m teritorij\u0101m.<\/p>\n<p>Uz\u0146\u0113mums atjaunos paku un s\u012bkpaku pl\u016bsmu biznesa klientiem ar nosl\u0113gtiem sadarb\u012bbas l\u012bgumiem, veicot pieg\u0101des uz ASV un tai piedero\u0161aj\u0101m teritorij\u0101m &#8211; Amerik\u0101\u0146u Samoa sal\u0101m, Guamu, Maz\u0101s Aizj\u016bras un M\u0101r\u0161alas sal\u0101m, Mikron\u0113ziju, Palau, Puertoriko, Vird\u017e\u012bnu un Zieme\u013cu Marianas sal\u0101m.<\/p>\n<p>Uz\u0146\u0113mum\u0101 inform\u0113, ka \u0161\u012b ir pieg\u0101des atjauno\u0161anas procesa otr\u0101 f\u0101ze. Iepriek\u0161 oktobra s\u0101kum\u0101 &#8220;Latvijas pasts&#8221; ats\u0101ka pieg\u0101des visu veidu dokumentu saturo\u0161\u0101m v\u0113stul\u0113m &#8211; vienk\u0101r\u0161\u0101m, ierakst\u012bt\u0101m un izsekojam\u0101m.<\/p>\n<p>Pl\u0101nots, ka &#8220;Latvijas pasts&#8221; priv\u0101tpersonu noform\u0113to paku un s\u012bkpaku pieg\u0101des uz ASV atjaunos pirms sv\u0113tku sezonas.<\/p>\n<p>Past\u0101 skaidro, ka ASV prezidenta Donalda Trampa aptur\u0113tais bezmuitas re\u017e\u012bms iespaido Eiropas pasta operatoru, tostarp &#8220;Latvijas pasta&#8221;, darb\u012bbu. ASV muitas politika saist\u012bta ar jaunu pras\u012bbu izpildi attiec\u012bb\u0101 uz komerci\u0101lo s\u016bt\u012bjumu ieve\u0161anu un korektu muitas datu apmai\u0146u, apliecinot, ka par s\u016bt\u012bjumiem ir ietur\u0113tas muitas nodevas.<\/p>\n<p>Jau zi\u0146ots, ka &#8220;Latvijas pasta&#8221; apgroz\u012bjums pag\u0101ju\u0161aj\u0101 gad\u0101 bija 93,743 miljoni eiro, kas ir par 13,4% maz\u0101k nek\u0101 2023. gad\u0101, k\u0101 ar\u012b komp\u0101nija cieta zaud\u0113jumus 111 203 eiro apm\u0113r\u0101 pretstat\u0101 pe\u013c\u0146ai gadu iepriek\u0161.<\/p>\n<p>&#8220;Latvijas pasts&#8221; nodro\u0161ina pasta pakalpojumu pieejam\u012bbu vis\u0101 Latvijas teritorij\u0101. Uz\u0146\u0113mums nodro\u0161ina iek\u0161zemes un starptautisk\u0101s pieg\u0101des, s\u0101kot ar e-komercijas un paku s\u016bt\u012bjumiem l\u012bdz presei, v\u0113stu\u013cu korespondencei un personaliz\u0113tiem lo\u0123istikas risin\u0101jumiem. &#8220;Latvijas pasts&#8221; ir valstij piln\u012bb\u0101 piedero\u0161s uz\u0146\u0113mums, kur\u0101 str\u0101d\u0101 apm\u0113ram 1800 darbinieku.<\/p>\n","protected":false},"excerpt":{"rendered":"&#8220;Latvijas pasts&#8221;, turpinot atjaunot s\u016bt\u012bjumu pl\u016bsmas uz ASV, \u0161odien ats\u0101ks pie\u0146emt pakas un s\u012bkpakas no korporat\u012bvajiem klientiem platform\u0101&hellip;\n","protected":false},"author":2,"featured_media":32828,"comment_status":"","ping_status":"","sticky":false,"template":"","format":"standard","meta":{"footnotes":""},"categories":[12],"tags":[23,292,28,29,32,33,22,30,31,35,39,38,36,37,34,3973,40,20,26,27,24,25,21],"class_list":{"0":"post-32827","1":"post","2":"type-post","3":"status-publish","4":"format-standard","5":"has-post-thumbnail","7":"category-latvija","8":"tag-aktualitates","9":"tag-asv","10":"tag-breaking-news","11":"tag-breakingnews","12":"tag-featured-news","13":"tag-featurednews","14":"tag-headlines","15":"tag-latest-news","16":"tag-latestnews","17":"tag-latvia","18":"tag-latvian","19":"tag-latviesu","20":"tag-latviesu-valoda","21":"tag-latviesuvaloda","22":"tag-latvija","23":"tag-latvijas-pasts","24":"tag-lv","25":"tag-news","26":"tag-popularakas-zinas","27":"tag-popularakaszinas","28":"tag-top-stories","29":"tag-topstories","30":"tag-zinas"},"share_on_mastodon":{"url":"https:\/\/pubeurope.com\/@lv\/115447675224980757","error":""},"_links":{"self":[{"href":"https:\/\/www.europesays.com\/lv\/wp-json\/wp\/v2\/posts\/32827","targetHints":{"allow":["GET"]}}],"collection":[{"href":"https:\/\/www.europesays.com\/lv\/wp-json\/wp\/v2\/posts"}],"about":[{"href":"https:\/\/www.europesays.com\/lv\/wp-json\/wp\/v2\/types\/post"}],"author":[{"embeddable":true,"href":"https:\/\/www.europesays.com\/lv\/wp-json\/wp\/v2\/users\/2"}],"replies":[{"embeddable":true,"href":"https:\/\/www.europesays.com\/lv\/wp-json\/wp\/v2\/comments?post=32827"}],"version-history":[{"count":0,"href":"https:\/\/www.europesays.com\/lv\/wp-json\/wp\/v2\/posts\/32827\/revisions"}],"wp:featuredmedia":[{"embeddable":true,"href":"https:\/\/www.europesays.com\/lv\/wp-json\/wp\/v2\/media\/32828"}],"wp:attachment":[{"href":"https:\/\/www.europesays.com\/lv\/wp-json\/wp\/v2\/media?parent=32827"}],"wp:term":[{"taxonomy":"category","embeddable":true,"href":"https:\/\/www.europesays.com\/lv\/wp-json\/wp\/v2\/categories?post=32827"},{"taxonomy":"post_tag","embeddable":true,"href":"https:\/\/www.europesays.com\/lv\/wp-json\/wp\/v2\/tags?post=32827"}],"curies":[{"name":"wp","href":"https:\/\/api.w.org\/{rel}","templated":true}]}}