{"id":32831,"date":"2025-10-27T19:07:12","date_gmt":"2025-10-27T19:07:12","guid":{"rendered":"https:\/\/www.europesays.com\/lv\/32831\/"},"modified":"2025-10-27T19:07:12","modified_gmt":"2025-10-27T19:07:12","slug":"doneckas-apgabala-krievijas-drona-uzbrukuma-dzivibu-zaude-divi-ukrainu-zurnalisti-lente-lv","status":"publish","type":"post","link":"https:\/\/www.europesays.com\/lv\/32831\/","title":{"rendered":"Doneckas apgabal\u0101 Krievijas drona uzbrukum\u0101 dz\u012bv\u012bbu zaud\u0113 divi ukrai\u0146u \u017eurn\u0101listi\u00a0\u2014\u00a0Lente.lv"},"content":{"rendered":"<p>Tra\u0123\u0113dija Doneckas apgabal\u0101: Krievijas drona uzbrukum\u0101 dz\u012bv\u012bbu zaud\u0113 divi ukrai\u0146u \u017eurn\u0101listi<\/p>\n<p>\u0160ok\u0113jo\u0161s un sirdi ploso\u0161s notikums Ukrainas austrumos \u2013 Doneckas apgabala pils\u0113t\u0101 Kramatorsk\u0101 Krievijas drona triecien\u0101 dz\u012bv\u012bbu zaud\u0113ju\u0161i divi ukrai\u0146u \u017eurn\u0101listi, bet v\u0113l viens guvis ievainojumus. \u0160is tra\u0123iskais incidents izgaismo briesm\u012bgo realit\u0101ti, ar kuru saskaras Ukrainas mediju profesion\u0101\u013ci, atspogu\u013cojot karadarb\u012bbu un cen\u0161oties pasarg\u0101t paties\u012bbu.<\/p>\n<p>Upuru identit\u0101te un uzbrukuma apst\u0101k\u013ci<\/p>\n<p>Boj\u0101g\u0101ju\u0161ie ir Ukrainas valsts telekan\u0101la &#8220;Freedom&#8221; \u017eurn\u0101liste Olena Gubanova (Gramova), kurai bija 43 gadi, un 33 gadus vecais operators Jevhens Karmazins. Abi v\u012bri bija paz\u012bstami ar savu drosmi un neatlaid\u012bbu, dokument\u0113jot kara notikumus Doneckas apgabal\u0101 kop\u0161 Krievijas pilna m\u0113roga iebrukuma s\u0101kuma. Vi\u0146i ar savu darbu atspogu\u013coja ienaidnieka noziegumus, civiliedz\u012bvot\u0101ju evaku\u0101ciju un Ukrainas aizst\u0101vju varon\u012bbu, bie\u017ei vien str\u0101d\u0101jot vissare\u017e\u0123\u012bt\u0101kajos frontes punktos. Tre\u0161ais komandas loceklis, reportieris Oleksandrs Koli\u010devs, guvis ievainojumus un tika nog\u0101d\u0101ts slimn\u012bc\u0101. Vi\u0146a st\u0101voklis ir stabils, ta\u010du vi\u0146a traum\u0101m ir nepiecie\u0161ama medic\u012bniska pal\u012bdz\u012bba.<\/p>\n<p>P\u0113c Doneckas apgabala vad\u012bt\u0101ja Vadima Fila\u0161kina sniegt\u0101s inform\u0101cijas, Krievijas drons &#8220;Lancet&#8221; uzbrucis \u017eurn\u0101listu automa\u0161\u012bnai, kad t\u0101 bija apst\u0101jusies degvielas uzpildes stacij\u0101 Kramatorsk\u0101. Diem\u017e\u0113l, uzbrukums notika br\u012bd\u012b, kad \u017eurn\u0101listi film\u0113ja iepriek\u0161\u0113j\u0101 dien\u0101 notiku\u0161a uzbrukuma sekas, kur\u0101 cieta \u0161\u012b pati degvielas uzpildes stacija. &#8220;Tas bija sekundes jaut\u0101jums. Divi uzreiz miru\u0161i, tre\u0161ais ievainots,&#8221; sac\u012bjis viens no degvielas uzpildes stacijas darbiniekiem, piebilstot, ka neviens nedzird\u0113ja drona tuvo\u0161anos.<\/p>\n<p>Nev\u0113rt\u012bgais darbs un kara paties\u012bba<\/p>\n<p>\u0160is notikums ir smags trieciens Ukrainas inform\u0101cijas telpai un br\u012bvai preses darb\u012bbai. Gubanova un Karmazins sav\u0101 darb\u0101 nebija vienaldz\u012bgi pret kara sek\u0101m, atkl\u0101jot paties\u012bbu par Krievijas agresiju un Ukrainas tautas neatlaid\u012bbu. Vi\u0146u upuris ir atg\u0101din\u0101jums par to, cik liels risks ir \u017eurn\u0101listiem, kas str\u0101d\u0101 konflikta zon\u0101s, un cik svar\u012bgi ir vi\u0146u darbs, lai pasaule redz\u0113tu un saprastu kara patieso b\u016bt\u012bbu.<\/p>\n<blockquote><p>&#8220;No pirmaj\u0101m Krievijas pilna m\u0113roga iebrukuma dien\u0101m vi\u0146i zi\u0146oja par situ\u0101ciju apgabal\u0101, st\u0101st\u012bja paties\u012bbu par ienaidnieka noziegumiem, civiliedz\u012bvot\u0101ju evaku\u0101ciju, m\u016bsu aizst\u0101vju darbiem. Vi\u0146i str\u0101d\u0101ja karst\u0101kajos Donbasa punktos, kur vienm\u0113r bija pirmie. Gr\u016bti notic\u0113t, ka tas noticis tie\u0161i ar vi\u0146iem. Tas ir smags zaud\u0113jums apgabalam un mums visiem,&#8221; atz\u012bm\u0113jis Doneckas apgabala vad\u012bt\u0101js Fila\u0161kins.<\/p><\/blockquote>\n<p>Kramatorskas pieaugo\u0161ais apdraud\u0113jums<\/p>\n<p>Kramatorska, kas atrodas aptuveni 20 kilometru att\u0101lum\u0101 no frontes l\u012bnijas, p\u0113d\u0113jos m\u0113ne\u0161os ir k\u013cuvusi par arvien bie\u017e\u0101ku Krievijas uzbrukumu m\u0113r\u0137i. Pils\u0113tas dro\u0161\u012bbas situ\u0101cija past\u0101v\u012bgi pasliktin\u0101s, radot spriedzi un bailes iedz\u012bvot\u0101ju vid\u016b. \u0160ie uzbrukumi, kas bie\u017ei vien v\u0113rsti pret civilajiem objektiem, ir Krievijas kara strat\u0113\u0123ijas ne\u017e\u0113l\u012bga sast\u0101vda\u013ca, kuras m\u0113r\u0137is ir salauzt Ukrainas tautas gribu un izplat\u012bt teroru.<\/p>\n<p>Starptautisk\u0101 kopiena un Krievijas agresija<\/p>\n<p>\u0160is tra\u0123iskais incidents nav vien\u012bgais, kas apliecina Krievijas turpin\u0101to agresiju pret Ukrainu un t\u0101s civiliedz\u012bvot\u0101jiem. Iepriek\u0161 \u0161om\u0113nes Doneckas apgabal\u0101 drona uzbrukum\u0101 tika nogalin\u0101ts ar\u012b Francijas foto\u017eurn\u0101lists Antoni Lalik\u0101ns. Organiz\u0101cija &#8220;Reportieri bez robe\u017e\u0101m&#8221; (RSF) uzsver, ka kop\u0161 Krievijas pilna m\u0113roga iebrukuma Ukrain\u0101 ir nogalin\u0101ti vair\u0101ki desmiti \u017eurn\u0101listu, kuri atspogu\u013coja karu. \u0160\u0101di brut\u0101li uzbrukumi, kas v\u0113rsti pret mediju profesion\u0101\u013ciem, kuri cen\u0161as atkl\u0101t paties\u012bbu, ir uzbrukums pa\u0161ai inform\u0101cijas br\u012bv\u012bbai un demokr\u0101tiskaj\u0101m v\u0113rt\u012bb\u0101m. Krievija arvien bie\u017e\u0101k izmanto moderniz\u0113tus dronus, kas salikti no \u0101rvalst\u012bs ra\u017eot\u0101m komponent\u0113m, radot ba\u017eas par t\u0101s sp\u0113j\u0101m pastr\u0101d\u0101t arvien jaunus kara noziegumus.<\/p>\n","protected":false},"excerpt":{"rendered":"Tra\u0123\u0113dija Doneckas apgabal\u0101: Krievijas drona uzbrukum\u0101 dz\u012bv\u012bbu zaud\u0113 divi ukrai\u0146u \u017eurn\u0101listi \u0160ok\u0113jo\u0161s un sirdi ploso\u0161s notikums Ukrainas austrumos&hellip;\n","protected":false},"author":2,"featured_media":32832,"comment_status":"","ping_status":"","sticky":false,"template":"","format":"standard","meta":{"footnotes":""},"categories":[5],"tags":[23,28,29,3905,32,33,22,9831,9830,30,31,35,39,38,36,37,34,40,20,26,27,24,25,276,21,3821],"class_list":{"0":"post-32831","1":"post","2":"type-post","3":"status-publish","4":"format-standard","5":"has-post-thumbnail","7":"category-aktualitates","8":"tag-aktualitates","9":"tag-breaking-news","10":"tag-breakingnews","11":"tag-doneckas-apgabals","12":"tag-featured-news","13":"tag-featurednews","14":"tag-headlines","15":"tag-kramatorska","16":"tag-krievijas-drona-uzbrukums","17":"tag-latest-news","18":"tag-latestnews","19":"tag-latvia","20":"tag-latvian","21":"tag-latviesu","22":"tag-latviesu-valoda","23":"tag-latviesuvaloda","24":"tag-latvija","25":"tag-lv","26":"tag-news","27":"tag-popularakas-zinas","28":"tag-popularakaszinas","29":"tag-top-stories","30":"tag-topstories","31":"tag-ukraina","32":"tag-zinas","33":"tag-zurnalisti"},"share_on_mastodon":{"url":"https:\/\/pubeurope.com\/@lv\/115447702724055947","error":""},"_links":{"self":[{"href":"https:\/\/www.europesays.com\/lv\/wp-json\/wp\/v2\/posts\/32831","targetHints":{"allow":["GET"]}}],"collection":[{"href":"https:\/\/www.europesays.com\/lv\/wp-json\/wp\/v2\/posts"}],"about":[{"href":"https:\/\/www.europesays.com\/lv\/wp-json\/wp\/v2\/types\/post"}],"author":[{"embeddable":true,"href":"https:\/\/www.europesays.com\/lv\/wp-json\/wp\/v2\/users\/2"}],"replies":[{"embeddable":true,"href":"https:\/\/www.europesays.com\/lv\/wp-json\/wp\/v2\/comments?post=32831"}],"version-history":[{"count":0,"href":"https:\/\/www.europesays.com\/lv\/wp-json\/wp\/v2\/posts\/32831\/revisions"}],"wp:featuredmedia":[{"embeddable":true,"href":"https:\/\/www.europesays.com\/lv\/wp-json\/wp\/v2\/media\/32832"}],"wp:attachment":[{"href":"https:\/\/www.europesays.com\/lv\/wp-json\/wp\/v2\/media?parent=32831"}],"wp:term":[{"taxonomy":"category","embeddable":true,"href":"https:\/\/www.europesays.com\/lv\/wp-json\/wp\/v2\/categories?post=32831"},{"taxonomy":"post_tag","embeddable":true,"href":"https:\/\/www.europesays.com\/lv\/wp-json\/wp\/v2\/tags?post=32831"}],"curies":[{"name":"wp","href":"https:\/\/api.w.org\/{rel}","templated":true}]}}