{"id":32851,"date":"2025-10-27T19:27:08","date_gmt":"2025-10-27T19:27:08","guid":{"rendered":"https:\/\/www.europesays.com\/lv\/32851\/"},"modified":"2025-10-27T19:27:08","modified_gmt":"2025-10-27T19:27:08","slug":"latvijas-sieviesu-futbola-izlase-sesto-reizi-izcina-baltijas-kausu","status":"publish","type":"post","link":"https:\/\/www.europesays.com\/lv\/32851\/","title":{"rendered":"Latvijas sievie\u0161u futbola izlase sesto reizi izc\u012bna Baltijas kausu"},"content":{"rendered":"<p>Latvijas izlase \u0161ogad ir c\u012bn\u012bjusies bez zaud\u0113jumiem, se\u0161\u0101s UEFA N\u0101ciju l\u012bgas sp\u0113l\u0113s febru\u0101r\u012b, apr\u012bl\u012b, maij\u0101 un j\u016bnij\u0101 uzvarot C l\u012bg\u0101 un nodro\u0161inot iesp\u0113ju 2027. gada Pasaules kausu izc\u012b\u0146as kvalifik\u0101cijas turn\u012bru aizvad\u012bt B l\u012bg\u0101. Kvalifik\u0101cijas sacens\u012bbu izloze notiks 4. novembr\u012b.<\/p>\n<p>P\u0113rn Baltijas kausa izc\u012b\u0146a notika R\u012bg\u0101, Latvijas izlasei pusfin\u0101l\u0101 ar 2:1 uzvarot F\u0113ru salas, bet fin\u0101l\u0101 ar 0:1 piek\u0101pjoties Igaunijai, kas turn\u012br\u0101 ir uzvar\u0113jusi p\u0113d\u0113j\u0101s divas reizes.<\/p>\n<p>Latvijas izlase Baltijas kausa izc\u012b\u0146\u0101 ir uzvar\u0113jusi se\u0161as reizes, ieskaitot tr\u012bs pan\u0101kumus p\u0113c k\u0101rtas laik\u0101 no 2017. l\u012bdz 2019. gadam.<\/p>\n<p>Latvijas izlases kandid\u0101tes:<\/p>\n<p>V\u0101rtsardzes: Aleksandra Torgo\u0161ova, Elza Ren\u0101te Strazdi\u0146a (abas &#8211; &#8220;Riga&#8221;);<\/p>\n<p>Aizsardzes: Marina Te\u013cukevi\u010da (&#8220;Riga&#8221;), Sofija Gergele\u017eiu (RFS), Anastasija Ro\u010d\u0101ne (Tripoles &#8220;Asteras&#8221;, Grie\u0137ija), Sandra Voit\u0101ne (Vestmannaeij\u0101ras IBV), Islande), Alise Keita Baltru\u0161aite (&#8220;Iecava&#8221;\/&#8221;Olaine&#8221;), Uma Up\u012bte (&#8220;Metta&#8221;);<\/p>\n<p>Pussardzes: Monika Estere \u0160tube (Bredfordas &#8220;City&#8221;, Anglija), Nikola Preijere, L\u012bva \u0160teinberga, Katr\u012bna Da\u0146ilova (visas &#8211; &#8220;Riga&#8221;), Anna Marija Valaka, Di\u0101na Suvitra (abas &#8211; RFS), Karl\u012bna Miksone (Sosnovecas &#8220;Czarni&#8221;, Polija), Anastasija Po\u013cuhovi\u010da (\u0160\u010decinas &#8220;Pogon&#8221;, Polija), Viktorija Zai\u010dikova, <a href=\"https:\/\/sports.tvnet.lv\/term\/734728\/olga-sevcova\" class=\"topicLink\" target=\"_blank\" rel=\"nofollow noopener\">Olga \u0160evcova<\/a> (abas &#8211; Vestmannaeij\u0101ras IBV, Islande), Gabriela Annija Andersone (&#8220;Sassuolo&#8221;, It\u0101lija);<\/p>\n<p>Uzbruc\u0113jas: Santa Sanija Vu\u0161k\u0101ne (Katovices GKS, Polija), Signija \u0160enberga (&#8220;Metta&#8221;), Al\u012bna Ansone (RFS).<\/p>\n","protected":false},"excerpt":{"rendered":"Latvijas izlase \u0161ogad ir c\u012bn\u012bjusies bez zaud\u0113jumiem, se\u0161\u0101s UEFA N\u0101ciju l\u012bgas sp\u0113l\u0113s febru\u0101r\u012b, apr\u012bl\u012b, maij\u0101 un j\u016bnij\u0101 uzvarot&hellip;\n","protected":false},"author":2,"featured_media":32852,"comment_status":"","ping_status":"","sticky":false,"template":"","format":"standard","meta":{"footnotes":""},"categories":[17],"tags":[9839,9837,9838,35,39,38,36,37,34,9836,9841,40,9840,67,9835],"class_list":{"0":"post-32851","1":"post","2":"type-post","3":"status-publish","4":"format-standard","5":"has-post-thumbnail","7":"category-sports","8":"tag-elza-renate-strazdina","9":"tag-gabriela-annija-andersone","10":"tag-karlina-miksone","11":"tag-latvia","12":"tag-latvian","13":"tag-latviesu","14":"tag-latviesu-valoda","15":"tag-latviesuvaloda","16":"tag-latvija","17":"tag-latvijas-sieviesu-futbola-izlase","18":"tag-liene-vaciete","19":"tag-lv","20":"tag-olga-sevcova","21":"tag-sports","22":"tag-uefa-naciju-liga"},"share_on_mastodon":{"url":"https:\/\/pubeurope.com\/@lv\/115447781338306353","error":""},"_links":{"self":[{"href":"https:\/\/www.europesays.com\/lv\/wp-json\/wp\/v2\/posts\/32851","targetHints":{"allow":["GET"]}}],"collection":[{"href":"https:\/\/www.europesays.com\/lv\/wp-json\/wp\/v2\/posts"}],"about":[{"href":"https:\/\/www.europesays.com\/lv\/wp-json\/wp\/v2\/types\/post"}],"author":[{"embeddable":true,"href":"https:\/\/www.europesays.com\/lv\/wp-json\/wp\/v2\/users\/2"}],"replies":[{"embeddable":true,"href":"https:\/\/www.europesays.com\/lv\/wp-json\/wp\/v2\/comments?post=32851"}],"version-history":[{"count":0,"href":"https:\/\/www.europesays.com\/lv\/wp-json\/wp\/v2\/posts\/32851\/revisions"}],"wp:featuredmedia":[{"embeddable":true,"href":"https:\/\/www.europesays.com\/lv\/wp-json\/wp\/v2\/media\/32852"}],"wp:attachment":[{"href":"https:\/\/www.europesays.com\/lv\/wp-json\/wp\/v2\/media?parent=32851"}],"wp:term":[{"taxonomy":"category","embeddable":true,"href":"https:\/\/www.europesays.com\/lv\/wp-json\/wp\/v2\/categories?post=32851"},{"taxonomy":"post_tag","embeddable":true,"href":"https:\/\/www.europesays.com\/lv\/wp-json\/wp\/v2\/tags?post=32851"}],"curies":[{"name":"wp","href":"https:\/\/api.w.org\/{rel}","templated":true}]}}