{"id":32855,"date":"2025-10-27T19:32:08","date_gmt":"2025-10-27T19:32:08","guid":{"rendered":"https:\/\/www.europesays.com\/lv\/32855\/"},"modified":"2025-10-27T19:32:08","modified_gmt":"2025-10-27T19:32:08","slug":"latviesu-gitarists-girts-celmins-ieguvis-galveno-balvu-prestizaja-dzeza-konkursa-niderlande-lente-lv","status":"publish","type":"post","link":"https:\/\/www.europesays.com\/lv\/32855\/","title":{"rendered":"Latvie\u0161u \u0123it\u0101rists \u0122irts Celmi\u0146\u0161 ieguvis galveno balvu presti\u017eaj\u0101 d\u017eeza konkurs\u0101 N\u012bderland\u0113\u00a0\u2014\u00a0Lente.lv"},"content":{"rendered":"<p>Latvie\u0161u d\u017eeza \u0123it\u0101rists \u0122irts Celmi\u0146\u0161 triumf\u0113 N\u012bderlandes konkurs\u0101Spo\u017ea uzvara Laren Jazz 2025<\/p>\n<p>Latvie\u0161u d\u017eeza m\u016bzi\u0137is, \u0123it\u0101rists, aran\u017e\u0113t\u0101js un komponists \u0122irts Celmi\u0146\u0161 izc\u012bn\u012bjis galveno balvu presti\u017eaj\u0101 \u201cLaren Jazz 2025\u201d konkurs\u0101, kas norisin\u0101j\u0101s N\u012bderland\u0113. Vi\u0146a vad\u012btais ansamblis \u201cGirts Celmins Urban Jazz Collective\u201d demonstr\u0113ja izcilu sniegumu, g\u016bstot atzin\u012bbu gan no profesion\u0101las \u017e\u016brijas, gan publikas. \u0160\u012b uzvara ir ne tikai noz\u012bm\u012bgs pagrieziena punkts Celmi\u0146a karjer\u0101, bet ar\u012b spo\u017ea atskaites punkts latvie\u0161u d\u017eeza m\u016bzikas starptautiskaj\u0101 atpaz\u012bstam\u012bb\u0101.<\/p>\n<p>\u017d\u016brijas atzin\u012bba un talanta apliecin\u0101jums<\/p>\n<p>Konkurs\u0101, kur\u0101 piedal\u012bj\u0101s vair\u0101ki talant\u012bgi d\u017eeza ansamb\u013ci no da\u017e\u0101d\u0101m Eiropas valst\u012bm, \u201cGirts Celmins Urban Jazz Collective\u201d izc\u0113l\u0101s ar savu ori\u0123inalit\u0101ti, augsto muzik\u0101lo meistar\u012bbu un ener\u0123isko skatuves sniegumu. \u017d\u016brijas atzin\u012bgaj\u0101 v\u0113rt\u0113jum\u0101 \u012bpa\u0161i tika uzsv\u0113rta grupas sp\u0113ja rad\u012bt daudzveid\u012bgu un aizraujo\u0161u muzik\u0101lu pieredzi, kas apvieno tehnisko izpild\u012bjumu ar sp\u0113c\u012bgu emocion\u0101lo piesk\u0101rienu. Grupas dal\u012bbnieku virtuozit\u0101te, komponista Celmi\u0146a ori\u0123in\u0101lkompoz\u012bcijas un r\u016bp\u012bgi veidotie aran\u017e\u0113jumi rad\u012bja neatk\u0101rtojamu skan\u0113jumu, kas sp\u0113ja iekarot pat vispras\u012bg\u0101ko klaus\u012bt\u0101ju sirdis. Konkursa organizatori uzsv\u0113ra, ka \u017e\u016brijai bijis gr\u016bti izv\u0113l\u0113ties vienu uzvar\u0113t\u0101ju, jo kop\u0113jais izpild\u012bjuma l\u012bmenis bijis \u0101rk\u0101rt\u012bgi augsts. Tom\u0113r tie\u0161i \u0122irta Celmi\u0146a vad\u012btais kolekt\u012bvs sp\u0113ja p\u0101rliecino\u0161i demonstr\u0113t savu izcil\u012bbu.<\/p>\n<p>\u201cGirts Celmins Urban Jazz Collective\u201d \u2013 dinamiska m\u016bzikas moza\u012bka<\/p>\n<p>\u201cGirts Celmins Urban Jazz Collective\u201d nav tikai muzik\u0101la grupa, bet gan dz\u012bva un elpojo\u0161a m\u016bzikas platforma, kas apvieno asto\u0146us talant\u012bgus m\u016bzi\u0137us. Vi\u0146u kopdarbs raksturojas ar instrument\u0101lu meistar\u012bbu, sp\u0113c\u012bgiem un daudzveid\u012bgiem ska\u0146darbiem, k\u0101 ar\u012b nevainojamu sadarb\u012bbu starp dal\u012bbniekiem. Celmi\u0146\u0161, k\u0101 l\u012bderis, sp\u0113jis iedvesmot savus kol\u0113\u0123us, radot kop\u0113ju v\u012bziju un nodro\u0161inot izcilu sniegumu. Vi\u0146u m\u016bzik\u0101 j\u016btamas d\u017eeza trad\u012bcijas, ta\u010du vienlaikus t\u0101 ir moderna, inovat\u012bva un pies\u0101tin\u0101ta ar urbanistisk\u0101m kr\u0101s\u0101m un ritmiem. Tas ir k\u0101 muzik\u0101ls spogulis, kas atspogu\u013co m\u016bsdienu pasaules dinamiku un da\u017e\u0101d\u012bbu, pied\u0101v\u0101jot klaus\u012bt\u0101jiem gan dzi\u013cas introspekcijas br\u012b\u017eus, gan ener\u0123iskus, dz\u012bvespriec\u012bgus ritmus. Grupas sniegums ir k\u0101 ko\u0161s audums, kur\u0101 savijas da\u017e\u0101das kr\u0101sas un fakt\u016bras, radot nepieradin\u0101tu un aizraujo\u0161u klaus\u012b\u0161an\u0101s pieredzi.<\/p>\n<p>Ce\u013c\u0161 uz Laren Jazz<\/p>\n<p>\u201cLaren Jazz\u201d ir viens no noz\u012bm\u012bg\u0101kajiem d\u017eeza festiv\u0101liem N\u012bderland\u0113, kas ik gadu pulc\u0113 talant\u012bgus m\u016bzi\u0137us un d\u017eeza entuziastus. Konkurss \u201cLaren Jazz Talent Award\u201d ir platforma jaunajiem un perspekt\u012bvajiem d\u017eeza m\u016bzi\u0137iem, lai sevi apliecin\u0101tu starptautisk\u0101 m\u0113rog\u0101. \u0160ogad konkurs\u0101 piedal\u012bj\u0101s se\u0161i atlas\u012bti ansamb\u013ci, kas tika izv\u0113l\u0113ti no vair\u0101k nek\u0101 divdesmit pieteikumiem, demonstr\u0113jot pla\u0161u d\u017eeza \u017eanru un interpret\u0101ciju kl\u0101stu. \u201cGirts Celmins Urban Jazz Collective\u201d veiksm\u012bgi iztur\u0113ja atlases k\u0101rtu, un vi\u0146u sniegums tika augstu nov\u0113rt\u0113ts gan konkursa dienas priek\u0161nesumos, gan nosl\u0113guma ceremonij\u0101. Festiv\u0101la ietvaros notika vair\u0101ki koncerti da\u017e\u0101d\u0101s viet\u0101s Larenas pils\u0113t\u0101, \u013caujot publikai izbaud\u012bt d\u017eeza m\u016bziku da\u017e\u0101dos form\u0101tos. Uzvara \u201cLaren Jazz 2025\u201d ir ne tikai apliecin\u0101jums m\u016bzi\u0137u talantam, bet ar\u012b sp\u0113c\u012bgs stimuls turpm\u0101kai att\u012bst\u012bbai un sadarb\u012bbai. Konkursa uzvar\u0113t\u0101js sa\u0146em ne tikai presti\u017eu balvu, bet ar\u012b naudas balvu un iesp\u0113ju uzst\u0101ties festiv\u0101la nosl\u0113guma koncert\u0101, kas dod v\u0113rt\u012bgu pieredzi un popularit\u0101ti.<\/p>\n<p>N\u0101kamo so\u013cu perspekt\u012bvas<\/p>\n<p>\u0122irta Celmi\u0146a un vi\u0146a ansamb\u013ca pan\u0101kumi N\u012bderland\u0113 paver jaunas durvis un iesp\u0113jas starptautiskaj\u0101 m\u016bzikas aprit\u0113. \u0160\u012b uzvara ir neatsverams ieguld\u012bjums Latvijas kult\u016bras populariz\u0113\u0161an\u0101 pasaul\u0113, apliecinot Latvijas d\u017eeza m\u016bzi\u0137u augsto l\u012bmeni un rado\u0161o potenci\u0101lu. Turpm\u0101k\u0101 \u201cGirts Celmins Urban Jazz Collective\u201d darb\u012bba sol\u0101s b\u016bt aizraujo\u0161a, jo sagaid\u0101mi jauni albumu ieraksti, koncertt\u016bres un sadarb\u012bbas ar citiem iev\u0113rojamiem m\u016bzi\u0137iem. M\u016bzikas profesion\u0101\u013ci prognoz\u0113, ka \u0161is ansamblis sp\u0113s iekarot jaunus klaus\u012bt\u0101jus un k\u013c\u016bt par spilgtu z\u012bmolu d\u017eeza pasaul\u0113. Katrs vi\u0146u sniegums ir k\u0101 ce\u013cojums pa da\u017e\u0101d\u0101m muzik\u0101l\u0101m ainav\u0101m, kur\u0101 katrs elements ir r\u016bp\u012bgi izstr\u0101d\u0101ts un izjusts. T\u0101 ir m\u016bzika, kas sp\u0113j aizraut un atst\u0101t palieko\u0161u iespaidu, mudinot klaus\u012bt\u0101jus mekl\u0113t arvien jaunus un jaunus izpild\u012bjumus.<\/p>\n","protected":false},"excerpt":{"rendered":"Latvie\u0161u d\u017eeza \u0123it\u0101rists \u0122irts Celmi\u0146\u0161 triumf\u0113 N\u012bderlandes konkurs\u0101Spo\u017ea uzvara Laren Jazz 2025 Latvie\u0161u d\u017eeza m\u016bzi\u0137is, \u0123it\u0101rists, aran\u017e\u0113t\u0101js un&hellip;\n","protected":false},"author":2,"featured_media":32856,"comment_status":"","ping_status":"","sticky":false,"template":"","format":"standard","meta":{"footnotes":""},"categories":[19],"tags":[2809,89,9843,90,9844,35,39,38,36,37,34,40,932,370],"class_list":{"0":"post-32855","1":"post","2":"type-post","3":"status-publish","4":"format-standard","5":"has-post-thumbnail","7":"category-izklaide","8":"tag-dzeza-muzika","9":"tag-entertainment","10":"tag-girts-celmins","11":"tag-izklaide","12":"tag-laren-jazz-2025","13":"tag-latvia","14":"tag-latvian","15":"tag-latviesu","16":"tag-latviesu-valoda","17":"tag-latviesuvaloda","18":"tag-latvija","19":"tag-lv","20":"tag-muzikas-konkurss","21":"tag-niderlande"},"share_on_mastodon":{"url":"https:\/\/pubeurope.com\/@lv\/115447801154995986","error":""},"_links":{"self":[{"href":"https:\/\/www.europesays.com\/lv\/wp-json\/wp\/v2\/posts\/32855","targetHints":{"allow":["GET"]}}],"collection":[{"href":"https:\/\/www.europesays.com\/lv\/wp-json\/wp\/v2\/posts"}],"about":[{"href":"https:\/\/www.europesays.com\/lv\/wp-json\/wp\/v2\/types\/post"}],"author":[{"embeddable":true,"href":"https:\/\/www.europesays.com\/lv\/wp-json\/wp\/v2\/users\/2"}],"replies":[{"embeddable":true,"href":"https:\/\/www.europesays.com\/lv\/wp-json\/wp\/v2\/comments?post=32855"}],"version-history":[{"count":0,"href":"https:\/\/www.europesays.com\/lv\/wp-json\/wp\/v2\/posts\/32855\/revisions"}],"wp:featuredmedia":[{"embeddable":true,"href":"https:\/\/www.europesays.com\/lv\/wp-json\/wp\/v2\/media\/32856"}],"wp:attachment":[{"href":"https:\/\/www.europesays.com\/lv\/wp-json\/wp\/v2\/media?parent=32855"}],"wp:term":[{"taxonomy":"category","embeddable":true,"href":"https:\/\/www.europesays.com\/lv\/wp-json\/wp\/v2\/categories?post=32855"},{"taxonomy":"post_tag","embeddable":true,"href":"https:\/\/www.europesays.com\/lv\/wp-json\/wp\/v2\/tags?post=32855"}],"curies":[{"name":"wp","href":"https:\/\/api.w.org\/{rel}","templated":true}]}}