{"id":32867,"date":"2025-10-27T19:47:08","date_gmt":"2025-10-27T19:47:08","guid":{"rendered":"https:\/\/www.europesays.com\/lv\/32867\/"},"modified":"2025-10-27T19:47:08","modified_gmt":"2025-10-27T19:47:08","slug":"krievijas-drona-trieciena-kramatorska-boja-gajusi-divi-ukrainu-zurnalisti-lente-lv-2","status":"publish","type":"post","link":"https:\/\/www.europesays.com\/lv\/32867\/","title":{"rendered":"Krievijas drona triecien\u0101 Kramatorsk\u0101 boj\u0101 g\u0101ju\u0161i divi ukrai\u0146u \u017eurn\u0101listi\u00a0\u2014\u00a0Lente.lv"},"content":{"rendered":"<p>Tragedija Ukrain\u0101: Krievijas drona triecien\u0101 boj\u0101 g\u0101ju\u0161i \u017eurn\u0101listi<\/p>\n<p>Doneckas apgabal\u0101, Kramatorskas pils\u0113t\u0101, noticis satrauco\u0161s notikums, kas atkal nor\u0101da uz kara ne\u017e\u0113l\u012bgo realit\u0101ti un t\u0101s skaudrajiem upuriem. Krievijas drona uzbrukum\u0101 dz\u012bv\u012bbu zaud\u0113ju\u0161i divi Ukrainas \u017eurn\u0101listi, bet v\u0113l viens guvis ievainojumus. \u0160is tra\u0123iskais incidents ir spilgts apliecin\u0101jums tam, cik liels risks past\u0101v \u017eurn\u0101listiem, kas atspogu\u013co karadarb\u012bbas notikumus un cen\u0161as atkl\u0101t paties\u012bbu par notieko\u0161o.<\/p>\n<p>Uzbrukuma apst\u0101k\u013ci un upuru identit\u0101te<\/p>\n<p>Amatpersonas apstiprin\u0101ju\u0161as, ka uzbrukums noticis dien\u0101, kad \u017eurn\u0101listi film\u0113ja iepriek\u0161\u0113j\u0101 dien\u0101 notiku\u0161\u0101 uzbrukuma sekas degvielas uzpildes stacij\u0101. Vi\u0146u darba automa\u0161\u012bna, kas bija novietota pie degvielas uzpildes stacijas, negaid\u012bti tika sa\u0161auta ar Krievijas pretgaisa aizsardz\u012bbas sist\u0113mu \u2013 visticam\u0101k, \u201cLancet\u201d tipa dronu. \u0160ausmino\u0161ais uzbrukums bija ziben\u012bgs un brut\u0101ls. Divi \u017eurn\u0101listi \u2013 43 gadus vec\u0101 Olena Gubanova (Gramova) un 33 gadus vecais Jevhens Karmazins \u2013 g\u0101ja boj\u0101 uz vietas. Abi bija str\u0101d\u0101ju\u0161i Ukrainas valsts finans\u0113taj\u0101 telekan\u0101l\u0101 \u201cFreedom\u201d, dokument\u0113jot kara notikumus un Krievijas nodar\u012btos post\u012bjumus. Tre\u0161ais komandas loceklis, reportieris Oleksandrs Koli\u010devs, guva ievainojumus un tika nekav\u0113joties nog\u0101d\u0101ts slimn\u012bc\u0101, kur vi\u0146a st\u0101voklis tiek v\u0113rt\u0113ts k\u0101 stabils, ta\u010du vi\u0146a traumas prasa r\u016bp\u012bgu medic\u012bnisko apr\u016bpi.<\/p>\n<blockquote>\n<p>Degvielas uzpildes stacijas darbinieks, kur\u0161 bija aculiecinieks notiku\u0161ajam, dal\u012bjies \u0161ausmino\u0161\u0101s deta\u013c\u0101s: \u201cTas bija sekundes jaut\u0101jums. Divi uzreiz miru\u0161i, tre\u0161ais ievainots\u2026 M\u0113s visi bij\u0101m \u0101r\u0101, bet neviens nedzird\u0113ja, ka drons lido. Vien\u0101 mirkl\u012b spr\u0101dziens un auto saspridzin\u0101ts.\u201d<\/p>\n<\/blockquote>\n<p>Smags zaud\u0113jums Ukrainas inform\u0101cijas telpai<\/p>\n<p>Doneckas apgabala vad\u012bt\u0101js Vadims Fila\u0161kins uzsv\u0113ris \u0161\u012bs tra\u0123\u0113dijas dzi\u013cumu, nor\u0101dot, ka boj\u0101g\u0101ju\u0161ie \u017eurn\u0101listi vienm\u0113r str\u0101d\u0101ju\u0161i vissare\u017e\u0123\u012bt\u0101kajos Donbasa punktos, atspogu\u013cojot paties\u012bbu par ienaidnieka noziegumiem un Ukrainas tautas varon\u012bbu. Vi\u0146\u0161 piebildis, ka \u0161is ir smags zaud\u0113jums ne tikai apgabalam, bet visai Ukrainai. Gubanova un Karmazins ar savu darbu atspogu\u013coja kara realit\u0101ti, dokument\u0113jot Krievijas noziegumus un Ukrainas tautas neatlaid\u012bbu. Vi\u0146u upuris ir atg\u0101din\u0101jums par br\u012bvas preses svar\u012bgo lomu un par to, cik augstu cenu da\u017ei ir gatavi maks\u0101t, lai atkl\u0101tu paties\u012bbu.<\/p>\n<p>\u0160is notikums ir k\u0101rt\u0113jais smagais trieciens Ukrainas inform\u0101cijas telpai un br\u012bvai preses darb\u012bbai, apliecinot Krievijas agresijas ne\u017e\u0113l\u012bbu un m\u0113r\u0137tiec\u012bgo karu pret inform\u0101cijas vidi.<\/p>\n","protected":false},"excerpt":{"rendered":"Tragedija Ukrain\u0101: Krievijas drona triecien\u0101 boj\u0101 g\u0101ju\u0161i \u017eurn\u0101listi Doneckas apgabal\u0101, Kramatorskas pils\u0113t\u0101, noticis satrauco\u0161s notikums, kas atkal nor\u0101da&hellip;\n","protected":false},"author":2,"featured_media":32868,"comment_status":"","ping_status":"","sticky":false,"template":"","format":"standard","meta":{"footnotes":""},"categories":[14],"tags":[23,57,28,29,3905,32,33,22,3354,9831,9830,30,31,35,39,38,36,37,34,40,20,26,27,24,25,9842,54,55,56,21,58],"class_list":{"0":"post-32867","1":"post","2":"type-post","3":"status-publish","4":"format-standard","5":"has-post-thumbnail","7":"category-zinas-no-arvalstim","8":"tag-aktualitates","9":"tag-arvalstim","10":"tag-breaking-news","11":"tag-breakingnews","12":"tag-doneckas-apgabals","13":"tag-featured-news","14":"tag-featurednews","15":"tag-headlines","16":"tag-kars-ukraina","17":"tag-kramatorska","18":"tag-krievijas-drona-uzbrukums","19":"tag-latest-news","20":"tag-latestnews","21":"tag-latvia","22":"tag-latvian","23":"tag-latviesu","24":"tag-latviesu-valoda","25":"tag-latviesuvaloda","26":"tag-latvija","27":"tag-lv","28":"tag-news","29":"tag-popularakas-zinas","30":"tag-popularakaszinas","31":"tag-top-stories","32":"tag-topstories","33":"tag-ukrainu-zurnalisti","34":"tag-world","35":"tag-world-news","36":"tag-worldnews","37":"tag-zinas","38":"tag-zinas-no-arvalstim"},"share_on_mastodon":{"url":"","error":"Validation failed: Text character limit of 500 exceeded"},"_links":{"self":[{"href":"https:\/\/www.europesays.com\/lv\/wp-json\/wp\/v2\/posts\/32867","targetHints":{"allow":["GET"]}}],"collection":[{"href":"https:\/\/www.europesays.com\/lv\/wp-json\/wp\/v2\/posts"}],"about":[{"href":"https:\/\/www.europesays.com\/lv\/wp-json\/wp\/v2\/types\/post"}],"author":[{"embeddable":true,"href":"https:\/\/www.europesays.com\/lv\/wp-json\/wp\/v2\/users\/2"}],"replies":[{"embeddable":true,"href":"https:\/\/www.europesays.com\/lv\/wp-json\/wp\/v2\/comments?post=32867"}],"version-history":[{"count":0,"href":"https:\/\/www.europesays.com\/lv\/wp-json\/wp\/v2\/posts\/32867\/revisions"}],"wp:featuredmedia":[{"embeddable":true,"href":"https:\/\/www.europesays.com\/lv\/wp-json\/wp\/v2\/media\/32868"}],"wp:attachment":[{"href":"https:\/\/www.europesays.com\/lv\/wp-json\/wp\/v2\/media?parent=32867"}],"wp:term":[{"taxonomy":"category","embeddable":true,"href":"https:\/\/www.europesays.com\/lv\/wp-json\/wp\/v2\/categories?post=32867"},{"taxonomy":"post_tag","embeddable":true,"href":"https:\/\/www.europesays.com\/lv\/wp-json\/wp\/v2\/tags?post=32867"}],"curies":[{"name":"wp","href":"https:\/\/api.w.org\/{rel}","templated":true}]}}