{"id":32879,"date":"2025-10-27T20:00:07","date_gmt":"2025-10-27T20:00:07","guid":{"rendered":"https:\/\/www.europesays.com\/lv\/32879\/"},"modified":"2025-10-27T20:00:07","modified_gmt":"2025-10-27T20:00:07","slug":"somu-lici-nedelas-laika-konstatets-31-krievijas-enu-flotes-tankkugis","status":"publish","type":"post","link":"https:\/\/www.europesays.com\/lv\/32879\/","title":{"rendered":"Somu l\u012bc\u012b ned\u0113\u013cas laik\u0101 konstat\u0113ts 31 Krievijas \u201c\u0113nu flotes\u201d tankku\u0123is"},"content":{"rendered":"<p>Raidorganiz\u0101cija \u0161om\u0113nes Somu l\u012bc\u012b vienas ned\u0113\u013cas laik\u0101 identific\u0113ja 31 ku\u0123i, kam piem\u0113rotas Eiropas Savien\u012bbas (ES) sankcijas k\u0101 Krievijas &#8220;\u0113nu flotes&#8221; ku\u0123iem.<\/p>\n<p>Kop\u0161 Rietumi v\u0113rsa sankcijas pret Maskavas naftas eksportu p\u0113c Krievijas atk\u0101rtot\u0101 iebrukuma Ukrain\u0101, Maskava sankciju apie\u0161anai izmanto tankku\u0123us ar neskaidriem \u012bpa\u0161niekiem un ap\u0161aub\u0101mu apdro\u0161in\u0101\u0161anu.<\/p>\n<p>&#8220;\u0112nu flotes&#8221; ku\u0123i nereti ku\u0123o ar izsl\u0113gtiem autom\u0101tisk\u0101s identifik\u0101cijas sist\u0113mas (AIS) transponderiem vai tie ir p\u0101rveidoti. Daudzi no \u0161iem ku\u0123iem ir novecoju\u0161i. Eksperti ar\u012b br\u012bdina, ka &#8220;\u0113nu flotes&#8221; ku\u0123us var\u0113tu izmantot k\u0101 platformas, no kur\u0101m palaist dronus, lai veiktu spiego\u0161anu vai sakaru trauc\u0113\u0161anu.<\/p>\n<p>Koment\u0113jot &#8220;Yle&#8221; zi\u0146oto, Somijas Robe\u017esardzes p\u0101rst\u0101vis nor\u0101d\u012bja, ka nav p\u0101rsteigts. &#8220;Krievijas p\u0101rvad\u0101jumi Somu l\u012bc\u012b ir pirmskara l\u012bmen\u012b, kas noz\u012bm\u0113, ka \u0161o satiksmi liel\u0101koties veic \u0113nu flote,&#8221; skaidroja amatpersona.<\/p>\n<p>Apstiprinot 19. sankciju paketi pret Krieviju, ES pag\u0101ju\u0161aj\u0101 ned\u0113\u013c\u0101 cita starp\u0101 piem\u0113roja sankcijas v\u0113l vair\u0101k nek\u0101 100 tankku\u0123iem, kam turpm\u0101k aizliegts iebraukt ES ost\u0101s un sa\u0146emt pakalpojumus bloka teritorij\u0101.<\/p>\n<p>ES ar\u012b v\u0113las papla\u0161in\u0101t dal\u012bbvalstu ties\u012bbas veikt p\u0101rbaudes uz \u0161\u0101diem ku\u0123iem.<\/p>\n<p>Krievijas &#8220;\u0113nu flotes&#8221; ku\u0123i, kas galvenok\u0101rt p\u0101rvad\u0101 j\u0113lnaftu, bet ar\u012b t\u0101dus produktus k\u0101 benz\u012bnu un d\u012bze\u013cdegvielu, un kas galvenok\u0101rt apkalpo Krievijas Baltijas j\u016bras ostas Ustjlugu un Primorsku, ir liels apdraud\u0113jums videi, sevi\u0161\u0137i Somu l\u012bc\u012b, br\u012bdina eksperti.<\/p>\n<p>&#8220;Yle&#8221; zi\u0146o, ka tikai se\u0161i no 31 identific\u0113t\u0101 ku\u0123a nav vec\u0101ki par 15 gadiem.<\/p>\n","protected":false},"excerpt":{"rendered":"Raidorganiz\u0101cija \u0161om\u0113nes Somu l\u012bc\u012b vienas ned\u0113\u013cas laik\u0101 identific\u0113ja 31 ku\u0123i, kam piem\u0113rotas Eiropas Savien\u012bbas (ES) sankcijas k\u0101 Krievijas&hellip;\n","protected":false},"author":2,"featured_media":14410,"comment_status":"","ping_status":"","sticky":false,"template":"","format":"standard","meta":{"footnotes":""},"categories":[14],"tags":[23,57,28,29,32,33,22,30,31,35,39,38,36,37,34,40,20,26,27,9847,9846,24,25,54,55,56,21,58],"class_list":{"0":"post-32879","1":"post","2":"type-post","3":"status-publish","4":"format-standard","5":"has-post-thumbnail","7":"category-zinas-no-arvalstim","8":"tag-aktualitates","9":"tag-arvalstim","10":"tag-breaking-news","11":"tag-breakingnews","12":"tag-featured-news","13":"tag-featurednews","14":"tag-headlines","15":"tag-latest-news","16":"tag-latestnews","17":"tag-latvia","18":"tag-latvian","19":"tag-latviesu","20":"tag-latviesu-valoda","21":"tag-latviesuvaloda","22":"tag-latvija","23":"tag-lv","24":"tag-news","25":"tag-popularakas-zinas","26":"tag-popularakaszinas","27":"tag-somu-licis","28":"tag-tankkugis","29":"tag-top-stories","30":"tag-topstories","31":"tag-world","32":"tag-world-news","33":"tag-worldnews","34":"tag-zinas","35":"tag-zinas-no-arvalstim"},"share_on_mastodon":{"url":"https:\/\/pubeurope.com\/@lv\/115447911090877026","error":""},"_links":{"self":[{"href":"https:\/\/www.europesays.com\/lv\/wp-json\/wp\/v2\/posts\/32879","targetHints":{"allow":["GET"]}}],"collection":[{"href":"https:\/\/www.europesays.com\/lv\/wp-json\/wp\/v2\/posts"}],"about":[{"href":"https:\/\/www.europesays.com\/lv\/wp-json\/wp\/v2\/types\/post"}],"author":[{"embeddable":true,"href":"https:\/\/www.europesays.com\/lv\/wp-json\/wp\/v2\/users\/2"}],"replies":[{"embeddable":true,"href":"https:\/\/www.europesays.com\/lv\/wp-json\/wp\/v2\/comments?post=32879"}],"version-history":[{"count":0,"href":"https:\/\/www.europesays.com\/lv\/wp-json\/wp\/v2\/posts\/32879\/revisions"}],"wp:featuredmedia":[{"embeddable":true,"href":"https:\/\/www.europesays.com\/lv\/wp-json\/wp\/v2\/media\/14410"}],"wp:attachment":[{"href":"https:\/\/www.europesays.com\/lv\/wp-json\/wp\/v2\/media?parent=32879"}],"wp:term":[{"taxonomy":"category","embeddable":true,"href":"https:\/\/www.europesays.com\/lv\/wp-json\/wp\/v2\/categories?post=32879"},{"taxonomy":"post_tag","embeddable":true,"href":"https:\/\/www.europesays.com\/lv\/wp-json\/wp\/v2\/tags?post=32879"}],"curies":[{"name":"wp","href":"https:\/\/api.w.org\/{rel}","templated":true}]}}