{"id":32886,"date":"2025-10-27T20:07:12","date_gmt":"2025-10-27T20:07:12","guid":{"rendered":"https:\/\/www.europesays.com\/lv\/32886\/"},"modified":"2025-10-27T20:07:12","modified_gmt":"2025-10-27T20:07:12","slug":"smaga-avarija-uz-jurmalas-sosejas-mocim-saduroties-ar-auto-slimnica-nogadati-divi-cilveki","status":"publish","type":"post","link":"https:\/\/www.europesays.com\/lv\/32886\/","title":{"rendered":"Smaga av\u0101rija uz J\u016brmalas \u0161osejas. Mocim saduroties ar auto, slimn\u012bc\u0101 nog\u0101d\u0101ti divi cilv\u0113ki"},"content":{"rendered":"<p>Patlaban Valsts policijai zin\u0101ms, ka notikusi automa\u0161\u012bnas \u201cToyota Corolla\u201d sadursme ar motociklu \u201cHonda\u201d.<\/p>\n<p>Ce\u013cu satiksmes negad\u012bjum\u0101 cieta motocikla vad\u012bt\u0101js un pasa\u017eiere. Abi ar g\u016btaj\u0101m traum\u0101m nog\u0101d\u0101ti medic\u012bnas iest\u0101d\u0113.<\/p>\n<p>Par notiku\u0161o uzs\u0101kts Krimin\u0101lprocess un policija turpina izmekl\u0113t negad\u012bjuma apst\u0101k\u013cus.<\/p>\n<p>Port\u0101ls \u201ctv3.lv\u201d nov\u0113roja, ka negad\u012bjuma viet\u0101 uz J\u016brmalas \u0161osejas bija redzamas vair\u0101kas Neatliekam\u0101s medic\u012bnisk\u0101s pal\u012bdz\u012bbas dienesta ekip\u0101\u017eas, Valsts ugusndz\u0113s\u012bbas un gl\u0101b\u0161anas dienesta auto, k\u0101 ar\u012b stipri cietis bija negad\u012bjum\u0101 iesaist\u012btais vieglais auto.<\/p>\n<p class=\"tv3-fw-500\">Zi\u0146o par k\u013c\u016bdu rakst\u0101<\/p>\n<p class=\"d-md-block d-none\">Iez\u012bm\u0113 k\u013c\u016bdaino tekstu un spied Ctrl+Enter.<\/p>\n<p class=\"d-md-none d-block\">Iez\u012bm\u0113 k\u013c\u016bdaino tekstu un zi\u0146o par to!<\/p>\n","protected":false},"excerpt":{"rendered":"Patlaban Valsts policijai zin\u0101ms, ka notikusi automa\u0161\u012bnas \u201cToyota Corolla\u201d sadursme ar motociklu \u201cHonda\u201d. Ce\u013cu satiksmes negad\u012bjum\u0101 cieta motocikla&hellip;\n","protected":false},"author":2,"featured_media":32887,"comment_status":"","ping_status":"","sticky":false,"template":"","format":"standard","meta":{"footnotes":""},"categories":[12],"tags":[23,9848,28,29,32,33,22,30,31,35,39,38,36,37,34,40,20,26,27,24,25,21],"class_list":{"0":"post-32886","1":"post","2":"type-post","3":"status-publish","4":"format-standard","5":"has-post-thumbnail","7":"category-latvija","8":"tag-aktualitates","9":"tag-avarijacelu-satiksmecelu-satiksmes-negadijumijurmalas-sosejamotociklistsmotociklssadursme","10":"tag-breaking-news","11":"tag-breakingnews","12":"tag-featured-news","13":"tag-featurednews","14":"tag-headlines","15":"tag-latest-news","16":"tag-latestnews","17":"tag-latvia","18":"tag-latvian","19":"tag-latviesu","20":"tag-latviesu-valoda","21":"tag-latviesuvaloda","22":"tag-latvija","23":"tag-lv","24":"tag-news","25":"tag-popularakas-zinas","26":"tag-popularakaszinas","27":"tag-top-stories","28":"tag-topstories","29":"tag-zinas"},"share_on_mastodon":{"url":"https:\/\/pubeurope.com\/@lv\/115447938702570944","error":""},"_links":{"self":[{"href":"https:\/\/www.europesays.com\/lv\/wp-json\/wp\/v2\/posts\/32886","targetHints":{"allow":["GET"]}}],"collection":[{"href":"https:\/\/www.europesays.com\/lv\/wp-json\/wp\/v2\/posts"}],"about":[{"href":"https:\/\/www.europesays.com\/lv\/wp-json\/wp\/v2\/types\/post"}],"author":[{"embeddable":true,"href":"https:\/\/www.europesays.com\/lv\/wp-json\/wp\/v2\/users\/2"}],"replies":[{"embeddable":true,"href":"https:\/\/www.europesays.com\/lv\/wp-json\/wp\/v2\/comments?post=32886"}],"version-history":[{"count":0,"href":"https:\/\/www.europesays.com\/lv\/wp-json\/wp\/v2\/posts\/32886\/revisions"}],"wp:featuredmedia":[{"embeddable":true,"href":"https:\/\/www.europesays.com\/lv\/wp-json\/wp\/v2\/media\/32887"}],"wp:attachment":[{"href":"https:\/\/www.europesays.com\/lv\/wp-json\/wp\/v2\/media?parent=32886"}],"wp:term":[{"taxonomy":"category","embeddable":true,"href":"https:\/\/www.europesays.com\/lv\/wp-json\/wp\/v2\/categories?post=32886"},{"taxonomy":"post_tag","embeddable":true,"href":"https:\/\/www.europesays.com\/lv\/wp-json\/wp\/v2\/tags?post=32886"}],"curies":[{"name":"wp","href":"https:\/\/api.w.org\/{rel}","templated":true}]}}