{"id":32888,"date":"2025-10-27T20:08:11","date_gmt":"2025-10-27T20:08:11","guid":{"rendered":"https:\/\/www.europesays.com\/lv\/32888\/"},"modified":"2025-10-27T20:08:11","modified_gmt":"2025-10-27T20:08:11","slug":"somija-vinam-aizliedza-arstet-latvija-netrauceti-pienem-pacientus","status":"publish","type":"post","link":"https:\/\/www.europesays.com\/lv\/32888\/","title":{"rendered":"Somij\u0101 vi\u0146\u0101m aizliedza \u0101rst\u0113t. Latvij\u0101 netrauc\u0113ti pie\u0146em pacientus"},"content":{"rendered":"<p>Otra \u2013 infektolo\u0123e, interniste Ruta Leikuma \u2013 \u0161obr\u012bd str\u0101d\u0101 Balvu un Gulbenes slimn\u012bcu apvien\u012bb\u0101.<\/p>\n<p>Abas uzskata, ka aizliegums str\u0101d\u0101t cit\u0101 ES valst\u012b nav nekas \u012bpa\u0161s un neliedz praktiz\u0113t Latvij\u0101. Latvijas \u0100rstu biedr\u012bba (L\u0100B), kas sertific\u0113 \u0101rstus, nemaz nezin\u0101ja, ka vi\u0146\u0101m Somij\u0101 aizliegts str\u0101d\u0101t. Br\u012bdin\u0101jumi no kop\u0113j\u0101s Eiropas Savien\u012bbas (ES) datu apmai\u0146as sist\u0113mas gadiem nebija pieejami. Tagad iest\u0101des rausta plecus un nevar apsol\u012bt, ka kaut ko dar\u012bs. Vesel\u012bbas ministrs Hosams Abu Meri (JV) gan saka, ka atkl\u0101to bez iev\u0113r\u012bbas neatst\u0101s.<\/p>\n<p>Neatkl\u0101j plau\u0161u karsoni, \u0101rst\u0113 ar B vitam\u012bnu<\/p>\n<p>            <img loading=\"lazy\" decoding=\"async\" class=\"size-thumbnail wp-image-3656055 skaties-content-image\" src=\"https:\/\/www.europesays.com\/lv\/wp-content\/uploads\/2025\/10\/21f6-68ffa5458bcf3-672x504.jpeg\" alt=\"\" width=\"672\" height=\"504\"  \/><\/p>\n<p>                Tatjana Ribakova. FOTO: Vita Anstrate, LTV<\/p>\n<p>Somijas \u0101rstu uzraudz\u012bbas iest\u0101des\u00a0Valvira\u00a0l\u0113mums, kuru\u00a0Re:Baltica\u00a0izpras\u012bja starptautisk\u0101 izmekl\u0113\u0161an\u0101 kop\u0101 ar OCCRP kol\u0113\u0123iem, uzskaita virkni nopietnu p\u0101rk\u0101pumu Ribakovas darb\u0101. Piem\u0113ram, neb\u016bdama apm\u0101c\u012bta, veikusi ginekolo\u0123isku p\u0101rbaudi. Cit\u0101 gad\u012bjum\u0101 ar pieaugu\u0161ajiem paredz\u0113tu ginekolo\u0123isko apr\u012bkojumu grib\u0113ja izmekl\u0113t b\u0113rnu. Toreiz iejauc\u0101s medm\u0101sa.\u00a0Valvira\u00a0eksperte secin\u0101ja, ka tas \u201cliecina par spriestsp\u0113jas un izpratnes tr\u016bkumu par to, ka vi\u0146as r\u012bc\u012bba var\u0113tu nodar\u012bt kait\u0113jumu pacientam\u201d.<\/p>\n<p>Cit\u0101 reiz\u0113 Ribakova \u201cnebija diagnostic\u0113jusi ac\u012bmredzamu pneimoniju\u201d.\u00a0V\u0113l cit\u0101 \u2013\u00a0 nepaman\u012bja acu probl\u0113mu, kuras d\u0113\u013c pacients gandr\u012bz zaud\u0113ja redzi. (Ribakova bija ieteikusi lietot mitrino\u0161us pilienus.) Neveicot anal\u012bzes, \u0101rste s\u0101pes, depresiju un reibo\u0146us \u0101rst\u0113ja ar B vitam\u012bnu.<\/p>\n<p>Kol\u0113\u0123iem bija j\u0101labo Ribakovas \u0101rst\u0113\u0161anas metodes, un da\u017ei pacienti atteic\u0101s pie vi\u0146as atgriezties. \u201cRibakovas profesion\u0101l\u0101s iema\u0146as nav pietiekam\u0101 l\u012bmen\u012b, lai vi\u0146a var\u0113tu neatkar\u012bgi vai cita \u0101rsta uzraudz\u012bb\u0101 str\u0101d\u0101t profesij\u0101, neapdraudot pacientu dro\u0161\u012bbu,\u201d secin\u0101ja\u00a0Valvira.<\/p>\n<p class=\"ad-desc ad-desc-main\">Saturs turpin\u0101s p\u0113c rekl\u0101mas<\/p>\n<p class=\"ad-desc ad-desc-sec\">Rekl\u0101ma<\/p>\n<p>Paskaidrojumus pras\u012bja ar\u012b \u0101rstei. \u201cVi\u0146aspr\u0101t,\u00a0 nebija izdar\u012bjusi neko nepareizi, un uzskat\u012bja, ka tiek gal\u0101 \u013coti labi,\u201d teikts dokument\u0101. Ginekolo\u0123ij\u0101 grib\u0113jusi pal\u012bdz\u0113t, jo medic\u012bnas centr\u0101 tr\u016bcis \u0101rstu. B\u0113rnu izmekl\u0113t neesot m\u0113\u0123in\u0101jusi. Pneimonijas gad\u012bjum\u0101, kad dzird\u0113ja, ka pacienta st\u0101voklis bija smags un n\u0101c\u0101s \u0101rst\u0113ties augst\u0101kas noz\u012bmes slimn\u012bc\u0101, vi\u0146a pazi\u0146ojusi: \u201cBet ta\u010du nenomira\u201d.<\/p>\n<p>P\u0113c visu pu\u0161u uzklaus\u012b\u0161anas\u00a0Valvira\u00a02017. gad\u0101 nol\u0113ma, ka Ribakovas profesion\u0101l\u0101s iema\u0146as nav pietiekamas, lai var\u0113tu str\u0101d\u0101t par \u0101rsti Somij\u0101. Un at\u0146\u0113ma ties\u012bbas praktiz\u0113t.<\/p>\n<p>\u201cVienk\u0101r\u0161i pamekl\u0113jiet Google\u201d<\/p>\n<p>Otra s\u0101kum\u0101 piemin\u0113t\u0101 \u0101rste Ruta Leikuma Somij\u0101 str\u0101d\u0101ja vair\u0101k\u0101s medic\u012bnas iest\u0101d\u0113s.<\/p>\n<p>            <img loading=\"lazy\" decoding=\"async\" class=\"size-thumbnail wp-image-3656054 skaties-content-image\" src=\"https:\/\/www.europesays.com\/lv\/wp-content\/uploads\/2025\/10\/9a23-68ffa5428b09d-672x620.jpg\" alt=\"\" width=\"672\" height=\"620\"  \/><\/p>\n<p>                Ruta Leikuma FOTO: Facebook<\/p>\n<p>S\u0101kum\u0101 \u2013 2015. gada vid\u016b \u2013 somu uzraugs nevar\u0113ja saprast, vai par \u0101rsti s\u016bdzas, jo vi\u0146ai tr\u016bkst zin\u0101\u0161anu, vai t\u0101p\u0113c, ka vi\u0146a pietiekami labi neprot somiski. Piem\u0113ram, Jamsas slimn\u012bcas \u0101rste nor\u0101d\u012bja, ka Leikuma pacientu dokument\u0101cijai izmanto tulko\u0161anas programmu, un kol\u0113\u0123iem j\u0101labo k\u013c\u016bdas. \u201cPacients ir melna v\u0113dera izeja,\u201d Leikuma esot rakst\u012bjusi. Vai, kad pacienta radinieki jaut\u0101ju\u0161i, kas vi\u0146am kai\u0161, \u0101rste atbild\u0113jusi: \u201cVienk\u0101r\u0161i pamekl\u0113jiet\u00a0Google, tur visu atrad\u012bsiet.\u201d<\/p>\n<p>Valvira\u00a0nol\u0113ma, ka situ\u0101cija j\u0101p\u0101rbauda r\u016bp\u012bg\u0101k, t\u0101p\u0113c Tamperes universit\u0101tei uzdeva izv\u0113rt\u0113t gan Leikumas teor\u0113tisk\u0101s, gan praktisk\u0101s zin\u0101\u0161anas.<\/p>\n","protected":false},"excerpt":{"rendered":"Otra \u2013 infektolo\u0123e, interniste Ruta Leikuma \u2013 \u0161obr\u012bd str\u0101d\u0101 Balvu un Gulbenes slimn\u012bcu apvien\u012bb\u0101. Abas uzskata, ka aizliegums&hellip;\n","protected":false},"author":2,"featured_media":32889,"comment_status":"","ping_status":"","sticky":false,"template":"","format":"standard","meta":{"footnotes":""},"categories":[5],"tags":[23,9849,28,29,32,33,22,30,31,35,39,38,36,37,34,40,20,26,27,24,25,21],"class_list":{"0":"post-32888","1":"post","2":"type-post","3":"status-publish","4":"format-standard","5":"has-post-thumbnail","7":"category-aktualitates","8":"tag-aktualitates","9":"tag-arstirebalticasomija","10":"tag-breaking-news","11":"tag-breakingnews","12":"tag-featured-news","13":"tag-featurednews","14":"tag-headlines","15":"tag-latest-news","16":"tag-latestnews","17":"tag-latvia","18":"tag-latvian","19":"tag-latviesu","20":"tag-latviesu-valoda","21":"tag-latviesuvaloda","22":"tag-latvija","23":"tag-lv","24":"tag-news","25":"tag-popularakas-zinas","26":"tag-popularakaszinas","27":"tag-top-stories","28":"tag-topstories","29":"tag-zinas"},"share_on_mastodon":{"url":"https:\/\/pubeurope.com\/@lv\/115447942643500269","error":""},"_links":{"self":[{"href":"https:\/\/www.europesays.com\/lv\/wp-json\/wp\/v2\/posts\/32888","targetHints":{"allow":["GET"]}}],"collection":[{"href":"https:\/\/www.europesays.com\/lv\/wp-json\/wp\/v2\/posts"}],"about":[{"href":"https:\/\/www.europesays.com\/lv\/wp-json\/wp\/v2\/types\/post"}],"author":[{"embeddable":true,"href":"https:\/\/www.europesays.com\/lv\/wp-json\/wp\/v2\/users\/2"}],"replies":[{"embeddable":true,"href":"https:\/\/www.europesays.com\/lv\/wp-json\/wp\/v2\/comments?post=32888"}],"version-history":[{"count":0,"href":"https:\/\/www.europesays.com\/lv\/wp-json\/wp\/v2\/posts\/32888\/revisions"}],"wp:featuredmedia":[{"embeddable":true,"href":"https:\/\/www.europesays.com\/lv\/wp-json\/wp\/v2\/media\/32889"}],"wp:attachment":[{"href":"https:\/\/www.europesays.com\/lv\/wp-json\/wp\/v2\/media?parent=32888"}],"wp:term":[{"taxonomy":"category","embeddable":true,"href":"https:\/\/www.europesays.com\/lv\/wp-json\/wp\/v2\/categories?post=32888"},{"taxonomy":"post_tag","embeddable":true,"href":"https:\/\/www.europesays.com\/lv\/wp-json\/wp\/v2\/tags?post=32888"}],"curies":[{"name":"wp","href":"https:\/\/api.w.org\/{rel}","templated":true}]}}