{"id":32898,"date":"2025-10-27T20:20:12","date_gmt":"2025-10-27T20:20:12","guid":{"rendered":"https:\/\/www.europesays.com\/lv\/32898\/"},"modified":"2025-10-27T20:20:12","modified_gmt":"2025-10-27T20:20:12","slug":"pirmdiena-bus-lietaina-un-dregna","status":"publish","type":"post","link":"https:\/\/www.europesays.com\/lv\/32898\/","title":{"rendered":"Pirmdiena b\u016bs lietaina un dr\u0113gna"},"content":{"rendered":"<p>Savuk\u0101rt vakar\u0101 vair\u0101k nokri\u0161\u0146u b\u016bs valsts dienvidos, sevi\u0161\u0137i Dienvidkurzem\u0113.<\/p>\n<p>Priek\u0161pusdien\u0101 galvenok\u0101rt Kurzem\u0113, v\u0113l\u0101k ar\u012b citviet Latvij\u0101 uzsp\u012bd\u0113s saule.<\/p>\n<p>V\u0113j\u0161 l\u0113ni p\u016bt\u012bs no dienvidu puses, Latgal\u0113 v\u0113j\u0161 b\u016bs sp\u0113c\u012bg\u0101ks un br\u0101zm\u0101s sasniegs 13 metrus sekund\u0113.<\/p>\n<p>Maksim\u0101l\u0101 gaisa temperat\u016bra b\u016bs +5..+10 gr\u0101di.<\/p>\n<p>R\u012bg\u0101 dienas pirmaj\u0101 pus\u0113 br\u012b\u017eiem l\u012bs, p\u0113cpusdien\u0101 m\u0101ko\u0146u k\u013c\u016bs maz\u0101k. P\u016b\u0161ot l\u0113nam dienvidu v\u0113jam, gaiss iesils l\u012bdz +7..+8 gr\u0101diem.<\/p>\n<p>Laikapst\u0101k\u013cus nosaka liels ciklons. Atmosf\u0113ras spiediens j\u016bras l\u012bmen\u012b no 986 hektopask\u0101liem Kurzem\u0113 l\u012bdz 992 hektopask\u0101liem valsts austrumos.<\/p>\n","protected":false},"excerpt":{"rendered":"Savuk\u0101rt vakar\u0101 vair\u0101k nokri\u0161\u0146u b\u016bs valsts dienvidos, sevi\u0161\u0137i Dienvidkurzem\u0113. Priek\u0161pusdien\u0101 galvenok\u0101rt Kurzem\u0113, v\u0113l\u0101k ar\u012b citviet Latvij\u0101 uzsp\u012bd\u0113s saule.&hellip;\n","protected":false},"author":2,"featured_media":12242,"comment_status":"","ping_status":"","sticky":false,"template":"","format":"standard","meta":{"footnotes":""},"categories":[5],"tags":[23,28,29,32,33,22,397,30,31,35,39,38,36,37,34,40,20,26,27,2410,24,25,21],"class_list":{"0":"post-32898","1":"post","2":"type-post","3":"status-publish","4":"format-standard","5":"has-post-thumbnail","7":"category-aktualitates","8":"tag-aktualitates","9":"tag-breaking-news","10":"tag-breakingnews","11":"tag-featured-news","12":"tag-featurednews","13":"tag-headlines","14":"tag-laikapstakli","15":"tag-latest-news","16":"tag-latestnews","17":"tag-latvia","18":"tag-latvian","19":"tag-latviesu","20":"tag-latviesu-valoda","21":"tag-latviesuvaloda","22":"tag-latvija","23":"tag-lv","24":"tag-news","25":"tag-popularakas-zinas","26":"tag-popularakaszinas","27":"tag-prognoze","28":"tag-top-stories","29":"tag-topstories","30":"tag-zinas"},"share_on_mastodon":{"url":"https:\/\/pubeurope.com\/@lv\/115447989688358031","error":""},"_links":{"self":[{"href":"https:\/\/www.europesays.com\/lv\/wp-json\/wp\/v2\/posts\/32898","targetHints":{"allow":["GET"]}}],"collection":[{"href":"https:\/\/www.europesays.com\/lv\/wp-json\/wp\/v2\/posts"}],"about":[{"href":"https:\/\/www.europesays.com\/lv\/wp-json\/wp\/v2\/types\/post"}],"author":[{"embeddable":true,"href":"https:\/\/www.europesays.com\/lv\/wp-json\/wp\/v2\/users\/2"}],"replies":[{"embeddable":true,"href":"https:\/\/www.europesays.com\/lv\/wp-json\/wp\/v2\/comments?post=32898"}],"version-history":[{"count":0,"href":"https:\/\/www.europesays.com\/lv\/wp-json\/wp\/v2\/posts\/32898\/revisions"}],"wp:featuredmedia":[{"embeddable":true,"href":"https:\/\/www.europesays.com\/lv\/wp-json\/wp\/v2\/media\/12242"}],"wp:attachment":[{"href":"https:\/\/www.europesays.com\/lv\/wp-json\/wp\/v2\/media?parent=32898"}],"wp:term":[{"taxonomy":"category","embeddable":true,"href":"https:\/\/www.europesays.com\/lv\/wp-json\/wp\/v2\/categories?post=32898"},{"taxonomy":"post_tag","embeddable":true,"href":"https:\/\/www.europesays.com\/lv\/wp-json\/wp\/v2\/tags?post=32898"}],"curies":[{"name":"wp","href":"https:\/\/api.w.org\/{rel}","templated":true}]}}