{"id":32916,"date":"2025-10-27T21:18:11","date_gmt":"2025-10-27T21:18:11","guid":{"rendered":"https:\/\/www.europesays.com\/lv\/32916\/"},"modified":"2025-10-27T21:18:11","modified_gmt":"2025-10-27T21:18:11","slug":"putina-divainibas-nra-lv","status":"publish","type":"post","link":"https:\/\/www.europesays.com\/lv\/32916\/","title":{"rendered":"Putina d\u012bvain\u012bbas &#8211; nra.lv"},"content":{"rendered":"<p class=\"descr\">Biju\u0161\u0101 Somijas prezidenta Sauli N\u012bnistes memu\u0101ri \u201cVisi ce\u013ci uz dro\u0161\u012bbu\u201d sniedz negaid\u012btu ieskatu Vladimira Putina dz\u012bv\u0113, raksta \u201cLietuvos Rytas\u201d.<\/p>\n<p>Gr\u0101mata aptver 12 vi\u0146a vald\u012b\u0161anas gadus un nosl\u0113dzas ar notikumiem p\u0113c Krievijas pilna m\u0113roga iebrukuma Ukrain\u0101 2022. gad\u0101.<\/p>\n<p>S. N\u012bniste run\u0101 par <a href=\"https:\/\/nra.lv\/birka\/vladimirs-putins\/\" target=\"_blank\" rel=\"noopener nofollow\">V. Putina<\/a> kod\u012bgo humoru un m\u0101jieniem par Somijas neatkar\u012bbu. Piem\u0113ram, 2012. gada Sanktp\u0113terburgas Ekonomikas forum\u0101 Krievijas l\u012bderis viesiem pied\u0101v\u0101ja v\u012bnu no 1845. gada ra\u017eas, nor\u0101dot, ka &#8220;toreiz viss bija lab\u0101k&#8221;. Somijas l\u012bderis to uztv\u0113ra k\u0101 dz\u0113lienu, jo 1845. gad\u0101 Somijas valsts nebija un valsts bija autonom\u0101 Somijas Lielhercogiste, kuru p\u0101rvald\u012bja Krievijas imp\u0113rijas cars. &#8220;Es \u0101tri uzmetu skatienu galdam un sapratu, ka atg\u0101din\u0101jums bija dom\u0101ts man,&#8221; raksta biju\u0161ais Somijas prezidents.<\/p>\n<p>Gr\u0101mat\u0101 aprakst\u012btas ar\u012b d\u0101vanas no Putina, kas N\u012bnisti vair\u0101kk\u0101rt ir mulsin\u0101ju\u0161as. Viena no t\u0101m ir goda meda\u013ca, kas savulaik tika pie\u0161\u0137irta 19. gadsimta somu valstsv\u012bram Samuelam Verneram fon Troilusam. \u0160is biju\u0161ais Somijas vald\u012bbas vad\u012bt\u0101js bija ass cara Nikolaja II rusifik\u0101cijas politikas kriti\u0137is. N\u012bniste saskat\u012bja paral\u0113les ar savu politisko pieredzi un nosauca \u0161o \u017eestu par d\u012bvainu. Somijas neatkar\u012bbas dien\u0101 Putins vi\u0146am uzd\u0101vin\u0101ja Gustava Em\u012bla Mannerheima un vi\u0146a \u0123imenes person\u012bgo v\u0113stu\u013cu kolekciju. Mannerheims vad\u012bja aizsardz\u012bbu pret Sta\u013cina iebrukumu 1939. gad\u0101 un 1941. gad\u0101 k\u013cuva par nacistisk\u0101s V\u0101cijas faktisko sabiedroto pret PSRS.<\/p>\n<p>N\u012bnistes komanda apsv\u0113ra \u0161\u0101du d\u0101vanu noz\u012bmi. &#8220;M\u0113s kop\u0101 apsv\u0113r\u0101m, ko \u0161ie v\u0113st\u012bjumi paties\u012bb\u0101 noz\u012bm\u0113,&#8221; raksta N\u012bniste.<\/p>\n<p>Ce\u013c\u0161 uz NATO un Putina reakcija<\/p>\n<p>Attiec\u012bbas atdzisa p\u0113c 2022. gada iebrukuma, un N\u012bniste apgalvo, ka ir izvair\u012bjies izmantot potenci\u0101lo dal\u012bbu NATO k\u0101 kaul\u0113\u0161an\u0101s instrumentu. P\u0113c vi\u0146a teikt\u0101, \u0161o t\u0113mu izvirz\u012bja pats Putins, kur\u0161 apgalvoja, ka toreiz\u0113jais ASV prezidents D\u017eo Baidens m\u0113\u0123ina iebied\u0113t Maskavu.<\/p>\n<p>Dr\u012bz p\u0113c tam N\u012bniste kop\u0101 ar premjerministri Sannu Marinu pazi\u0146oja par l\u0113mumu pievienoties aliansei. Da\u017eas dienas v\u0113l\u0101k iepriek\u0161 norun\u0101t\u0101 telefonsarun\u0101 N\u012bniste Putinam teica: &#8220;Somija tagad pievienojas NATO.&#8221; Putins saglab\u0101ja &#8220;p\u0101rsteidzo\u0161i mier\u012bgu&#8221; toni, liecin\u0101ja soms. &#8220;Vi\u0146\u0161 vienk\u0101r\u0161i teica: &#8220;J\u016bs pie\u013caujat k\u013c\u016bdu,&#8221;&#8221; atceras N\u012bniste. Putins ar\u012b izteicies par Somijas l\u0113mumu: &#8220;Amerik\u0101\u0146i noteikti p\u0101r\u0146ems milit\u0101ro kontroli.&#8221;<\/p>\n<p>\t\t\t\t\t\tinfo<\/p>\n<p>Uzzini pirmais<br \/>kas interesants noticis Latvij\u0101 un pasaul\u0113,<br \/>pievienojoties mums <a href=\"https:\/\/t.me\/neatkariga\" rel=\"nofollow\">Telegram<\/a> vai <a href=\"https:\/\/whatsapp.com\/channel\/0029VaMLFUH5K3zLU5s4wm3y\" rel=\"nofollow noopener\" target=\"_blank\">Whatsapp<\/a> kan\u0101l\u0101<\/p>\n","protected":false},"excerpt":{"rendered":"Biju\u0161\u0101 Somijas prezidenta Sauli N\u012bnistes memu\u0101ri \u201cVisi ce\u013ci uz dro\u0161\u012bbu\u201d sniedz negaid\u012btu ieskatu Vladimira Putina dz\u012bv\u0113, raksta \u201cLietuvos&hellip;\n","protected":false},"author":2,"featured_media":32917,"comment_status":"","ping_status":"","sticky":false,"template":"","format":"standard","meta":{"footnotes":""},"categories":[14],"tags":[23,57,28,29,32,33,22,30,31,35,39,38,36,37,34,40,20,26,27,24,25,54,55,56,21,58],"class_list":{"0":"post-32916","1":"post","2":"type-post","3":"status-publish","4":"format-standard","5":"has-post-thumbnail","7":"category-zinas-no-arvalstim","8":"tag-aktualitates","9":"tag-arvalstim","10":"tag-breaking-news","11":"tag-breakingnews","12":"tag-featured-news","13":"tag-featurednews","14":"tag-headlines","15":"tag-latest-news","16":"tag-latestnews","17":"tag-latvia","18":"tag-latvian","19":"tag-latviesu","20":"tag-latviesu-valoda","21":"tag-latviesuvaloda","22":"tag-latvija","23":"tag-lv","24":"tag-news","25":"tag-popularakas-zinas","26":"tag-popularakaszinas","27":"tag-top-stories","28":"tag-topstories","29":"tag-world","30":"tag-world-news","31":"tag-worldnews","32":"tag-zinas","33":"tag-zinas-no-arvalstim"},"share_on_mastodon":{"url":"https:\/\/pubeurope.com\/@lv\/115448217780283449","error":""},"_links":{"self":[{"href":"https:\/\/www.europesays.com\/lv\/wp-json\/wp\/v2\/posts\/32916","targetHints":{"allow":["GET"]}}],"collection":[{"href":"https:\/\/www.europesays.com\/lv\/wp-json\/wp\/v2\/posts"}],"about":[{"href":"https:\/\/www.europesays.com\/lv\/wp-json\/wp\/v2\/types\/post"}],"author":[{"embeddable":true,"href":"https:\/\/www.europesays.com\/lv\/wp-json\/wp\/v2\/users\/2"}],"replies":[{"embeddable":true,"href":"https:\/\/www.europesays.com\/lv\/wp-json\/wp\/v2\/comments?post=32916"}],"version-history":[{"count":0,"href":"https:\/\/www.europesays.com\/lv\/wp-json\/wp\/v2\/posts\/32916\/revisions"}],"wp:featuredmedia":[{"embeddable":true,"href":"https:\/\/www.europesays.com\/lv\/wp-json\/wp\/v2\/media\/32917"}],"wp:attachment":[{"href":"https:\/\/www.europesays.com\/lv\/wp-json\/wp\/v2\/media?parent=32916"}],"wp:term":[{"taxonomy":"category","embeddable":true,"href":"https:\/\/www.europesays.com\/lv\/wp-json\/wp\/v2\/categories?post=32916"},{"taxonomy":"post_tag","embeddable":true,"href":"https:\/\/www.europesays.com\/lv\/wp-json\/wp\/v2\/tags?post=32916"}],"curies":[{"name":"wp","href":"https:\/\/api.w.org\/{rel}","templated":true}]}}