{"id":32920,"date":"2025-10-27T21:36:11","date_gmt":"2025-10-27T21:36:11","guid":{"rendered":"https:\/\/www.europesays.com\/lv\/32920\/"},"modified":"2025-10-27T21:36:11","modified_gmt":"2025-10-27T21:36:11","slug":"ukraina-atvadas-no-krievijas-trieciena-doneckas-apgabalam-nogalinatiem-diviem-ukrainu-zurnalistiem-raksts","status":"publish","type":"post","link":"https:\/\/www.europesays.com\/lv\/32920\/","title":{"rendered":"Ukrain\u0101 atvad\u0101s no Krievijas triecien\u0101 Doneckas apgabalam nogalin\u0101tiem diviem ukrai\u0146u \u017eurn\u0101listiem \/ Raksts"},"content":{"rendered":"<p>Pirmdiena izr\u0101d\u012bjusies s\u0113ru pilna diena\u00a0Kijiv\u0101. \u0122imene, draugi un biju\u0161ie kol\u0113\u0123i pulc\u0113j\u0101s, lai atvad\u012btos no \u017eurn\u0101listiem, kuri pag\u0101ju\u0161aj\u0101 ned\u0113\u013c\u0101 g\u0101ja boj\u0101 Krievijas drona triecien\u0101 Doneckas apgabala Kramatorsk\u0101.\u00a0<\/p>\n<p>\u017durn\u0101liste Olena Hubanova, kas str\u0101d\u0101ja ar pseidon\u012bmu A\u013cona Gramova, un operators Jevhens Karmazins kop\u0101 str\u0101d\u0101ja bie\u017ei. Un pirmdien\u00a0abi kop\u0101 godin\u0101ti s\u0113ru dievkalpojum\u0101.<\/p>\n<p style=\"margin-left:0cm; margin-right:0cm\">&#8220;Vi\u0146i nekad neapst\u0101j\u0101s, lai padom\u0101tu, vai ir v\u0113rts turp doties, vai tas ir dro\u0161i, vi\u0146i to ne\u0146\u0113ma v\u0113r\u0101. Kad kaut kur notika k\u0101rt\u0113jais Krievijas terora akts, vi\u0146i bez vilcin\u0101\u0161an\u0101s dev\u0101s turp, jo bija p\u0101rliecin\u0101ti, ka pasaulei tas ir j\u0101redz,&#8221; teica\u00a0Veronika Bakalina, medija &#8220;Freedom&#8221; redaktore.\u00a0<\/p>\n<p style=\"margin-left:0cm; margin-right:0cm\">&#8220;Run\u0101sim ska\u013ci un atg\u0101din\u0101sim visiem, ka vi\u0146us nogalin\u0101ja, \u2013 pirmk\u0101rt un galvenok\u0101rt t\u0101p\u0113c, ka vi\u0146i bija ukrai\u0146i. Otrk\u0101rt, t\u0101p\u0113c, ka vi\u0146i bija paties\u012bbas balsis, kas pasaulei st\u0101st\u012bja, ko krievi dara m\u016bsu zem\u0113,&#8221; st\u0101st\u012bja\u00a0Ukrainas multimediju apraides platformas \u0123ener\u0101ldirektore\u00a0J\u016blija Bina.\u00a0<\/p>\n<p style=\"margin-left:0cm; margin-right:0cm\">Abi \u017eurn\u0101listi g\u0101ja boj\u0101 aptuveni 20 kilometru att\u0101lum\u0101 no frontes l\u012bnijas. Pieaugot att\u0101lumam, cik t\u0101lu no frontes var darboties Krievijas droni, \u017eurn\u0101listu darbs re\u0123ion\u0101 k\u013c\u016bst arvien b\u012bstam\u0101ks.<\/p>\n<p>                    Valodas k\u013c\u016bda rakst\u0101?<\/p>\n<p class=\"d-none d-md-block\">Iez\u012bm\u0113jiet tekstu un spiediet Ctrl+Enter, lai nos\u016bt\u012btu labojamo teksta fragmentu redaktoram! Par faktu k\u013c\u016bd\u0101m l\u016bdzam zi\u0146ot e-past\u0101 <a href=\"https:\/\/www.lsm.lv\/cdn-cgi\/l\/email-protection\" class=\"__cf_email__\" data-cfemail=\"d7a5b2b3b6bcb4bebdb697bba4baf9bba1\" rel=\"nofollow noopener\" target=\"_blank\">[email\u00a0protected]<\/a>.<\/p>\n<p class=\"d-md-none\">Iez\u012bm\u0113jiet tekstu un spiediet uz Zi\u0146ot par k\u013c\u016bdu pogas, lai nos\u016bt\u012btu labojamo teksta fragmentu redaktoram!<\/p>\n<p>\n                    Zi\u0146ot par k\u013c\u016bdu\n                <\/p>\n","protected":false},"excerpt":{"rendered":"Pirmdiena izr\u0101d\u012bjusies s\u0113ru pilna diena\u00a0Kijiv\u0101. \u0122imene, draugi un biju\u0161ie kol\u0113\u0123i pulc\u0113j\u0101s, lai atvad\u012btos no \u017eurn\u0101listiem, kuri pag\u0101ju\u0161aj\u0101 ned\u0113\u013c\u0101&hellip;\n","protected":false},"author":2,"featured_media":32921,"comment_status":"","ping_status":"","sticky":false,"template":"","format":"standard","meta":{"footnotes":""},"categories":[14],"tags":[23,57,28,29,32,33,22,30,31,35,39,38,36,37,34,40,20,26,27,24,25,54,55,56,21,58],"class_list":{"0":"post-32920","1":"post","2":"type-post","3":"status-publish","4":"format-standard","5":"has-post-thumbnail","7":"category-zinas-no-arvalstim","8":"tag-aktualitates","9":"tag-arvalstim","10":"tag-breaking-news","11":"tag-breakingnews","12":"tag-featured-news","13":"tag-featurednews","14":"tag-headlines","15":"tag-latest-news","16":"tag-latestnews","17":"tag-latvia","18":"tag-latvian","19":"tag-latviesu","20":"tag-latviesu-valoda","21":"tag-latviesuvaloda","22":"tag-latvija","23":"tag-lv","24":"tag-news","25":"tag-popularakas-zinas","26":"tag-popularakaszinas","27":"tag-top-stories","28":"tag-topstories","29":"tag-world","30":"tag-world-news","31":"tag-worldnews","32":"tag-zinas","33":"tag-zinas-no-arvalstim"},"share_on_mastodon":{"url":"https:\/\/pubeurope.com\/@lv\/115448288626278121","error":""},"_links":{"self":[{"href":"https:\/\/www.europesays.com\/lv\/wp-json\/wp\/v2\/posts\/32920","targetHints":{"allow":["GET"]}}],"collection":[{"href":"https:\/\/www.europesays.com\/lv\/wp-json\/wp\/v2\/posts"}],"about":[{"href":"https:\/\/www.europesays.com\/lv\/wp-json\/wp\/v2\/types\/post"}],"author":[{"embeddable":true,"href":"https:\/\/www.europesays.com\/lv\/wp-json\/wp\/v2\/users\/2"}],"replies":[{"embeddable":true,"href":"https:\/\/www.europesays.com\/lv\/wp-json\/wp\/v2\/comments?post=32920"}],"version-history":[{"count":0,"href":"https:\/\/www.europesays.com\/lv\/wp-json\/wp\/v2\/posts\/32920\/revisions"}],"wp:featuredmedia":[{"embeddable":true,"href":"https:\/\/www.europesays.com\/lv\/wp-json\/wp\/v2\/media\/32921"}],"wp:attachment":[{"href":"https:\/\/www.europesays.com\/lv\/wp-json\/wp\/v2\/media?parent=32920"}],"wp:term":[{"taxonomy":"category","embeddable":true,"href":"https:\/\/www.europesays.com\/lv\/wp-json\/wp\/v2\/categories?post=32920"},{"taxonomy":"post_tag","embeddable":true,"href":"https:\/\/www.europesays.com\/lv\/wp-json\/wp\/v2\/tags?post=32920"}],"curies":[{"name":"wp","href":"https:\/\/api.w.org\/{rel}","templated":true}]}}