{"id":32932,"date":"2025-10-27T22:26:08","date_gmt":"2025-10-27T22:26:08","guid":{"rendered":"https:\/\/www.europesays.com\/lv\/32932\/"},"modified":"2025-10-27T22:26:08","modified_gmt":"2025-10-27T22:26:08","slug":"maras-zalites-repostetajam-plakatam-uzrakstiju-savu-komentaru-bet-tas-uzreiz-kaut-ka-nodzisa-gundars-abolins-pauz-skaidru-nostaju-par-stambulas-konvenciju","status":"publish","type":"post","link":"https:\/\/www.europesays.com\/lv\/32932\/","title":{"rendered":"\u201cM\u0101ras Z\u0101l\u012btes repost\u0113tajam plak\u0101tam uzrakst\u012bju savu koment\u0101ru, bet tas uzreiz kaut k\u0101 \u201cnodzisa\u201d\u2026\u201d Gundars \u0100boli\u0146\u0161 pau\u017e skaidru nost\u0101ju par Stambulas konvenciju"},"content":{"rendered":"<p>    <img decoding=\"async\" src=\"https:\/\/www.europesays.com\/lv\/wp-content\/uploads\/2025\/10\/Abolins1_KM_14.jpg\" alt=\"&#10;Gundars \u0100boli\u0146\u0161&#10;\"\/><\/p>\n<p>Gundars \u0100boli\u0146\u0161<\/p>\n<p>Foto \u2013 Kar\u012bna Miez\u0101ja\n<\/p>\n<p>P\u0113d\u0113j\u0101 laik\u0101 Stambulas konvencija ir \u201ckarstais kartupelis\u201d da\u017e\u0101d\u0101s sabiedr\u012bbas grup\u0101s. Teju katram ir viedoklis par \u0161o t\u0113mu, v\u0113rojamas ar\u012b \u0161\u0137el\u0161an\u0101s div\u0101s at\u0161\u0137ir\u012bg\u0101s grup\u0101s. Pat \u0161\u0137ietami domubiedri \u0161aj\u0101 jaut\u0101jum\u0101 m\u0113dz raudz\u012bties katrs cit\u0101 virzien\u0101.<\/p>\n<p>        Las\u012bt\u0101kie<br \/>\n        <a data-imagesrc=\"{&quot;300&quot;:&quot;https:\\\/\\\/lastatic.ams3.cdn.digitaloceanspaces.com\\\/2021\\\/05\\\/emocijas-300x211.jpg&quot;,&quot;768&quot;:&quot;https:\\\/\\\/lastatic.ams3.cdn.digitaloceanspaces.com\\\/2021\\\/05\\\/emocijas-768x541.jpg&quot;,&quot;1024&quot;:&quot;https:\\\/\\\/lastatic.ams3.cdn.digitaloceanspaces.com\\\/2021\\\/05\\\/emocijas-1024x722.jpg&quot;,&quot;200&quot;:&quot;https:\\\/\\\/lastatic.ams3.cdn.digitaloceanspaces.com\\\/2021\\\/05\\\/emocijas-200x141.jpg&quot;,&quot;400&quot;:&quot;https:\\\/\\\/lastatic.ams3.cdn.digitaloceanspaces.com\\\/2021\\\/05\\\/emocijas-400x282.jpg&quot;,&quot;500&quot;:&quot;https:\\\/\\\/lastatic.ams3.cdn.digitaloceanspaces.com\\\/2021\\\/05\\\/emocijas-500x352.jpg&quot;,&quot;800&quot;:&quot;https:\\\/\\\/lastatic.ams3.cdn.digitaloceanspaces.com\\\/2021\\\/05\\\/emocijas-800x564.jpg&quot;,&quot;1000&quot;:&quot;https:\\\/\\\/lastatic.ams3.cdn.digitaloceanspaces.com\\\/2021\\\/05\\\/emocijas-1000x705.jpg&quot;,&quot;1193&quot;:&quot;https:\\\/\\\/lastatic.ams3.cdn.digitaloceanspaces.com\\\/2021\\\/05\\\/emocijas.jpg&quot;}\" data-focuspoint=\"&quot;&quot;\" data-p=\"2456352\" href=\"https:\/\/www.la.lv\/nav-ko-dusmoties-vai-slavet-sis-rakstura-ipasibas-nak-lidzi-katrai-zodiaka-zimei\" class=\"content-item lazy-load\" wp_automatic_readability=\"28\" rel=\"nofollow noopener\" target=\"_blank\"><\/p>\n<p>                                <img decoding=\"async\" src=\"\" alt=\"\" style=\"\" data-imageid=\"\"\/><\/p>\n<p>                                Kokteilis<\/p>\n<p>\n                                                No Auna drosmes l\u012bdz Zivju intu\u012bcijai. Pasaki, kas esi p\u0113c horoskopa, un m\u0113s pateiksim, k\u0101das \u012bpa\u0161\u012bbas tev \u201cn\u0101k l\u012bdzi p\u016br\u0101\u201d!\n                            <\/p>\n<p><\/a><a data-imagesrc=\"{&quot;300&quot;:&quot;https:\\\/\\\/lastatic.ams3.cdn.digitaloceanspaces.com\\\/2025\\\/10\\\/LET_24744650-300x190.jpg&quot;,&quot;1024&quot;:&quot;https:\\\/\\\/lastatic.ams3.cdn.digitaloceanspaces.com\\\/2025\\\/10\\\/LET_24744650-1024x650.jpg&quot;,&quot;1536&quot;:&quot;https:\\\/\\\/lastatic.ams3.cdn.digitaloceanspaces.com\\\/2025\\\/10\\\/LET_24744650-1536x975.jpg&quot;,&quot;500&quot;:&quot;https:\\\/\\\/lastatic.ams3.cdn.digitaloceanspaces.com\\\/2025\\\/10\\\/LET_24744650-500x317.jpg&quot;,&quot;800&quot;:&quot;https:\\\/\\\/lastatic.ams3.cdn.digitaloceanspaces.com\\\/2025\\\/10\\\/LET_24744650-800x508.jpg&quot;,&quot;2560&quot;:&quot;https:\\\/\\\/lastatic.ams3.cdn.digitaloceanspaces.com\\\/2025\\\/10\\\/LET_24744650-scaled.jpg&quot;}\" data-focuspoint=\"&quot;&quot;\" data-p=\"2456128\" href=\"https:\/\/www.la.lv\/ir-ielikti-labi-pamati-lai-mes-klutu-par-naciju-ar-skibakajiem-zobiem-latvija-iespejams-darbojas-ortodontu-kartelis\" class=\"content-item lazy-load\" wp_automatic_readability=\"28\" rel=\"nofollow noopener\" target=\"_blank\"><\/p>\n<p>                                <img decoding=\"async\" src=\"\" alt=\"\" style=\"\" data-imageid=\"\"\/><\/p>\n<p>                                Veselam<\/p>\n<p>\n                                                Ir ielikti labi pamati, lai m\u0113s k\u013c\u016btu par n\u0101ciju ar \u0161\u0137\u012bb\u0101kajiem zobiem \u2013 Latvij\u0101, iesp\u0113jams, darbojas \u201cortodontu kartelis\u201d\n                            <\/p>\n<p><\/a><a data-imagesrc=\"{&quot;300&quot;:&quot;https:\\\/\\\/lastatic.ams3.cdn.digitaloceanspaces.com\\\/2025\\\/10\\\/personibastests-2-300x188.png&quot;,&quot;1024&quot;:&quot;https:\\\/\\\/lastatic.ams3.cdn.digitaloceanspaces.com\\\/2025\\\/10\\\/personibastests-2-1024x640.png&quot;,&quot;1536&quot;:&quot;https:\\\/\\\/lastatic.ams3.cdn.digitaloceanspaces.com\\\/2025\\\/10\\\/personibastests-2-1536x960.png&quot;,&quot;500&quot;:&quot;https:\\\/\\\/lastatic.ams3.cdn.digitaloceanspaces.com\\\/2025\\\/10\\\/personibastests-2-500x313.png&quot;,&quot;800&quot;:&quot;https:\\\/\\\/lastatic.ams3.cdn.digitaloceanspaces.com\\\/2025\\\/10\\\/personibastests-2-800x500.png&quot;,&quot;1600&quot;:&quot;https:\\\/\\\/lastatic.ams3.cdn.digitaloceanspaces.com\\\/2025\\\/10\\\/personibastests-2.png&quot;}\" data-focuspoint=\"&quot;&quot;\" data-p=\"2453088\" href=\"https:\/\/www.la.lv\/tests-izvelies-vienu-figuru-un-uzzini-ko-ta-var-atklat-par-tavam-bernibas-traumam\" class=\"content-item lazy-load\" wp_automatic_readability=\"26.5\" rel=\"nofollow noopener\" target=\"_blank\"><\/p>\n<p>                                <img decoding=\"async\" src=\"\" alt=\"\" style=\"\" data-imageid=\"\"\/><\/p>\n<p>                                Kokteilis<\/p>\n<p>\n                                                TESTS. Izv\u0113lies vienu fig\u016bru un uzzini, ko t\u0101 var atkl\u0101t par tav\u0101m b\u0113rn\u012bbas traum\u0101m\n                            <\/p>\n<p><\/a><br \/>\n        <a class=\"read-more\" href=\"https:\/\/www.la.lv\/top\" rel=\"nofollow noopener\" target=\"_blank\">Las\u012bt citas zi\u0146as<\/a><\/p>\n<p>T\u0101 \u0161oreiz san\u0101cis ar\u012b paz\u012bstamajam latvie\u0161u aktierim Gundaram \u0100boli\u0146am, kura viedoklis nav sakritis ar dzejnieci M\u0101ru Z\u0101l\u012bti.<\/p>\n<p>Gundars sav\u0101 \u201cFacebook\u201d profil\u0101, kur vi\u0146am seko vair\u0101k nek\u0101 tr\u012bs t\u016bksto\u0161i cilv\u0113ku, dal\u0101s sav\u0101 viedokl\u012b: \u201cS\u0101kusies labi re\u017eis\u0113ta a\u017eiot\u0101\u017ea, aicinot uz protesta demonstr\u0101ciju pret Stambulas kovencijas denons\u0113\u0161anu pie Saeimas \u0113kas 29.10. Da\u017e\u0101di cilv\u0113ki dal\u0101s ar \u0161o uzsaukumu, iesp\u0113jams, pat l\u012bdz galam neapzinoties, pret ko b\u016bt\u012bb\u0101 protest\u0113s. <\/p>\n<p>    CITI \u0160OBR\u012aD LASA<\/p>\n<p>Starp tiem ir daudz manu draugu un rado\u0161\u0101s sabiedr\u012bbas p\u0101rst\u0101vju. Mums, protams, var b\u016bt da\u017e\u0101di uzskati, bet es nev\u0113los, lai mani pieskait\u012btu \u0161ai grupai. <\/p>\n<p>Pirms br\u012b\u017ea dzejnieces M\u0101ras Z\u0101l\u012btes repost\u0113tajam aicin\u0101juma plak\u0101tam uzrakst\u012bju savu koment\u0101ru, bet tas uzreiz kaut k\u0101 \u201cnodzisa\u201d. Man nebija gr\u016bti to uzrakst\u012bt v\u0113lreiz. T\u0101p\u0113c, dro\u0161s paliek dro\u0161s, ielik\u0161u to ar\u012b \u0161eit:  <\/p>\n<blockquote><p>\u201cLai gan neesmu \u201cKrem\u013ca a\u0123ents\u201d un Putina sekot\u0101js, at\u013cau\u0161os neatsaukties aicin\u0101jumam uz \u0161o re\u017eis\u0113to pas\u0101kumu. Labi atceros \u201cLietussargu revol\u016bciju\u201d un ar ko tas viss beidz\u0101s. Ne visi rado\u0161ie cilv\u0113ki Latvij\u0101 dom\u0101 vien\u0101di!\u201d\u201d<\/p><\/blockquote>\n<p>Koment\u0101ros savu viedokli izsaka ar\u012b rakstnieks un publicists Otto Ozols. Vi\u0146\u0161 raksta: \u201cJ\u0101piekr\u012bt Gundaram \u0100boli\u0146am, ka \u201cLietussargu revol\u016bcija\u201d beidz\u0101s b\u0113d\u012bgi. No savas puses papildin\u0101\u0161u \u2013 ilgus gadus uzman\u012bgi sekojot procesiem esmu sapratis, ka viens konkur\u0113jo\u0161s oligarhu grup\u0113jums ciniski izmantoja m\u016bs, lai pats sagr\u0101btu varu.<\/p>\n<p>Af\u0113ras turpin\u0101j\u0101s ar jaunu v\u0113rienu \u2013 OIK, \u201cCitadeles\u201d, \u201cairBaltic\u201d miljonu izpump\u0113\u0161ana, b\u016bvniec\u012bbas un farm\u0101cijas karte\u013ci. Politiski piejauc\u0113tais KNAB tam skat\u012bj\u0101s gar\u0101m \u2013 tie\u0161i t\u0101pat k\u0101 SAB un VDD, kad Latvija tika izmantota Putina re\u017e\u012bma izejvielu tranz\u012btam, tostarp iero\u010du. Cauri Latvijai br\u012bvi pl\u016bda mang\u0101na r\u016bda, ko Putina re\u017e\u012bms izmantoja ukrai\u0146u slepkavo\u0161anai. Naudu, ko Putina re\u017e\u012bms nopeln\u012bja ar\u012b ar \u0161\u012bm tranz\u012bta pl\u016bsm\u0101m, tas izmantoja slepkavu bandu finans\u0113\u0161anai.<\/p>\n<p>P\u0113c \u201cLietussargu revol\u016bcijas\u201d varu p\u0101r\u0146\u0113ma un jau vair\u0101k nek\u0101 desmit gadus kontrol\u0113 politiskais kartelis JL\/JV \u2013 m\u016bsdien\u0101s \u201cJaun\u0101 Vienot\u012bba\u201d, kas par saviem sabiedrotajiem izv\u0113l\u0113jusies t\u0101s pa\u0161as oligarhu kabatas partijas, ties\u0101ta valsts noziedznieka un Mag\u0146icka sarakst\u0101 iek\u013cauta oligarha sabiedrotos. J\u0101, Latvijas Republikas prezidents Rink\u0113vi\u010ds tika pie sava amata, ietirgojot vi\u0146iem vietas vald\u012bb\u0101. Tie\u0161i tik net\u012brs bija \u0161is dar\u012bjums.<\/p>\n<p>V\u0113l trak\u0101k \u2013 varas sagr\u0101b\u0161anai tika izmantota balsu pirk\u0161ana un sadarb\u012bba ar Austrumu pierobe\u017eas kontrabandas un organiz\u0113t\u0101s noziedz\u012bbas grup\u0113jumiem.<\/p>\n<p>\u0160is pats grup\u0113jums rupji un sistem\u0101tiski p\u0101rk\u0101pis valsts pamatlikumu \u2013 Satversmi, atbild\u012bgos valsts amatos iec\u0113lis okup\u0101cijas re\u017e\u012bma br\u012bvpr\u0101t\u012bgo atbalst\u012bt\u0101ju \u2013 komjaunatnes funkcion\u0101ru, diskredit\u0113jis Triju Zvaig\u017e\u0146u ordeni un klaji sabot\u0113jis valodas referendumu.<\/p>\n<p>To visu apstiprina atkl\u0101ti pieejami fakti un avoti. T\u0101p\u0113c es atsakos tic\u0113t jebkuram v\u0101rdam, kas n\u0101k no \u0161\u012b grup\u0113juma p\u0101rst\u0101vjiem.\u201d<\/p>\n<p>T\u0113mas<\/p>\n<p>    SAIST\u012aTIE RAKSTI<\/p>\n","protected":false},"excerpt":{"rendered":"Gundars \u0100boli\u0146\u0161 Foto \u2013 Kar\u012bna Miez\u0101ja P\u0113d\u0113j\u0101 laik\u0101 Stambulas konvencija ir \u201ckarstais kartupelis\u201d da\u017e\u0101d\u0101s sabiedr\u012bbas grup\u0101s. Teju katram&hellip;\n","protected":false},"author":2,"featured_media":32933,"comment_status":"","ping_status":"","sticky":false,"template":"","format":"standard","meta":{"footnotes":""},"categories":[5],"tags":[23,28,29,32,33,22,30,31,35,39,38,36,37,34,40,20,26,27,24,25,21],"class_list":{"0":"post-32932","1":"post","2":"type-post","3":"status-publish","4":"format-standard","5":"has-post-thumbnail","7":"category-aktualitates","8":"tag-aktualitates","9":"tag-breaking-news","10":"tag-breakingnews","11":"tag-featured-news","12":"tag-featurednews","13":"tag-headlines","14":"tag-latest-news","15":"tag-latestnews","16":"tag-latvia","17":"tag-latvian","18":"tag-latviesu","19":"tag-latviesu-valoda","20":"tag-latviesuvaloda","21":"tag-latvija","22":"tag-lv","23":"tag-news","24":"tag-popularakas-zinas","25":"tag-popularakaszinas","26":"tag-top-stories","27":"tag-topstories","28":"tag-zinas"},"share_on_mastodon":{"url":"https:\/\/pubeurope.com\/@lv\/115448485308514453","error":""},"_links":{"self":[{"href":"https:\/\/www.europesays.com\/lv\/wp-json\/wp\/v2\/posts\/32932","targetHints":{"allow":["GET"]}}],"collection":[{"href":"https:\/\/www.europesays.com\/lv\/wp-json\/wp\/v2\/posts"}],"about":[{"href":"https:\/\/www.europesays.com\/lv\/wp-json\/wp\/v2\/types\/post"}],"author":[{"embeddable":true,"href":"https:\/\/www.europesays.com\/lv\/wp-json\/wp\/v2\/users\/2"}],"replies":[{"embeddable":true,"href":"https:\/\/www.europesays.com\/lv\/wp-json\/wp\/v2\/comments?post=32932"}],"version-history":[{"count":0,"href":"https:\/\/www.europesays.com\/lv\/wp-json\/wp\/v2\/posts\/32932\/revisions"}],"wp:featuredmedia":[{"embeddable":true,"href":"https:\/\/www.europesays.com\/lv\/wp-json\/wp\/v2\/media\/32933"}],"wp:attachment":[{"href":"https:\/\/www.europesays.com\/lv\/wp-json\/wp\/v2\/media?parent=32932"}],"wp:term":[{"taxonomy":"category","embeddable":true,"href":"https:\/\/www.europesays.com\/lv\/wp-json\/wp\/v2\/categories?post=32932"},{"taxonomy":"post_tag","embeddable":true,"href":"https:\/\/www.europesays.com\/lv\/wp-json\/wp\/v2\/tags?post=32932"}],"curies":[{"name":"wp","href":"https:\/\/api.w.org\/{rel}","templated":true}]}}