{"id":32936,"date":"2025-10-27T22:32:05","date_gmt":"2025-10-27T22:32:05","guid":{"rendered":"https:\/\/www.europesays.com\/lv\/32936\/"},"modified":"2025-10-27T22:32:05","modified_gmt":"2025-10-27T22:32:05","slug":"arodbiedribas-aicina-politikus-saglabat-likumisko-aizsardzibu-pret-nepamatotu-atlaisanu","status":"publish","type":"post","link":"https:\/\/www.europesays.com\/lv\/32936\/","title":{"rendered":"Arodbiedr\u012bbas aicina politi\u0137us saglab\u0101t likumisko aizsardz\u012bbu pret nepamatotu atlai\u0161anu"},"content":{"rendered":"<p>Latvijas Br\u012bvo arodbiedr\u012bbu savien\u012bbas vad\u012bba tiksies ar visu Saeimas frakciju p\u0101rst\u0101vjiem, aicinot saglab\u0101t Darba likuma 110. pant\u0101 noteikto arodbiedr\u012bbas biedru aizsardz\u012bbu. <\/p>\n<p>Proti: vi\u0146us nevar atlaist bez arodbiedr\u012bbas piekri\u0161anas. \u0160is pants aizsarg\u0101 v\u0101j\u0101ko darba l\u012bguma pusi &#8211; darbinieku, kuram nav t\u0101du finan\u0161u l\u012bdzek\u013cu, lai var\u0113tu maks\u0101t par d\u0101rgiem un ilgsto\u0161iem tiesved\u012bbas procesiem.<\/p>\n<p>Savuk\u0101rt, Latvijas Darba dev\u0113ju konfeder\u0101cijas skat\u012bjum\u0101, \u0161is pants ir j\u0101sv\u012btro no likuma \u0101ra, jo tas ir novecojis. Arodbiedr\u012bbas aizsardz\u012bba trauc\u0113 darba dev\u0113jiem atlaist slikti str\u0101d\u0101jo\u0161iem cilv\u0113kiem, kas nes zaud\u0113jumus un palielina slodzi p\u0101r\u0113jiem darbiniekiem. <\/p>\n<p>Arodbiedr\u012bbas pied\u0101v\u0101 sekot Lietuva un Igaunijas piem\u0113ram, un izveidot Latvij\u0101 darba tiesu. T\u0101 b\u016btu \u012bpa\u0161a komisija, kur l\u0113mumu pie\u0146em\u0161an\u0101 b\u016btu iesaist\u012btas tr\u012bs puses: valsts, darba dev\u0113ju un arodbiedr\u012bbu p\u0101rst\u0101vji. Kaimi\u0146valstu pieredze r\u0101da, ka darba tiesas l\u0113mumus par atlai\u0161anas pamatot\u012bbu pie\u0146em 1-2 m\u0113ne\u0161u laik\u0101. <\/p>\n<p>\u0160\u0101da k\u0101rt\u012bba nodro\u0161in\u0101\u0161ot ne tikai darbinieku aizsardz\u012bbu pret nepamatotu atlai\u0161anu, bet ar\u012b samazin\u0101tu darba dev\u0113ju, darbinieku un valsts izdevumus un b\u016btiski atslogotu tiesas.<\/p>\n<p>Pla\u0161\u0101k skaties <a target=\"_blank\" href=\"http:\/\/play.1188.lv\/pasmaju-tv-sovi\/360tv-zinas-58\/\" rel=\"nofollow noopener\">360 Zi\u0146\u0101s<\/a>.<\/p>\n","protected":false},"excerpt":{"rendered":"Latvijas Br\u012bvo arodbiedr\u012bbu savien\u012bbas vad\u012bba tiksies ar visu Saeimas frakciju p\u0101rst\u0101vjiem, aicinot saglab\u0101t Darba likuma 110. pant\u0101 noteikto&hellip;\n","protected":false},"author":2,"featured_media":32937,"comment_status":"","ping_status":"","sticky":false,"template":"","format":"standard","meta":{"footnotes":""},"categories":[5],"tags":[129,850,1209,1304,23,28,29,32,33,22,30,31,35,39,38,36,37,34,40,20,26,27,1305,1210,862,1306,1211,863,24,25,21],"class_list":{"0":"post-32936","1":"post","2":"type-post","3":"status-publish","4":"format-standard","5":"has-post-thumbnail","7":"category-aktualitates","8":"tag-__typenameadvicekeyword","9":"tag-id734","10":"tag-id824","11":"tag-id970","12":"tag-aktualitates","13":"tag-breaking-news","14":"tag-breakingnews","15":"tag-featured-news","16":"tag-featurednews","17":"tag-headlines","18":"tag-latest-news","19":"tag-latestnews","20":"tag-latvia","21":"tag-latvian","22":"tag-latviesu","23":"tag-latviesu-valoda","24":"tag-latviesuvaloda","25":"tag-latvija","26":"tag-lv","27":"tag-news","28":"tag-popularakas-zinas","29":"tag-popularakaszinas","30":"tag-slug360-zinas","31":"tag-slugpolitika","32":"tag-slugwork","33":"tag-title360-zinas","34":"tag-titlepolitika","35":"tag-titlework","36":"tag-top-stories","37":"tag-topstories","38":"tag-zinas"},"share_on_mastodon":{"url":"https:\/\/pubeurope.com\/@lv\/115448508876732911","error":""},"_links":{"self":[{"href":"https:\/\/www.europesays.com\/lv\/wp-json\/wp\/v2\/posts\/32936","targetHints":{"allow":["GET"]}}],"collection":[{"href":"https:\/\/www.europesays.com\/lv\/wp-json\/wp\/v2\/posts"}],"about":[{"href":"https:\/\/www.europesays.com\/lv\/wp-json\/wp\/v2\/types\/post"}],"author":[{"embeddable":true,"href":"https:\/\/www.europesays.com\/lv\/wp-json\/wp\/v2\/users\/2"}],"replies":[{"embeddable":true,"href":"https:\/\/www.europesays.com\/lv\/wp-json\/wp\/v2\/comments?post=32936"}],"version-history":[{"count":0,"href":"https:\/\/www.europesays.com\/lv\/wp-json\/wp\/v2\/posts\/32936\/revisions"}],"wp:featuredmedia":[{"embeddable":true,"href":"https:\/\/www.europesays.com\/lv\/wp-json\/wp\/v2\/media\/32937"}],"wp:attachment":[{"href":"https:\/\/www.europesays.com\/lv\/wp-json\/wp\/v2\/media?parent=32936"}],"wp:term":[{"taxonomy":"category","embeddable":true,"href":"https:\/\/www.europesays.com\/lv\/wp-json\/wp\/v2\/categories?post=32936"},{"taxonomy":"post_tag","embeddable":true,"href":"https:\/\/www.europesays.com\/lv\/wp-json\/wp\/v2\/tags?post=32936"}],"curies":[{"name":"wp","href":"https:\/\/api.w.org\/{rel}","templated":true}]}}