{"id":32954,"date":"2025-10-27T23:56:12","date_gmt":"2025-10-27T23:56:12","guid":{"rendered":"https:\/\/www.europesays.com\/lv\/32954\/"},"modified":"2025-10-27T23:56:12","modified_gmt":"2025-10-27T23:56:12","slug":"foto-tramp-tu-neesi-gaidits-malaizija-asv-prezidentu-sagaida-nikni-protestetaju-puli-jauns-lv","status":"publish","type":"post","link":"https:\/\/www.europesays.com\/lv\/32954\/","title":{"rendered":"Foto. \u201cTramp, tu neesi gaid\u012bts Malaizij\u0101!\u201d ASV prezidentu sagaida nikni protest\u0113t\u0101ju p\u016b\u013ci &#8211; Jauns.lv"},"content":{"rendered":"<ol>\n<li><a href=\"https:\/\/news.google.com\/rss\/articles\/CBMiwAFBVV95cUxQdHdvdmpvd2w4QTY3UXR4SGZlUnd3MXZnd19xQ1NBNFp2MWNVWWhTc2pZTmk5ZTZBNGNGNkdkY0NSenoyVUpuWEJBRkV3eHotbWJMT3c3WnRyeHVrTk9kMmx6OFZtQW9DVUpyVjBTTms1YnhUT3Q4RHhvNXZrOHBlVkI0Yy00Tk8yVThIWGRHM0JpWHlZUzBVRVczRWNtRnJwRnRSXy1LOW96UGt6X3dScGw0clR4Rjk3TmJTSVJSRVA?oc=5\" target=\"_blank\" rel=\"nofollow noopener\">Foto. \u201cTramp, tu neesi gaid\u012bts Malaizij\u0101!\u201d ASV prezidentu sagaida nikni protest\u0113t\u0101ju p\u016b\u013ci<\/a>&nbsp;&nbsp;Jauns.lv<\/li>\n<li><a href=\"https:\/\/news.google.com\/rss\/articles\/CBMipAFBVV95cUxNLUtwdk5qXzVueFNLRzhsWm5FcGx6YW5CbEsxbUttS1FrcTZ3UEhGZFdOTVJqdEQ0WkJnRHNVdkRXSU1oRmxRTjNTMWZueHdTcnJZU2pCdDF4VlpBUkpCODVXWHZxeFYwbGFyLXlUY1VfU1Y3UXFnejkyeUVXdUZoemN1Qjh1Sll3dEk3QXFRNmZqTWpKeml6WEk0NDRXWkd0NGhHSQ?oc=5\" target=\"_blank\" rel=\"nofollow noopener\">Tramps dodas uz tik\u0161anos ar Sji. Vai b\u016bs \u201cliel\u0101 vieno\u0161an\u0101s\u201d?<\/a>&nbsp;&nbsp;NRA<\/li>\n<li><a href=\"https:\/\/news.google.com\/rss\/articles\/CBMipgFBVV95cUxPMzkyaVlORV9kN3NCYkRhRlVjMDhGcVdRcWM2UVBjcldwTm1UZ0wyWU5zdmxTTVVIUHE2d3pSdmEtMzZFbVd1aUVYZWVGWk9jZzJCem1ZT2hRakVFVzlDdl9QaG51bzFLaVAwY2l3b0h4S3lodjVlZWZndTIyR0Z4aXB4S2NfbHJWRlp5ZXE2ZThXMkVsM2tHWlZjWVhWbFRqZGpDaVFn?oc=5\" target=\"_blank\" rel=\"nofollow noopener\">\u201cPutins vi\u0146u respekt\u0113\u2026\u201d Tramps nosauc politi\u0137i, kur\u0161 var\u0113tu pal\u012bdz\u0113t izbeigt karu Ukrain\u0101<\/a>&nbsp;&nbsp;LA.LV<\/li>\n<li><a href=\"https:\/\/news.google.com\/rss\/articles\/CBMixAFBVV95cUxPRGE3S0JYandvZGRMdWlyU1cyNHEwdllxRjBkRzFXWlFIRm1DX2pSOG8wS1dlNzhmamRXS3Z5ZjZxZ0FZWkZrUG1EVjMwX3VXLUtkUFlYX3dEWGZmMWZ5XzVGOVhRTjhwT1gzWGdlZGtyMXdlTGg2TEZzRk8tZTRmODhPUlhNVWY5SW1yWUNMYk53SjBFOGJuREF4dWxqTHQ1OHAwdW5taTMwX0RWbVVwRklrZS1FelZDTFJVVlZSaURtZHVa?oc=5\" target=\"_blank\" rel=\"nofollow noopener\">&#8220;M\u0113s grib\u0113tu, lai \u0136\u012bna mums pal\u012bdz\u0113tu ar Krieviju&#8221;: Tramps cer uz Pekinas atbalstu<\/a>&nbsp;&nbsp;Delfi<\/li>\n<li><a href=\"https:\/\/news.google.com\/rss\/articles\/CBMitAFBVV95cUxNMTBNZEVNRDdld1JKWUE0RXBjVWNQdnhmVjZfa01TeFMxY2dJbllrMUdSYnlmZkZEZkdST1R2SzZlMldCYXVMeGxNMFJjMHBtY2pPQmtmbkJtNW43YmxlYWRmd0dPNUF5eVBJREE3REVfZjJTaFhQQXlpVC1SenZHdFRnanpFTGQ5UFlhMFR3WGF1anYzRWpmYXVaaVRRMnAwUkRyWWFMdVlRTExxZ3loUXZNQUI?oc=5\" target=\"_blank\" rel=\"nofollow noopener\">Nepl\u0101nota viz\u012bte Katar\u0101: Tramps sarun\u0101s par mieru Gaz\u0101 pirms \u0100zijas t\u016bres<\/a>&nbsp;&nbsp;Lente.lv<\/li>\n<\/ol>\n","protected":false},"excerpt":{"rendered":"Foto. \u201cTramp, tu neesi gaid\u012bts Malaizij\u0101!\u201d ASV prezidentu sagaida nikni protest\u0113t\u0101ju p\u016b\u013ci&nbsp;&nbsp;Jauns.lv Tramps dodas uz tik\u0161anos ar Sji.&hellip;\n","protected":false},"author":2,"featured_media":32955,"comment_status":"","ping_status":"","sticky":false,"template":"","format":"standard","meta":{"footnotes":""},"categories":[5],"tags":[23,28,29,32,33,22,30,31,35,39,38,36,37,34,40,20,26,27,24,25,21],"class_list":{"0":"post-32954","1":"post","2":"type-post","3":"status-publish","4":"format-standard","5":"has-post-thumbnail","7":"category-aktualitates","8":"tag-aktualitates","9":"tag-breaking-news","10":"tag-breakingnews","11":"tag-featured-news","12":"tag-featurednews","13":"tag-headlines","14":"tag-latest-news","15":"tag-latestnews","16":"tag-latvia","17":"tag-latvian","18":"tag-latviesu","19":"tag-latviesu-valoda","20":"tag-latviesuvaloda","21":"tag-latvija","22":"tag-lv","23":"tag-news","24":"tag-popularakas-zinas","25":"tag-popularakaszinas","26":"tag-top-stories","27":"tag-topstories","28":"tag-zinas"},"share_on_mastodon":{"url":"https:\/\/pubeurope.com\/@lv\/115448839064035566","error":""},"_links":{"self":[{"href":"https:\/\/www.europesays.com\/lv\/wp-json\/wp\/v2\/posts\/32954","targetHints":{"allow":["GET"]}}],"collection":[{"href":"https:\/\/www.europesays.com\/lv\/wp-json\/wp\/v2\/posts"}],"about":[{"href":"https:\/\/www.europesays.com\/lv\/wp-json\/wp\/v2\/types\/post"}],"author":[{"embeddable":true,"href":"https:\/\/www.europesays.com\/lv\/wp-json\/wp\/v2\/users\/2"}],"replies":[{"embeddable":true,"href":"https:\/\/www.europesays.com\/lv\/wp-json\/wp\/v2\/comments?post=32954"}],"version-history":[{"count":0,"href":"https:\/\/www.europesays.com\/lv\/wp-json\/wp\/v2\/posts\/32954\/revisions"}],"wp:featuredmedia":[{"embeddable":true,"href":"https:\/\/www.europesays.com\/lv\/wp-json\/wp\/v2\/media\/32955"}],"wp:attachment":[{"href":"https:\/\/www.europesays.com\/lv\/wp-json\/wp\/v2\/media?parent=32954"}],"wp:term":[{"taxonomy":"category","embeddable":true,"href":"https:\/\/www.europesays.com\/lv\/wp-json\/wp\/v2\/categories?post=32954"},{"taxonomy":"post_tag","embeddable":true,"href":"https:\/\/www.europesays.com\/lv\/wp-json\/wp\/v2\/tags?post=32954"}],"curies":[{"name":"wp","href":"https:\/\/api.w.org\/{rel}","templated":true}]}}