{"id":33089,"date":"2025-10-28T05:58:07","date_gmt":"2025-10-28T05:58:07","guid":{"rendered":"https:\/\/www.europesays.com\/lv\/33089\/"},"modified":"2025-10-28T05:58:07","modified_gmt":"2025-10-28T05:58:07","slug":"janis-niedra-iepazistina-ar-jauno-introspektivo-dziesmu-tu-tu-lente-lv","status":"publish","type":"post","link":"https:\/\/www.europesays.com\/lv\/33089\/","title":{"rendered":"J\u0101nis Niedra iepaz\u012bstina ar jauno, introspekt\u012bvo dziesmu &#8220;tu, Tu&#8221;\u00a0\u2014\u00a0Lente.lv"},"content":{"rendered":"<p>Jaunais singls k\u0101 dv\u0113seles spogulis<\/p>\n<p>M\u016bzi\u0137is J\u0101nis Niedra ir izdevis savu jaun\u0101ko muzik\u0101lo veikumu \u2013 singlu ar nosaukumu &#8220;tu, Tu&#8221;. \u0160is ska\u0146darbs ir dzi\u013ci personisks un introspekt\u012bvs, aicinot klaus\u012bt\u0101ju uz sarunu ar pa\u0161u sevi. Dziesmas b\u016bt\u012bba atkl\u0101jas k\u0101 atkl\u0101ta gr\u0113ks\u016bdze, kas vienlaikus kalpo ar\u012b k\u0101 person\u012bga mantra. K\u0101 st\u0101sta pats m\u016bzi\u0137is, &#8220;tu, Tu&#8221; ir dziesma par vi\u0146a pa\u0161a da\u017e\u0101daj\u0101m person\u012bbas \u0161\u0137autn\u0113m, kur viena puse velk uz &#8220;bl\u0113\u0146\u0101m un nedarbiem&#8221;, bet otra cen\u0161as to aptur\u0113t. T\u0101d\u0113j\u0101di dziesma atspogu\u013co iek\u0161\u0113jo dialogu un pa\u0161refleksiju, kas bie\u017ei vien ir sare\u017e\u0123\u012bta, bet nepiecie\u0161ama cilv\u0113ka att\u012bst\u012bb\u0101.<\/p>\n<p>Muzik\u0101lais stils un v\u0113st\u012bjums<\/p>\n<p>Muzik\u0101li &#8220;tu, Tu&#8221; ir interesants sajaukums, kur\u0101 savijas roka \u0123it\u0101ru maigais skan\u0113jums ar ener\u0123iskiem disko bungu ritmiem. \u0160\u0101ds apvienojums rada unik\u0101lu un atpaz\u012bstamu skan\u0113jumu, kas iederas m\u016bsdienu Latvijas m\u016bzikas ainav\u0101. J\u0101\u0146a Niedras dai\u013crade kopum\u0101 raksturojama k\u0101 moderna roka un popm\u016bzikas elementu apvienojums, kas bie\u017ei vien nes emocion\u0101li bag\u0101tu v\u0113st\u012bjumu. Dziesmas &#8220;tu, Tu&#8221; centr\u0101lais v\u0113st\u012bjums ir par atbild\u012bbu. T\u0101 atkl\u0101j tos dz\u012bves br\u012b\u017eus, kad, mekl\u0113jot vain\u012bgo citos vai \u0101r\u0113j\u0101s pasaul\u0113, galu gal\u0101 n\u0101kas atz\u012bt un pie\u0146emt, ka atbild\u012bba par sav\u0101m izv\u0113l\u0113m un dz\u012bves gaitu vienm\u0113r gulstas uz pa\u0161a pleciem. \u0160is atkl\u0101jums var b\u016bt gan s\u0101p\u012bgs, gan atbr\u012bvojo\u0161s, pie\u0161\u0137irot dziesmai dzi\u013cumu un daudzsl\u0101\u0146ain\u012bbu.<\/p>\n<p>Rado\u0161ais process un sadarb\u012bba<\/p>\n<p>Pie singla &#8220;tu, Tu&#8221; tap\u0161anas str\u0101d\u0101jusi talant\u012bga m\u016bzi\u0137u komanda. Aran\u017e\u0113juma autors ir producents Kristaps \u0112rglis, bet pie ska\u0146darba produc\u0113\u0161anas str\u0101d\u0101jis ar\u012b Reinis K\u0101rkli\u0146\u0161, kur\u0161 veicis dziesmas masteru. Ierakst\u0101 piedal\u012bju\u0161ies ar\u012b m\u016bzi\u0137i Art\u016brs Strautmanis (bungas), Kaspars Vizulis (\u0123it\u0101ras) un Kristaps \u0112rglis (bass). \u0160\u012b rado\u0161\u0101 sadarb\u012bba ir \u013c\u0101vusi izveidot harmonisku un emocion\u0101li pies\u0101tin\u0101tu ska\u0146darbu. J\u0101nis Niedra m\u016bzikas pasaul\u0113 akt\u012bvi darbojas jau kop\u0161 2015. gada, kad laida klaj\u0101 pirmos singlus. Vi\u0146a debijas EP &#8220;Pareizie nodomi, nepareiz\u0101s izv\u0113les&#8221; n\u0101ca klaj\u0101 2024. gada novembr\u012b un tapa sadarb\u012bb\u0101 ar Kristu Indri\u0161onoku (Chris Noah) un britu ska\u0146u in\u017eenieri Kristoferu Herisu. \u0160obr\u012bd J\u0101nis Niedra jau str\u0101d\u0101 pie sava n\u0101kam\u0101 albuma, apliecinot savu nep\u0101rtraukto rado\u0161o darb\u012bbu un att\u012bst\u012bbu m\u016bzik\u0101.<\/p>\n<p>Par J\u0101ni Niedru<\/p>\n<p>J\u0101nis Niedra ir dzied\u0101t\u0101js, multiinstrument\u0101lists un dziesmu autors, dzimis 1996. gad\u0101. Vi\u0146a muzik\u0101lais ce\u013c\u0161 s\u0101k\u0101s J\u0101zepa Medi\u0146a R\u012bgas 1. m\u016bzikas skol\u0101, kur apguva sitaminstrumentu sp\u0113li un guva pan\u0101kumus konkursos. V\u0113l\u0101k vi\u0146\u0161 ieguva augst\u0101ko izgl\u012bt\u012bbu Apvienotaj\u0101 Karalist\u0113, specializ\u0113joties dziesmu rakst\u012b\u0161an\u0101. Niedras muzik\u0101lais stils ir daudzveid\u012bgs, apvienojot da\u017e\u0101du \u017eanru elementus un radot savdab\u012bgu skan\u0113jumu. Jaun\u0101 dziesma &#8220;tu, Tu&#8221; ir k\u0101 apliecin\u0101jums vi\u0146a sp\u0113jai rad\u012bt dzi\u013ci personiskus un vienlaikus univers\u0101lus ska\u0146darbus, kas rezon\u0113 ar klaus\u012bt\u0101ju.<\/p>\n","protected":false},"excerpt":{"rendered":"Jaunais singls k\u0101 dv\u0113seles spogulis M\u016bzi\u0137is J\u0101nis Niedra ir izdevis savu jaun\u0101ko muzik\u0101lo veikumu \u2013 singlu ar nosaukumu&hellip;\n","protected":false},"author":2,"featured_media":33090,"comment_status":"","ping_status":"","sticky":false,"template":"","format":"standard","meta":{"footnotes":""},"categories":[19],"tags":[89,9489,90,9900,2043,35,39,38,194,36,37,34,40,9901],"class_list":{"0":"post-33089","1":"post","2":"type-post","3":"status-publish","4":"format-standard","5":"has-post-thumbnail","7":"category-izklaide","8":"tag-entertainment","9":"tag-indie-muzika","10":"tag-izklaide","11":"tag-janis-niedra","12":"tag-jauna-dziesma","13":"tag-latvia","14":"tag-latvian","15":"tag-latviesu","16":"tag-latviesu-muzika","17":"tag-latviesu-valoda","18":"tag-latviesuvaloda","19":"tag-latvija","20":"tag-lv","21":"tag-tu"},"share_on_mastodon":{"url":"https:\/\/pubeurope.com\/@lv\/115450262669584857","error":""},"_links":{"self":[{"href":"https:\/\/www.europesays.com\/lv\/wp-json\/wp\/v2\/posts\/33089","targetHints":{"allow":["GET"]}}],"collection":[{"href":"https:\/\/www.europesays.com\/lv\/wp-json\/wp\/v2\/posts"}],"about":[{"href":"https:\/\/www.europesays.com\/lv\/wp-json\/wp\/v2\/types\/post"}],"author":[{"embeddable":true,"href":"https:\/\/www.europesays.com\/lv\/wp-json\/wp\/v2\/users\/2"}],"replies":[{"embeddable":true,"href":"https:\/\/www.europesays.com\/lv\/wp-json\/wp\/v2\/comments?post=33089"}],"version-history":[{"count":0,"href":"https:\/\/www.europesays.com\/lv\/wp-json\/wp\/v2\/posts\/33089\/revisions"}],"wp:featuredmedia":[{"embeddable":true,"href":"https:\/\/www.europesays.com\/lv\/wp-json\/wp\/v2\/media\/33090"}],"wp:attachment":[{"href":"https:\/\/www.europesays.com\/lv\/wp-json\/wp\/v2\/media?parent=33089"}],"wp:term":[{"taxonomy":"category","embeddable":true,"href":"https:\/\/www.europesays.com\/lv\/wp-json\/wp\/v2\/categories?post=33089"},{"taxonomy":"post_tag","embeddable":true,"href":"https:\/\/www.europesays.com\/lv\/wp-json\/wp\/v2\/tags?post=33089"}],"curies":[{"name":"wp","href":"https:\/\/api.w.org\/{rel}","templated":true}]}}