{"id":33105,"date":"2025-10-28T06:13:07","date_gmt":"2025-10-28T06:13:07","guid":{"rendered":"https:\/\/www.europesays.com\/lv\/33105\/"},"modified":"2025-10-28T06:13:07","modified_gmt":"2025-10-28T06:13:07","slug":"pec-sankciju-noteiksanas-krievijas-naftai-ukrainas-izredzes-uzlabojusas-parliecinats-starmers","status":"publish","type":"post","link":"https:\/\/www.europesays.com\/lv\/33105\/","title":{"rendered":"P\u0113c sankciju noteik\u0161anas Krievijas naftai Ukrainas izredzes uzlaboju\u0161\u0101s, p\u0101rliecin\u0101ts St\u0101rmers"},"content":{"rendered":"<p>&#8220;Tas liecina par piesardz\u012bgu optimismu Kijivas sabiedroto vid\u016b attiec\u012bb\u0101 uz stingr\u0101ku ASV nost\u0101ju, kas var\u0113tu kait\u0113t Krem\u013ca sp\u0113j\u0101m vest karu,&#8221; sac\u012bja premjers.<\/p>\n<p>&#8220;Tagad m\u0113s esam lab\u0101k\u0101s poz\u012bcij\u0101s. Pag\u0101ju\u0161aj\u0101 ned\u0113\u013c\u0101 bija da\u017ei tie\u0161\u0101m b\u016btiski notikumi,&#8221; pauda St\u0101rmers, nor\u0101dot uz ASV sankcij\u0101m, kas noteiktas Krievijas naftas uz\u0146\u0113mumiem &#8220;Ros\u0146eftj&#8221; un &#8220;Lukoil&#8221;.<\/p>\n<p>&#8220;Es grib\u0113tu izcelt liel\u0101ko notikumu, ko esam paveiku\u0161i sankciju jom\u0101. M\u0113s noteic\u0101m <a href=\"https:\/\/www.tvnet.lv\/term\/556173\/sankcijas\" class=\"topicLink\" target=\"_blank\" rel=\"nofollow noopener\">sankcijas<\/a> visiem naftas mil\u017eiem, tad prezidents Tramps noteica sankcijas diviem naftas mil\u017eiem, un Eiropas Savien\u012bba (ES) da\u017eu dienu laik\u0101 n\u0101ca klaj\u0101 ar savu jaun\u0101ko paketi. Tas b\u016btiski ietekm\u0113ja Krievijas ekonomiku,&#8221; uzsv\u0113ra premjers.<\/p>\n","protected":false},"excerpt":{"rendered":"&#8220;Tas liecina par piesardz\u012bgu optimismu Kijivas sabiedroto vid\u016b attiec\u012bb\u0101 uz stingr\u0101ku ASV nost\u0101ju, kas var\u0113tu kait\u0113t Krem\u013ca sp\u0113j\u0101m&hellip;\n","protected":false},"author":2,"featured_media":33106,"comment_status":"","ping_status":"","sticky":false,"template":"","format":"standard","meta":{"footnotes":""},"categories":[14],"tags":[23,57,28,29,781,32,33,22,234,74,30,31,35,39,38,36,37,34,487,40,20,26,27,511,24,25,54,55,56,21,58],"class_list":{"0":"post-33105","1":"post","2":"type-post","3":"status-publish","4":"format-standard","5":"has-post-thumbnail","7":"category-zinas-no-arvalstim","8":"tag-aktualitates","9":"tag-arvalstim","10":"tag-breaking-news","11":"tag-breakingnews","12":"tag-energetika","13":"tag-featured-news","14":"tag-featurednews","15":"tag-headlines","16":"tag-krievija","17":"tag-krievijas-iebrukums-ukraina","18":"tag-latest-news","19":"tag-latestnews","20":"tag-latvia","21":"tag-latvian","22":"tag-latviesu","23":"tag-latviesu-valoda","24":"tag-latviesuvaloda","25":"tag-latvija","26":"tag-lielbritanija","27":"tag-lv","28":"tag-news","29":"tag-popularakas-zinas","30":"tag-popularakaszinas","31":"tag-sankcijas","32":"tag-top-stories","33":"tag-topstories","34":"tag-world","35":"tag-world-news","36":"tag-worldnews","37":"tag-zinas","38":"tag-zinas-no-arvalstim"},"share_on_mastodon":{"url":"","error":"Validation failed: Text character limit of 500 exceeded"},"_links":{"self":[{"href":"https:\/\/www.europesays.com\/lv\/wp-json\/wp\/v2\/posts\/33105","targetHints":{"allow":["GET"]}}],"collection":[{"href":"https:\/\/www.europesays.com\/lv\/wp-json\/wp\/v2\/posts"}],"about":[{"href":"https:\/\/www.europesays.com\/lv\/wp-json\/wp\/v2\/types\/post"}],"author":[{"embeddable":true,"href":"https:\/\/www.europesays.com\/lv\/wp-json\/wp\/v2\/users\/2"}],"replies":[{"embeddable":true,"href":"https:\/\/www.europesays.com\/lv\/wp-json\/wp\/v2\/comments?post=33105"}],"version-history":[{"count":0,"href":"https:\/\/www.europesays.com\/lv\/wp-json\/wp\/v2\/posts\/33105\/revisions"}],"wp:featuredmedia":[{"embeddable":true,"href":"https:\/\/www.europesays.com\/lv\/wp-json\/wp\/v2\/media\/33106"}],"wp:attachment":[{"href":"https:\/\/www.europesays.com\/lv\/wp-json\/wp\/v2\/media?parent=33105"}],"wp:term":[{"taxonomy":"category","embeddable":true,"href":"https:\/\/www.europesays.com\/lv\/wp-json\/wp\/v2\/categories?post=33105"},{"taxonomy":"post_tag","embeddable":true,"href":"https:\/\/www.europesays.com\/lv\/wp-json\/wp\/v2\/tags?post=33105"}],"curies":[{"name":"wp","href":"https:\/\/api.w.org\/{rel}","templated":true}]}}