{"id":33107,"date":"2025-10-28T06:16:13","date_gmt":"2025-10-28T06:16:13","guid":{"rendered":"https:\/\/www.europesays.com\/lv\/33107\/"},"modified":"2025-10-28T06:16:13","modified_gmt":"2025-10-28T06:16:13","slug":"laura-vizla-pardod-porzinga-davinato-auto-un-sapno-par-bentley","status":"publish","type":"post","link":"https:\/\/www.europesays.com\/lv\/33107\/","title":{"rendered":"Laura Vizla p\u0101rdod Porzi\u0146\u0123a d\u0101vin\u0101to auto un sap\u0146o par &#8220;Bentley&#8221;"},"content":{"rendered":"<p>Sabiedr\u012bb\u0101 zin\u0101m\u0101 <a rel=\"noopener nofollow\" target=\"_blank\" href=\"https:\/\/www.delfi.lv\/temas\/52986541\/laura-vizla\" tag-id=\"52986541\">Laura Vizla<\/a> nol\u0113musi p\u0101rdot savu melno &#8220;<a rel=\"noopener nofollow\" target=\"_blank\" href=\"https:\/\/www.delfi.lv\/temas\/43098128\/mercedes\" tag-id=\"43098128\">Mercedes<\/a>-Benz&#8221; CLS 63 AMG, kas reiz bija d\u0101vana no vi\u0146as biju\u0161\u0101 drauga \u2013 NBA latvie\u0161u zvaigznes Kristapa Porzi\u0146\u0123a. Par 2013. gada sp\u0113kratu vi\u0146a \u0161obr\u012bd prasa 39 900 eiro.<\/p>\n<p>&#8220;Bet nav notikusi tra\u0123\u0113dija, \u0161o \u0161\u0137ir\u0161anos nev\u0113rt\u0113ju k\u0101 zaud\u0113jumu. M\u0113s viens otru \u013coti cien\u0101m, vi\u0146\u0161 ir lielisks. Man bija j\u0101paiet mal\u0101, j\u0101aps\u0113\u017eas un j\u0101padom\u0101. Iesp\u0113jams, esmu t\u0101ds cilv\u0113ks, kas vienm\u0113r \u013coti daudz ir koncentr\u0113jies uz citiem. Bet esmu jauna, un, lai b\u016btu pa \u012bstam laim\u012bga, man ir svar\u012bgi att\u012bst\u012bties. Bet to ir gr\u016bti izdar\u012bt, ja dz\u012bvo vair\u0101k otram, nevis sev,&#8221; \u017eurn\u0101listei Inetai Meimanei teica Vizla.<\/p>\n<p>K\u0101 zin\u0101ms, viens no basketbolista d\u0101snajiem \u017eestiem \u2013 elegantais melnais &#8220;Mercedes&#8221; \u2013 tom\u0113r palika Vizlas \u012bpa\u0161um\u0101. Tagad, p\u0113c diviem gadiem, Laura nol\u0113musi no t\u0101 \u0161\u0137irties. &#8220;J\u0101, auto p\u0101rdodu, jo gribu sev jaunu. Tagad v\u0113los &#8220;<a rel=\"noopener nofollow\" target=\"_blank\" href=\"https:\/\/www.delfi.lv\/temas\/42127834\/bentley\" tag-id=\"42127834\">Bentley<\/a>&#8220;,&#8221; vi\u0146a atkl\u0101j sarun\u0101 ar \u017eurn\u0101lu &#8220;Kas Jauns&#8221;, neizvairoties ar\u012b atbild\u0113t par priv\u0101to dz\u012bvi.<\/p>\n<p class=\"m-0\">Seko &#8220;Delfi&#8221; ar\u012b  <a target=\"_blank\" href=\"https:\/\/www.instagram.com\/delfi.lv\/\" rel=\"nofollow noopener\">Instagram<\/a>  un <a target=\"_blank\" href=\"https:\/\/www.youtube.com\/channel\/UCw5foWtcJvAbUm64rv7jwUQ\" rel=\"nofollow noopener\">YouTube<\/a>  profil\u0101 \u2013 pievienojies, lai uzzin\u0101tu svar\u012bg\u0101ko un interesant\u0101ko pirmais!<\/p>\n<p>Publik\u0101cijas saturs vai t\u0101s jebk\u0101da apjoma da\u013ca ir aizsarg\u0101ts autorties\u012bbu objekts Autorties\u012bbu likuma izpratn\u0113, un t\u0101 izmanto\u0161ana bez izdev\u0113ja at\u013caujas ir aizliegta. Vair\u0101k lasi  <a target=\"_blank\" href=\"https:\/\/www.delfi.lv\/noteikumi#autortiesibas\" rel=\"nofollow noopener\">\u0161eit<\/a><script async src=\"\/\/www.instagram.com\/embed.js\"><\/script><\/p>\n","protected":false},"excerpt":{"rendered":"Sabiedr\u012bb\u0101 zin\u0101m\u0101 Laura Vizla nol\u0113musi p\u0101rdot savu melno &#8220;Mercedes-Benz&#8221; CLS 63 AMG, kas reiz bija d\u0101vana no vi\u0146as&hellip;\n","protected":false},"author":2,"featured_media":33108,"comment_status":"","ping_status":"","sticky":false,"template":"","format":"standard","meta":{"footnotes":""},"categories":[19],"tags":[9911,89,90,7271,1260,35,39,38,36,37,34,9912,40,4183],"class_list":{"0":"post-33107","1":"post","2":"type-post","3":"status-publish","4":"format-standard","5":"has-post-thumbnail","7":"category-izklaide","8":"tag-bentley","9":"tag-entertainment","10":"tag-izklaide","11":"tag-izklaides-topi","12":"tag-kristaps-porzingis","13":"tag-latvia","14":"tag-latvian","15":"tag-latviesu","16":"tag-latviesu-valoda","17":"tag-latviesuvaloda","18":"tag-latvija","19":"tag-laura-vizla","20":"tag-lv","21":"tag-mercedes"},"share_on_mastodon":{"url":"https:\/\/pubeurope.com\/@lv\/115450333330888298","error":""},"_links":{"self":[{"href":"https:\/\/www.europesays.com\/lv\/wp-json\/wp\/v2\/posts\/33107","targetHints":{"allow":["GET"]}}],"collection":[{"href":"https:\/\/www.europesays.com\/lv\/wp-json\/wp\/v2\/posts"}],"about":[{"href":"https:\/\/www.europesays.com\/lv\/wp-json\/wp\/v2\/types\/post"}],"author":[{"embeddable":true,"href":"https:\/\/www.europesays.com\/lv\/wp-json\/wp\/v2\/users\/2"}],"replies":[{"embeddable":true,"href":"https:\/\/www.europesays.com\/lv\/wp-json\/wp\/v2\/comments?post=33107"}],"version-history":[{"count":0,"href":"https:\/\/www.europesays.com\/lv\/wp-json\/wp\/v2\/posts\/33107\/revisions"}],"wp:featuredmedia":[{"embeddable":true,"href":"https:\/\/www.europesays.com\/lv\/wp-json\/wp\/v2\/media\/33108"}],"wp:attachment":[{"href":"https:\/\/www.europesays.com\/lv\/wp-json\/wp\/v2\/media?parent=33107"}],"wp:term":[{"taxonomy":"category","embeddable":true,"href":"https:\/\/www.europesays.com\/lv\/wp-json\/wp\/v2\/categories?post=33107"},{"taxonomy":"post_tag","embeddable":true,"href":"https:\/\/www.europesays.com\/lv\/wp-json\/wp\/v2\/tags?post=33107"}],"curies":[{"name":"wp","href":"https:\/\/api.w.org\/{rel}","templated":true}]}}