{"id":33120,"date":"2025-10-28T06:27:07","date_gmt":"2025-10-28T06:27:07","guid":{"rendered":"https:\/\/www.europesays.com\/lv\/33120\/"},"modified":"2025-10-28T06:27:07","modified_gmt":"2025-10-28T06:27:07","slug":"atalgoti-par-pacietibu-diena","status":"publish","type":"post","link":"https:\/\/www.europesays.com\/lv\/33120\/","title":{"rendered":"Atalgoti par paciet\u012bbu \/ Diena"},"content":{"rendered":"<p>\t\t&#13;<\/p>\n<p>Piecus garus gadus gaid\u012bto titulu piektdien atguva\u00a0Riga\u00a0futbolisti, kuriem\u00a0Tonybet\u00a0virsl\u012bgas 34. k\u0101rtas sp\u0113l\u0113 pietika ar bezv\u0101rtu neiz\u0161\u0137irtu, lai divas k\u0101rtas pirms sezonas beig\u0101m k\u013c\u016btu nenotverami tuv\u0101kajiem konkurentiem. &#8220;Varam run\u0101t par taktiku, sp\u0113l\u0113t\u0101ju meistar\u012bbu, intensit\u0101ti, ko m\u0113r\u0101m katr\u0101 sp\u0113l\u0113 un treni\u0146\u0101, tas viss ir \u013coti svar\u012bgi, tom\u0113r p\u0113d\u0113jie gadi ir apliecin\u0101ju\u0161i, ka j\u0101izdara kaut kas \u012bpa\u0161s, lai izc\u012bn\u012btu titulu. Tas ir komandas gars, savstarp\u0113j\u0101 cie\u0146a un atbalsts, kas bija j\u0101ieved pareizaj\u0101 virzien\u0101, lai to sasniegtu,&#8221; pan\u0101kumu atsl\u0113gu l\u016bkoja raksturot \u010dempionu galvenais treneris Adri\u0101ns Gu\u013ca.<\/p>\n<p>&#13;<br \/>\n&#13;<\/p>\n<p>Paciet\u012bba, iesp\u0113jams, bija iz\u0161\u0137iro\u0161a ar\u012b visas sezonas kontekst\u0101, jo komanda sezonas ievad\u0101 zaud\u0113ja superkaus\u0101 principi\u0101lajam konkurentam RFS, bet virsl\u012bgas turn\u012bru s\u0101ka ar vienu uzvaru pirmaj\u0101s \u010detr\u0101s sp\u0113l\u0113s. Pirms R\u012bgas derbija \u010dempion\u0101ta pirm\u0101 ap\u013ca nosl\u0113gum\u0101 favor\u012btus \u0161\u0137\u012bra jau divu uzvaru tiesa un trenera poz\u012bcijas kar\u0101j\u0101s mata gal\u0101. Zinot\u00a0Riga\u00a0vad\u012bbas straujo dabu, pat pieredz\u0113ju\u0161i virsl\u012bgas apskatnieki p\u0101rsteigum\u0101 pac\u0113la uzacis, redzot Gu\u013cu turpin\u0101m vad\u012bt komandu treni\u0146os un sp\u0113l\u0113s. &#8220;Bija ar\u012b slikti br\u012b\u017ei, ta\u010du tie ir nepiecie\u0161ami, lai sasniegtu kaut ko lielu,&#8221; filozofiski uz tiem notikumiem tagad var\u0113ja atskat\u012bties treneris. Vi\u0146\u0161 un komanda kluba vad\u012bbas un l\u012bdzjut\u0113ju uztic\u012bbu atalgoja ne tikai ar 1:0 uzvaru derbij\u0101 pretinieku laukum\u0101, bet ar\u012b ar 30 nezaud\u0113tu sp\u0113\u013cu s\u0113riju virsl\u012bg\u0101, kas turpin\u0101s v\u0113l joproj\u0101m. Komandas kapteinis Antonijs \u010cernomordijs izc\u0113la starpsezon\u0101 paveikto darbu un ielikto fizisko b\u0101zi, k\u0101 ar\u012b standartsitu\u0101cijas un aizsardz\u012bbu.<\/p>\n<p>&#13;<\/p>\n<p>Visu rakstu lasiet av\u012bzes Diena otrdienas, 28. oktobra, numur\u0101! Ja v\u0113laties laikraksta saturu turpm\u0101k las\u012bt druk\u0101t\u0101 form\u0101t\u0101, to iesp\u0113jams abon\u0113t <a href=\"https:\/&lt;b&gt;+&lt;\/strong&gt;&lt;\/p&gt;&#9;&#13;&#10;&#9;&#9;&#9;&lt;footer&gt;&#13;&#10;&#9;&#9;&lt;p&gt;&#13;&#10;&#9;&#9;&#9;&lt;strong&gt;&#13;&#10;&#9;&#9;&#9;&#9;Raksta pilno versiju var ieg\u0101d\u0101ties ar\u012b port\u0101l\u0101 Diena.lv - autoriz\u0113jies,  &lt;a href=\" https:=\"\" onclick=\"Diena.user.showLogin()\">klik\u0161\u0137inot \u0161eit!<\/a>&#13;<br \/>\n\t\t\t&#13;\n\t\t<\/p>\n<p class=\"paid-article-text__price\">&#13;<br \/>\n\t\t\tRaksta cena: \u20ac0.40&#13;\n\t\t<\/p>\n<p class=\"more\">&#13;<br \/>\n\t\t\t&#13;<br \/>\n\t\t\t<a target=\"_blank\" href=\"https:\/\/www.diena.lv\/maksas-saturs\" rel=\"nofollow noopener\">Vair\u0101k inform\u0101cijas<\/a>&#13;\n\t\t<\/p>\n","protected":false},"excerpt":{"rendered":"&#13; Piecus garus gadus gaid\u012bto titulu piektdien atguva\u00a0Riga\u00a0futbolisti, kuriem\u00a0Tonybet\u00a0virsl\u012bgas 34. k\u0101rtas sp\u0113l\u0113 pietika ar bezv\u0101rtu neiz\u0161\u0137irtu, lai divas&hellip;\n","protected":false},"author":2,"featured_media":33121,"comment_status":"","ping_status":"","sticky":false,"template":"","format":"standard","meta":{"footnotes":""},"categories":[5],"tags":[23,28,29,32,33,22,30,31,35,39,38,36,37,34,40,20,26,27,24,25,21],"class_list":{"0":"post-33120","1":"post","2":"type-post","3":"status-publish","4":"format-standard","5":"has-post-thumbnail","7":"category-aktualitates","8":"tag-aktualitates","9":"tag-breaking-news","10":"tag-breakingnews","11":"tag-featured-news","12":"tag-featurednews","13":"tag-headlines","14":"tag-latest-news","15":"tag-latestnews","16":"tag-latvia","17":"tag-latvian","18":"tag-latviesu","19":"tag-latviesu-valoda","20":"tag-latviesuvaloda","21":"tag-latvija","22":"tag-lv","23":"tag-news","24":"tag-popularakas-zinas","25":"tag-popularakaszinas","26":"tag-top-stories","27":"tag-topstories","28":"tag-zinas"},"share_on_mastodon":{"url":"https:\/\/pubeurope.com\/@lv\/115450376580213461","error":""},"_links":{"self":[{"href":"https:\/\/www.europesays.com\/lv\/wp-json\/wp\/v2\/posts\/33120","targetHints":{"allow":["GET"]}}],"collection":[{"href":"https:\/\/www.europesays.com\/lv\/wp-json\/wp\/v2\/posts"}],"about":[{"href":"https:\/\/www.europesays.com\/lv\/wp-json\/wp\/v2\/types\/post"}],"author":[{"embeddable":true,"href":"https:\/\/www.europesays.com\/lv\/wp-json\/wp\/v2\/users\/2"}],"replies":[{"embeddable":true,"href":"https:\/\/www.europesays.com\/lv\/wp-json\/wp\/v2\/comments?post=33120"}],"version-history":[{"count":0,"href":"https:\/\/www.europesays.com\/lv\/wp-json\/wp\/v2\/posts\/33120\/revisions"}],"wp:featuredmedia":[{"embeddable":true,"href":"https:\/\/www.europesays.com\/lv\/wp-json\/wp\/v2\/media\/33121"}],"wp:attachment":[{"href":"https:\/\/www.europesays.com\/lv\/wp-json\/wp\/v2\/media?parent=33120"}],"wp:term":[{"taxonomy":"category","embeddable":true,"href":"https:\/\/www.europesays.com\/lv\/wp-json\/wp\/v2\/categories?post=33120"},{"taxonomy":"post_tag","embeddable":true,"href":"https:\/\/www.europesays.com\/lv\/wp-json\/wp\/v2\/tags?post=33120"}],"curies":[{"name":"wp","href":"https:\/\/api.w.org\/{rel}","templated":true}]}}