{"id":33140,"date":"2025-10-28T06:57:10","date_gmt":"2025-10-28T06:57:10","guid":{"rendered":"https:\/\/www.europesays.com\/lv\/33140\/"},"modified":"2025-10-28T06:57:10","modified_gmt":"2025-10-28T06:57:10","slug":"kam-vins-uzticetu-ameriku-tramps-atklaj-kurus-redz-ka-labakos-kandidatus-2028-gada-prezidenta-velesanas","status":"publish","type":"post","link":"https:\/\/www.europesays.com\/lv\/33140\/","title":{"rendered":"Kam vi\u0146\u0161 uztic\u0113tu Ameriku? Tramps atkl\u0101j, kurus redz k\u0101 lab\u0101kos kandid\u0101tus 2028. gada prezidenta v\u0113l\u0113\u0161an\u0101s"},"content":{"rendered":"<p>    <img decoding=\"async\" src=\"https:\/\/www.europesays.com\/lv\/wp-content\/uploads\/2025\/10\/Donalds-Tramps-EPA-800x450.jpg\" alt=\"&#10;Foto: EPA\/SCANPIX\/LETA&#10;\"\/><\/p>\n<p>Foto: EPA\/SCANPIX\/LETA<\/p>\n<p>Donalds Tramps.\n<\/p>\n<p>Amerikas Savienoto Valstu prezidents Donalds Tramps ir pazi\u0146ojis, ka vi\u0146am neb\u016btu iebildumu kandid\u0113t uz prezidenta amatu 2028. gad\u0101, ta\u010du, vi\u0146\u0161 ar\u012b uzsv\u0113ra, ka \u201cAmerikas Savienotaj\u0101s Valst\u012bs ir labi cilv\u0113ki\u201d, kuri var b\u016bt labi kandid\u0101ti p\u0113c vi\u0146a, v\u0113sta medijs \u201cPolitico\u201d. <\/p>\n<p>        Las\u012bt\u0101kie<br \/>\n        <a data-imagesrc=\"{&quot;300&quot;:&quot;https:\\\/\\\/lastatic.ams3.cdn.digitaloceanspaces.com\\\/2021\\\/05\\\/emocijas-300x211.jpg&quot;,&quot;768&quot;:&quot;https:\\\/\\\/lastatic.ams3.cdn.digitaloceanspaces.com\\\/2021\\\/05\\\/emocijas-768x541.jpg&quot;,&quot;1024&quot;:&quot;https:\\\/\\\/lastatic.ams3.cdn.digitaloceanspaces.com\\\/2021\\\/05\\\/emocijas-1024x722.jpg&quot;,&quot;200&quot;:&quot;https:\\\/\\\/lastatic.ams3.cdn.digitaloceanspaces.com\\\/2021\\\/05\\\/emocijas-200x141.jpg&quot;,&quot;400&quot;:&quot;https:\\\/\\\/lastatic.ams3.cdn.digitaloceanspaces.com\\\/2021\\\/05\\\/emocijas-400x282.jpg&quot;,&quot;500&quot;:&quot;https:\\\/\\\/lastatic.ams3.cdn.digitaloceanspaces.com\\\/2021\\\/05\\\/emocijas-500x352.jpg&quot;,&quot;800&quot;:&quot;https:\\\/\\\/lastatic.ams3.cdn.digitaloceanspaces.com\\\/2021\\\/05\\\/emocijas-800x564.jpg&quot;,&quot;1000&quot;:&quot;https:\\\/\\\/lastatic.ams3.cdn.digitaloceanspaces.com\\\/2021\\\/05\\\/emocijas-1000x705.jpg&quot;,&quot;1193&quot;:&quot;https:\\\/\\\/lastatic.ams3.cdn.digitaloceanspaces.com\\\/2021\\\/05\\\/emocijas.jpg&quot;}\" data-focuspoint=\"&quot;&quot;\" data-p=\"2456352\" href=\"https:\/\/www.la.lv\/nav-ko-dusmoties-vai-slavet-sis-rakstura-ipasibas-nak-lidzi-katrai-zodiaka-zimei\" class=\"content-item lazy-load\" wp_automatic_readability=\"28\" rel=\"nofollow noopener\" target=\"_blank\"><\/p>\n<p>                                <img decoding=\"async\" src=\"\" alt=\"\" style=\"\" data-imageid=\"\"\/><\/p>\n<p>                                Kokteilis<\/p>\n<p>\n                                                No Auna drosmes l\u012bdz Zivju intu\u012bcijai. Pasaki, kas esi p\u0113c horoskopa, un m\u0113s pateiksim, k\u0101das \u012bpa\u0161\u012bbas tev \u201cn\u0101k l\u012bdzi p\u016br\u0101\u201d!\n                            <\/p>\n<p><\/a><a data-imagesrc=\"{&quot;300&quot;:&quot;https:\\\/\\\/lastatic.ams3.cdn.digitaloceanspaces.com\\\/2025\\\/09\\\/crimea-300x227.jpeg&quot;,&quot;1024&quot;:&quot;https:\\\/\\\/lastatic.ams3.cdn.digitaloceanspaces.com\\\/2025\\\/09\\\/crimea-1024x774.jpeg&quot;,&quot;1536&quot;:&quot;https:\\\/\\\/lastatic.ams3.cdn.digitaloceanspaces.com\\\/2025\\\/09\\\/crimea-1536x1162.jpeg&quot;,&quot;500&quot;:&quot;https:\\\/\\\/lastatic.ams3.cdn.digitaloceanspaces.com\\\/2025\\\/09\\\/crimea-500x378.jpeg&quot;,&quot;800&quot;:&quot;https:\\\/\\\/lastatic.ams3.cdn.digitaloceanspaces.com\\\/2025\\\/09\\\/crimea-800x605.jpeg&quot;,&quot;2560&quot;:&quot;https:\\\/\\\/lastatic.ams3.cdn.digitaloceanspaces.com\\\/2025\\\/09\\\/crimea-scaled.jpeg&quot;}\" data-focuspoint=\"&quot;&quot;\" data-p=\"2456394\" href=\"https:\/\/www.la.lv\/lai-krievija-neparverstos-par-kinas-koloniju-tai-ir-palicis-tikai-viens-cels-finansiali-jau-ta-ir-pilnigi-sabrukusi\" class=\"content-item lazy-load\" wp_automatic_readability=\"27\" rel=\"nofollow noopener\" target=\"_blank\"><\/p>\n<p>                                <img decoding=\"async\" src=\"\" alt=\"\" style=\"\" data-imageid=\"\"\/><\/p>\n<p>\n                                                Lai Krievija nep\u0101rv\u0113rstos par \u0136\u012bnas koloniju, tai ir palicis tikai viens ce\u013c\u0161; finansi\u0101li jau t\u0101 ir piln\u012bgi sabrukusi\n                            <\/p>\n<p><\/a><a data-imagesrc=\"{&quot;300&quot;:&quot;https:\\\/\\\/lastatic.ams3.cdn.digitaloceanspaces.com\\\/2025\\\/10\\\/LET_24744650-300x190.jpg&quot;,&quot;1024&quot;:&quot;https:\\\/\\\/lastatic.ams3.cdn.digitaloceanspaces.com\\\/2025\\\/10\\\/LET_24744650-1024x650.jpg&quot;,&quot;1536&quot;:&quot;https:\\\/\\\/lastatic.ams3.cdn.digitaloceanspaces.com\\\/2025\\\/10\\\/LET_24744650-1536x975.jpg&quot;,&quot;500&quot;:&quot;https:\\\/\\\/lastatic.ams3.cdn.digitaloceanspaces.com\\\/2025\\\/10\\\/LET_24744650-500x317.jpg&quot;,&quot;800&quot;:&quot;https:\\\/\\\/lastatic.ams3.cdn.digitaloceanspaces.com\\\/2025\\\/10\\\/LET_24744650-800x508.jpg&quot;,&quot;2560&quot;:&quot;https:\\\/\\\/lastatic.ams3.cdn.digitaloceanspaces.com\\\/2025\\\/10\\\/LET_24744650-scaled.jpg&quot;}\" data-focuspoint=\"&quot;&quot;\" data-p=\"2456128\" href=\"https:\/\/www.la.lv\/ir-ielikti-labi-pamati-lai-mes-klutu-par-naciju-ar-skibakajiem-zobiem-latvija-iespejams-darbojas-ortodontu-kartelis\" class=\"content-item lazy-load\" wp_automatic_readability=\"28\" rel=\"nofollow noopener\" target=\"_blank\"><\/p>\n<p>                                <img decoding=\"async\" src=\"\" alt=\"\" style=\"\" data-imageid=\"\"\/><\/p>\n<p>                                Veselam<\/p>\n<p>\n                                                Ir ielikti labi pamati, lai m\u0113s k\u013c\u016btu par n\u0101ciju ar \u0161\u0137\u012bb\u0101kajiem zobiem \u2013 Latvij\u0101, iesp\u0113jams, darbojas \u201cortodontu kartelis\u201d\n                            <\/p>\n<p><\/a><br \/>\n        <a class=\"read-more\" href=\"https:\/\/www.la.lv\/top\" rel=\"nofollow noopener\" target=\"_blank\">Las\u012bt citas zi\u0146as<\/a><\/p>\n<p>Preses p\u0101rst\u0101vji Trampam jaut\u0101ja par vi\u0146a nost\u0101ju attiec\u012bb\u0101 uz ideju kandid\u0113t uz tre\u0161o termi\u0146u, ko nesen izvirz\u012bja biju\u0161ais Balt\u0101 nama strat\u0113\u0123is St\u012bvs Banons.<\/p>\n<p>\u201cEs to \u013coti v\u0113l\u0113tos dar\u012bt. Man ir vislab\u0101kais sniegums v\u0113stur\u0113,\u201d sac\u012bja Tramps.<\/p>\n<p>    CITI \u0160OBR\u012aD LASA<\/p>\n<p>ASV prezidents atzina, ka \u201c\u012bsti par to nav dom\u0101jis\u201d un ka \u201cAmerikas Savienotaj\u0101s Valst\u012bs ir labi cilv\u0113ki\u201d, tom\u0113r, l\u016bdzot vi\u0146am nosaukt konkr\u0113tus v\u0101rdus, vi\u0146\u0161 nor\u0101d\u012bja uz valsts sekret\u0101ru Marko Rubio: \u201cMums ir br\u012bni\u0161\u0137\u012bgi cilv\u0113ki \u2014 man nav j\u0101iedzi\u013cin\u0101s deta\u013c\u0101s. Viens st\u0101v tepat.\u201d<\/p>\n<p>Tramps ar\u012b uzslav\u0113ja ASV viceprezidentu D\u017e.D.Vensu. <\/p>\n<p>\u201cVi\u0146\u0161 ir lielisks, lielisks viceprezidents. Neesmu p\u0101rliecin\u0101ts, ka k\u0101ds kandid\u0113tu pret \u0161iem diviem,\u201d sac\u012bja prezidents, kur\u0161 par saviem galvenajiem pretendentiem 2028.gada v\u0113l\u0113\u0161an\u0101s uzskata ASV viceprezidentu un valsts sekret\u0101ru. <\/p>\n<p>Biju\u0161ais Balt\u0101 nama galvenais strat\u0113\u0123is St\u012bvs Banons iepriek\u0161 publiski pazi\u0146oja, ka Tramps b\u016bs prezidents ar\u012b 2028. gad\u0101. Vi\u0146\u0161 teica, ka cilv\u0113kiem \u201cpie t\u0101 ir j\u0101pierod\u201d un ka \u201cpa\u0161ai valstij tas ir vajadz\u012bgs\u201d.<\/p>\n<p>T\u0113mas<\/p>\n<p>    SAIST\u012aTIE RAKSTI<\/p>\n","protected":false},"excerpt":{"rendered":"Foto: EPA\/SCANPIX\/LETA Donalds Tramps. Amerikas Savienoto Valstu prezidents Donalds Tramps ir pazi\u0146ojis, ka vi\u0146am neb\u016btu iebildumu kandid\u0113t uz&hellip;\n","protected":false},"author":2,"featured_media":33141,"comment_status":"","ping_status":"","sticky":false,"template":"","format":"standard","meta":{"footnotes":""},"categories":[5],"tags":[23,28,29,32,33,22,30,31,35,39,38,36,37,34,40,20,26,27,24,25,21],"class_list":{"0":"post-33140","1":"post","2":"type-post","3":"status-publish","4":"format-standard","5":"has-post-thumbnail","7":"category-aktualitates","8":"tag-aktualitates","9":"tag-breaking-news","10":"tag-breakingnews","11":"tag-featured-news","12":"tag-featurednews","13":"tag-headlines","14":"tag-latest-news","15":"tag-latestnews","16":"tag-latvia","17":"tag-latvian","18":"tag-latviesu","19":"tag-latviesu-valoda","20":"tag-latviesuvaloda","21":"tag-latvija","22":"tag-lv","23":"tag-news","24":"tag-popularakas-zinas","25":"tag-popularakaszinas","26":"tag-top-stories","27":"tag-topstories","28":"tag-zinas"},"share_on_mastodon":{"url":"https:\/\/pubeurope.com\/@lv\/115450494504307521","error":""},"_links":{"self":[{"href":"https:\/\/www.europesays.com\/lv\/wp-json\/wp\/v2\/posts\/33140","targetHints":{"allow":["GET"]}}],"collection":[{"href":"https:\/\/www.europesays.com\/lv\/wp-json\/wp\/v2\/posts"}],"about":[{"href":"https:\/\/www.europesays.com\/lv\/wp-json\/wp\/v2\/types\/post"}],"author":[{"embeddable":true,"href":"https:\/\/www.europesays.com\/lv\/wp-json\/wp\/v2\/users\/2"}],"replies":[{"embeddable":true,"href":"https:\/\/www.europesays.com\/lv\/wp-json\/wp\/v2\/comments?post=33140"}],"version-history":[{"count":0,"href":"https:\/\/www.europesays.com\/lv\/wp-json\/wp\/v2\/posts\/33140\/revisions"}],"wp:featuredmedia":[{"embeddable":true,"href":"https:\/\/www.europesays.com\/lv\/wp-json\/wp\/v2\/media\/33141"}],"wp:attachment":[{"href":"https:\/\/www.europesays.com\/lv\/wp-json\/wp\/v2\/media?parent=33140"}],"wp:term":[{"taxonomy":"category","embeddable":true,"href":"https:\/\/www.europesays.com\/lv\/wp-json\/wp\/v2\/categories?post=33140"},{"taxonomy":"post_tag","embeddable":true,"href":"https:\/\/www.europesays.com\/lv\/wp-json\/wp\/v2\/tags?post=33140"}],"curies":[{"name":"wp","href":"https:\/\/api.w.org\/{rel}","templated":true}]}}