{"id":33177,"date":"2025-10-28T07:27:12","date_gmt":"2025-10-28T07:27:12","guid":{"rendered":"https:\/\/www.europesays.com\/lv\/33177\/"},"modified":"2025-10-28T07:27:12","modified_gmt":"2025-10-28T07:27:12","slug":"ir-jabaidas-no-atkritumiem-cilveku-veidola","status":"publish","type":"post","link":"https:\/\/www.europesays.com\/lv\/33177\/","title":{"rendered":"Ir j\u0101baid\u0101s no atkritumiem cilv\u0113ku veidol\u0101"},"content":{"rendered":"<p>                                                                    <img decoding=\"async\" src=\"https:\/\/www.europesays.com\/lv\/wp-content\/uploads\/2025\/10\/21917.jpg\" alt=\"Foto\" id=\"mainfoto\" \/><br \/> <br \/>\n                                    Krist\u012bne Vilka \u00b7 28.10.2025. \u00b7 <a href=\"\/\/m.pietiek.com\/lapa.php\/raksti\/ir_jabaidas_no_atkritumiem_cilveku_veidola\/komentari\">Koment\u0101ri (6)<\/a><\/p>\n<p id=\"share\">Iesaki rakstu:<br \/><a href=\"https:\/\/twitter.com\/intent\/tweet?text=Iesaku: Ir j\u0101baid\u0101s no atkritumiem cilv\u0113ku veidol\u0101&amp;url=http:\/\/www.pietiek.com\/raksti\/ir_jabaidas_no_atkritumiem_cilveku_veidola\/\" rel=\"nofollow noopener\" target=\"_blank\"><img decoding=\"async\" src=\"https:\/\/pietiek.com\/img\/share\/twt.png\" alt=\"Twitter\" border=\"0\" \/><\/a><br \/>\n                    <a href=\"https:\/\/www.facebook.com\/share.php?u=http:\/\/www.pietiek.com\/raksti\/ir_jabaidas_no_atkritumiem_cilveku_veidola\/\" rel=\"nofollow noopener\" target=\"_blank\"><img decoding=\"async\" src=\"http:\/\/pietiek.com\/img\/share\/fcb.png\" alt=\"Facebook\" border=\"0\" \/><\/a><\/p>\n<p>                    <a href=\"http:\/\/www.pietiek.com\/raksti\/ir_jabaidas_no_atkritumiem_cilveku_veidola\/#\" onclick=\"DraugiemSay(&#039;Ir j\u0101baid\u0101s no atkritumiem cilv\u0113ku veidol\u0101&#039;, &#039;http:\/\/www.pietiek.com\/raksti\/ir_jabaidas_no_atkritumiem_cilveku_veidola\/&#039;, &#039;Pietiek.com&#039;);return false;\" title=\"draugiem.lv\" rel=\"nofollow noopener\" target=\"_blank\"><img decoding=\"async\" src=\"http:\/\/pietiek.com\/img\/share\/drg.png\" alt=\"Draugiem.lv\" border=\"0\" \/><\/a>\n                    <\/p>\n<p><p>Vai ir j\u0101baid\u0101s no kara? N\u0113, nav j\u0101baid\u0101s, jo tur pretinieks ir zin\u0101ms, nu vismaz \u0161\u0137iet, ka ir zin\u0101ms. Ir j\u0101baid\u0101s no atkritumiem cilv\u0113ku veidol\u0101.<\/p>\n<\/p>\n<p>Brunav\u0101 noslepkavoto su\u0146u st\u0101sts nav tikai par \u0161iem su\u0146iem. Tas ir par sist\u0113mu, kur\u0101 var piesegt smagus noziegumus, kur vain\u012bgajiem ir milz\u012bga visat\u013caut\u012bba, jo vi\u0146i zina, ka nek\u0101du sodu nesa\u0146ems. Nez k\u0101p\u0113c nevien\u0101 no zin\u0101majiem gad\u012bjumiem, kur par dz\u012bvnieku krop\u013co\u0161anu un nogalin\u0101\u0161anu aizdom\u0101s tur\u0113tais ir eso\u0161ais vai biju\u0161ais policists, lietas tiek izbeigtas vai iesniegumi ir pazudu\u0161i?<\/p>\n<p>Ne jau nu p\u0113k\u0161\u0146i vair\u0101ki Bauskas pa\u0161vald\u012bbas policijas darbinieki izdom\u0101ja, ka var\u0113tu piesegt brut\u0101lu su\u0146u slepkav\u012bbu. Visdr\u012bz\u0101k \u0161\u0101da noziegumu pieseg\u0161ana ir notikusi ar\u012b iepriek\u0161.<\/p>\n<p>K\u0101 zin\u0101ms, slepkavas parasti s\u0101k ar dz\u012bvnieku moc\u012b\u0161anu un nogalin\u0101\u0161anu. Nav t\u0101lu j\u0101mekl\u0113, 2019.gad\u0101 Str\u016b\u017e\u0101nos tika krop\u013coti un nogalin\u0101ti dz\u012bvnieki. Bija aizdomas par viet\u0113jo pusaudzi, viet\u0113j\u0101 &#8220;\u010diekura&#8221; atra\u017eojumu. Policija izlik\u0101s par beigt\u0101m ziv\u012bm. Un 2024. gad\u0101 \u0161is dz\u012bvnieku slepkava nogalin\u0101ja sievieti.<\/p>\n<p>Latvij\u0101 p\u0113c ofici\u0101l\u0101s statistikas vid\u0113ji gad\u0101 tiek noslepkavoti 72 cilv\u0113ki, 130 cilv\u0113kiem tiek izdar\u012bti t\u012b\u0161i smagi miesas boj\u0101jumi. P\u0113d\u0113jais zin\u0101mais n\u0101ves gad\u012bjums no su\u0146u uzbrukuma ir 2016. gad\u0101. Tad kas ir b\u012bstam\u0101ks \u2013 su\u0146i vai tom\u0113r cilv\u0113ki?<\/p>\n<p>Pilna pasaule ar cilv\u0113kiem, kuri lien sve\u0161os \u012bpa\u0161umos, reiz\u0113m ar \u013coti nepat\u012bkamiem nodomiem. Ko dar\u012bsim, ar\u012b \u0161ausim nost?<\/p>\n<p>Nekad nenotic\u0113\u0161u, ka viens slepkava atkl\u0101t\u0101 lauk\u0101 var vienlaic\u012bgi nogalin\u0101t tr\u012bs su\u0146us. Ar\u012b vair\u0101ki \u0161\u0101v\u0113ji to nevar izdar\u012bt, k\u0101ds suns b\u016btu aizmucis. Brunav\u0101 noslepkavotie su\u0146i vai nu tika pietur\u0113ti, vai vi\u0146i bija nosl\u0113gt\u0101 teritorij\u0101 un nevar\u0113ja aizmukt. T\u0101 ir pr\u0101tam neaptverama ne\u017e\u0113l\u012bba.<\/p>\n<p>Un, protams, kur ir dz\u012bvnieku n\u0101ve, tur ir ar\u012b Me\u017eavairogi un Dz\u012bvnieku gl\u0101b\u0161anas dienests. Jo kam gan citam \u0161is n\u0101ves kantoris tika pieaicin\u0101ts?<\/p>\n<p>K\u0101p\u0113c gan \u0161o &#8220;profesion\u0101\u013cu&#8221; brig\u0101de notikuma viet\u0101 ierad\u0101s p\u0113c trim stund\u0101m? Standarta l\u012bgum\u0101 j\u0101ierodas divu stundu laik\u0101. Kur\u0161 apmaks\u0101ja \u0161o izsaukumu, pa\u0161vald\u012bba vai Rasma? K\u0101p\u0113c uzreiz nesteidz\u0101s uz notikumu vietu, bet vaz\u0101j\u0101s pa ciemu? Interesanti, policija un \u0161is n\u0101ves kantoris uzrun\u0101ja vienus un tos pa\u0161us Brunavas iedz\u012bvot\u0101jus, lai imit\u0113tu darb\u012bbas?<\/p>\n<p>P\u0113c policistes zi\u0146ojuma &#8220;dz\u012bvnieku gl\u0101b\u0161anas dienesta&#8221; p\u0101rst\u0101vis pirmo reizi esot redz\u0113jis, ka su\u0146i var t\u0101 iz\u0113st lopu. \u0160is &#8220;profesion\u0101lis\u201d dro\u0161i vien ar\u012b pirmo reizi redz\u0113ja, ka tik \u013coti \u201esaplos\u012btai&#8221; stirnai apk\u0101rt nem\u0113t\u0101jas nek\u0101das \u0137eskas, ne ar\u012b \u0101das atlikumi. Ka \u0101da ir taisn\u0101 l\u012bnij\u0101 nogriezta. Redz\u0113ja, ka ir sapl\u0113sts \u017eoklis, bet neredz\u0113ja, ka tas ir brut\u0101li sadrag\u0101ts? Un, zinot visu inform\u0101ciju no notikuma vietas, n\u0101kamaj\u0101 dien\u0101 n\u0101ves kantoris sav\u0101 m\u0101jas lap\u0101 public\u0113 stirnas aizst\u0101v\u012bbas rakstu, lai attaisnotu brut\u0101lu slepkav\u012bbu. Skaisti, vai ne? Nez k\u0101p\u0113c gandr\u012bz visas savas atbildes \u0161aj\u0101 post\u0101 non\u0101v\u0113\u0161anas dienests ir dz\u0113sis? P\u0101r\u0101k daudz pretrunu pa\u0161u teiktaj\u0101?<\/p>\n<p>SLEPKAV\u0100M J\u0100SA\u0145EM RE\u0100LS CIETUMSODS.<\/p>\n<p>Nov\u0113rt\u0113 \u0161o rakstu:<\/p>\n<p>19<\/p>\n<p>6<\/p>\n<p>                <script async src=\"https:\/\/platform.twitter.com\/widgets.js\" charset=\"utf-8\"><\/script><\/p>\n","protected":false},"excerpt":{"rendered":"Krist\u012bne Vilka \u00b7 28.10.2025. \u00b7 Koment\u0101ri (6) Iesaki rakstu: Vai ir j\u0101baid\u0101s no kara? N\u0113, nav j\u0101baid\u0101s, jo&hellip;\n","protected":false},"author":2,"featured_media":33178,"comment_status":"","ping_status":"","sticky":false,"template":"","format":"standard","meta":{"footnotes":""},"categories":[5],"tags":[23,28,29,32,33,22,30,31,35,39,38,36,37,34,40,20,26,27,24,25,21],"class_list":{"0":"post-33177","1":"post","2":"type-post","3":"status-publish","4":"format-standard","5":"has-post-thumbnail","7":"category-aktualitates","8":"tag-aktualitates","9":"tag-breaking-news","10":"tag-breakingnews","11":"tag-featured-news","12":"tag-featurednews","13":"tag-headlines","14":"tag-latest-news","15":"tag-latestnews","16":"tag-latvia","17":"tag-latvian","18":"tag-latviesu","19":"tag-latviesu-valoda","20":"tag-latviesuvaloda","21":"tag-latvija","22":"tag-lv","23":"tag-news","24":"tag-popularakas-zinas","25":"tag-popularakaszinas","26":"tag-top-stories","27":"tag-topstories","28":"tag-zinas"},"share_on_mastodon":{"url":"https:\/\/pubeurope.com\/@lv\/115450612511476202","error":""},"_links":{"self":[{"href":"https:\/\/www.europesays.com\/lv\/wp-json\/wp\/v2\/posts\/33177","targetHints":{"allow":["GET"]}}],"collection":[{"href":"https:\/\/www.europesays.com\/lv\/wp-json\/wp\/v2\/posts"}],"about":[{"href":"https:\/\/www.europesays.com\/lv\/wp-json\/wp\/v2\/types\/post"}],"author":[{"embeddable":true,"href":"https:\/\/www.europesays.com\/lv\/wp-json\/wp\/v2\/users\/2"}],"replies":[{"embeddable":true,"href":"https:\/\/www.europesays.com\/lv\/wp-json\/wp\/v2\/comments?post=33177"}],"version-history":[{"count":0,"href":"https:\/\/www.europesays.com\/lv\/wp-json\/wp\/v2\/posts\/33177\/revisions"}],"wp:featuredmedia":[{"embeddable":true,"href":"https:\/\/www.europesays.com\/lv\/wp-json\/wp\/v2\/media\/33178"}],"wp:attachment":[{"href":"https:\/\/www.europesays.com\/lv\/wp-json\/wp\/v2\/media?parent=33177"}],"wp:term":[{"taxonomy":"category","embeddable":true,"href":"https:\/\/www.europesays.com\/lv\/wp-json\/wp\/v2\/categories?post=33177"},{"taxonomy":"post_tag","embeddable":true,"href":"https:\/\/www.europesays.com\/lv\/wp-json\/wp\/v2\/tags?post=33177"}],"curies":[{"name":"wp","href":"https:\/\/api.w.org\/{rel}","templated":true}]}}