{"id":33214,"date":"2025-10-28T08:22:07","date_gmt":"2025-10-28T08:22:07","guid":{"rendered":"https:\/\/www.europesays.com\/lv\/33214\/"},"modified":"2025-10-28T08:22:07","modified_gmt":"2025-10-28T08:22:07","slug":"latvija-kopsoli-ar-ziemelvalstim-ka-aizvadits-vispasaules-muzikas-forums-womex-2025-raksts","status":"publish","type":"post","link":"https:\/\/www.europesays.com\/lv\/33214\/","title":{"rendered":"Latvija kopsol\u012b ar Zieme\u013cvalst\u012bm. K\u0101 aizvad\u012bts vispasaules m\u016bzikas forums \u00abWOMEX 2025\u00bb? \/ Raksts"},"content":{"rendered":"<p>No 22. l\u012bdz 26. oktobrim otraj\u0101 liel\u0101kaj\u0101 Somijas pils\u0113t\u0101 Tamper\u0113 jau atk\u0101rtoti norisin\u0101j\u0101s liel\u0101kais t\u0101 d\u0113v\u0113tajai world music jeb pasaules m\u016bzikai velt\u012btais vispasaules m\u016bzikas forums &#8220;WOMEX 25&#8221; (World Music Expo), kur\u0101 Latvija \u0161ogad pirmoreiz bija ofici\u0101la Zieme\u013cvalstu sada\u013cas dal\u012bbniece.<\/p>\n<p>&#8220;WOMEX\u00a0&#8221; Tamper\u0113 notika ar\u012b pirms se\u0161iem gadiem. Tie\u0161i pirms pand\u0113mijas tika atz\u012bm\u0113ta foruma 25 gadu jubileja, bet 2020. gad\u0101 tas pirmoreiz risin\u0101j\u0101s tikai virtu\u0101li \u2013 ta\u010du nep\u0101rtr\u016bkstot. L\u012bdz ar to \u0161ogad &#8220;WOMEX&#8221; sasniedzis jau 31. k\u0101rtas skaitli, un Latvija \u2013 savu 20. dal\u012bbas jubileju.<\/p>\n<p>Tiesa, vien piekto reizi &#8220;WOMEX\u00a0&#8221; ar\u012b uzst\u0101j\u0101s k\u0101ds no Latvijas m\u0101ksliniekiem. Konkurence par\u00a0nok\u013c\u016b\u0161anu t\u0101 sauktaj\u0101 &#8220;showcase&#8221; jeb &#8220;vitr\u012bnas&#8221; sada\u013c\u0101 ir diezgan pamat\u012bga. Ikvienam ir skaidrs, ka v\u0113l efekt\u012bv\u0101k par stendu foruma gadatirg\u016b vai cent\u012bgu \u0101tro tik\u0161anos sarun\u0101\u0161anu darbojas tie\u0161i konkr\u0113t\u0101s valsts m\u016bzi\u0137u uzst\u0101\u0161an\u0101s industrijas profesion\u0101\u013cu priek\u0161\u0101.<\/p>\n<p>Forums galu gal\u0101 ir velt\u012bts m\u016bzikai, un lab\u0101kais veids, k\u0101 saprast, vai konkr\u0113tie m\u016bzi\u0137i iederas tav\u0101 festiv\u0101l\u0101, izdevniec\u012bb\u0101 vai koncertorganiz\u0101cij\u0101, ir vienk\u0101r\u0161i noskat\u012bties vi\u0146u uzst\u0101\u0161anos.\u00a02011. gad\u0101 \u0161is gods tika kokl\u0113t\u0101jai Laimai Jansonei, 2015. gad\u0101 \u2013 m\u016bsu le\u0123end\u0101rajai postfolka grupai &#8220;I\u013c\u0123i&#8221;, jau min\u0113taj\u0101 2019. gad\u0101 Tamper\u0113 \u2013 Latvijas Kult\u016bras akad\u0113mijas tradicion\u0101l\u0101s dzied\u0101\u0161anas grupai &#8220;Sauc\u0113jas&#8221;, bet 2023. gad\u0101 \u2013 duetam &#8220;ZeMe&#8221;. Tagad l\u012bdz &#8220;showcase&#8221; skatuvei bija non\u0101cis pirms trim gadiem tie\u0161i &#8220;WOMEX&#8221; laik\u0101 Lisabon\u0101 tapu\u0161ais daudzbals\u012bg\u0101s dzied\u0101\u0161anas ansamblis &#8220;The Baltic Sisters&#8221; jeb &#8220;Baltijas m\u0101sas&#8221;, kur\u0101 apvienoju\u0161\u0101s divas latvietes \u2013 Vineta Rom\u0101ne un Liene Skrebinska, kura sp\u0113l\u0113 ar\u012b kokli, lietuviete Laurita Peleni\u016bte un igauniete Mariona Selgalla.<\/p>\n<blockquote>\n<p>\u0160o apvien\u012bbu var dro\u0161i saukt par tautas m\u016bzikas supergrupu, jo visas dal\u012bbnieces ir jau zin\u0101mas \u0161\u0101 \u017eanra p\u0101rst\u0101ves un darbojas ar\u012b citos kolekt\u012bvos.<\/p>\n<\/blockquote>\n<p>Piem\u0113ram, Vineta ir nupat min\u0113to &#8220;Sauc\u0113ju&#8221; un m\u016bsdienu tautas m\u016bzikas grupas &#8220;Laiksne&#8221; dal\u012bbniece, bet Lienes v\u0101rds las\u0101ms apvien\u012bbu &#8220;Bille&#8221; un &#8220;Sabia&#8221; sast\u0101vu uzskait\u012bjum\u0101. Attiec\u012bgi visas \u010detras d\u0101mas koncerta laik\u0101 k\u013c\u016bst ar\u012b par st\u0101stniec\u0113m, piesakot n\u0101kamo dziesmu, kas saist\u012bta tie\u0161i ar vi\u0146u p\u0101rst\u0101v\u0113to re\u0123ionu vai tautas m\u016bzikas \u017eanru. D\u0101mu sniegumu, starp citu, var nov\u0113rt\u0113t ar\u012b \u0161ogad izdotaj\u0101 debijas album\u0101 &#8220;V\u00e4rav \/ V\u0101rti \/ Vartai&#8221;.<\/p>\n<p>Lai skat\u012btu \u0161o resursu, mums ir nepiecie\u0161ama j\u016bsu piekri\u0161ana s\u012bkdatn\u0113m.<\/p>\n<p>Piekr\u012btu &#8220;Tre\u0161\u0101s puses&#8221; s\u012bkdatn\u0113mP\u0101rvald\u012bt s\u012bkdatnes<\/p>\n<p>300 m\u016bzi\u0137i no 52 valst\u012bm un 2000 klaus\u012bt\u0101ju<\/p>\n<p>Koncerti &#8220;WOMEX&#8221; p\u0101rsvar\u0101 notiek vakara un nakts laik\u0101, kad dienas gadatirgus un ar\u012b konferences sada\u013cas durvis jau sl\u0113gtas, ta\u010du tie norisin\u0101s vair\u0101k\u0101s viet\u0101s un ar\u012b paral\u0113li, kas &#8220;showcase&#8221; visp\u0101r tiku\u0161ajiem kopskait\u0101 gandr\u012bz 300 m\u016bzi\u0137iem no 52 valst\u012bm liek turpin\u0101t c\u012b\u0146u par vair\u0101k nek\u0101 2000 uz forumu sabrauku\u0161o vispasaules deleg\u0101tu uzman\u012bbu.<\/p>\n<blockquote>\n<p>Ar patriotisku prieku var\u0113ja nov\u0113rot, ka Tamperes halles z\u0101l\u0113 &#8220;The Baltic Sisters&#8221; uzst\u0101\u0161an\u0101s laik\u0101 publikas k\u013cuva arvien vair\u0101k, kas &#8220;WOMEX&#8221; ir diezgan netipiska aina. Tur dr\u012bz\u0101k ierasts, ka ik p\u0113c dziesmas notiek da\u013c\u0113ja publikas nomai\u0146a, jo daudzi dodas no\u0137ert k\u0101dus iespaidus ar\u012b paral\u0113li notieko\u0161ajos koncertos.<\/p>\n<\/blockquote>\n<p>Visticam\u0101k, ka prim\u0101rais \u0161\u0101das par\u0101d\u012bbas iemesls bija tie\u0161i autentiskums. Arvien izteikt\u0101k ar\u012b &#8220;WOMEX&#8221; dodas popm\u016bzikas virzien\u0101, br\u012b\u017eiem pat liekot uzdot jaut\u0101jumu, k\u0101d\u0113\u013c konkr\u0113tais m\u0101kslinieks visp\u0101r uzst\u0101jas it k\u0101 pasaules m\u016bzikai velt\u012bt\u0101 forum\u0101. Tom\u0113r uz to liel\u0101koties joproj\u0101m dodas patiesi folkm\u016bzikas un etnom\u016bzikas cien\u012bt\u0101ji, kuri prim\u0101ri ir attiec\u012bg\u0101 \u017eanra melom\u0101ni un tikai sekund\u0101ri ar\u012b industrijas biznesa puses p\u0101rst\u0101vji. T\u0101p\u0113c autentisks konkr\u0113ta re\u0123iona tautas m\u016bzikas izpild\u012bjums klaus\u012bt\u0101jus uzrun\u0101 vair\u0101k, nek\u0101 centieni sekot popul\u0101r\u0101s m\u016bzikas tendenc\u0113m.<\/p>\n<p>Sekund\u0101rais iemesls var\u0113tu b\u016bt ar\u012b tr\u012bs etnosu apvienojums vien\u0101 koncert\u0101, jo &#8220;The Baltic Sisters&#8221; programma bija p\u0101rdom\u0101ta un veidota k\u0101 ce\u013cojums ar zino\u0161\u0101m un lieliski dziedo\u0161\u0101m gid\u0113m pa Baltijas \u0101r\u0113m un at\u0161\u0137ir\u012bgo muzik\u0101lo mantojumu. Vai tas rezult\u0113sies ar\u012b re\u0101los aicin\u0101jumos uz da\u017e\u0101du valstu festiv\u0101liem, spriest v\u0113l p\u0101ragri, bet a\u0161\u0101kie \u0161\u0101dus pied\u0101v\u0101jumus jau izteiku\u0161i.<\/p>\n<p>&#8220;WOMEX&#8221; virz\u012bba uz arvien saprotam\u0101ku formu<\/p>\n<blockquote>\n<p>Visticam\u0101k, &#8220;WOMEX&#8221; n\u0101kotn\u0113 virz\u012bsies klaus\u012bt\u0101jiem saprotam\u0101ku form\u0101tu virzien\u0101, un, pav\u0113rojot vair\u0101ku \u0161\u0101 gada &#8220;showcase&#8221; dal\u012bbnieku koncertus, rad\u0101s secin\u0101jums, ka Latviju \u0161aj\u0101 forum\u0101 dr\u012bz var\u0113tu p\u0101rst\u0101v\u0113t gan, piem\u0113ram, &#8220;Labv\u0113l\u012bgais tips&#8221;, gan &#8220;Sinfonietta R\u012bga&#8221; ar kameror\u0137estrim aran\u017e\u0113tu tango m\u016bzikas programmu.<\/p>\n<\/blockquote>\n<p>P\u0113d\u0113jo \u017eanru \u0161ogad, k\u0101 reizi, p\u0101rst\u0101v\u0113ja desmit fran\u010du-argent\u012bnie\u0161u d\u0101mu st\u012bgu instrumentu un bandoneonu ansamblis &#8220;Fleurs Noires&#8221;, pieaicinot talk\u0101 prominentus kungus no tango m\u016bzikas pasaules. Savuk\u0101rt k\u0101d\u0101 popm\u016bzikas industrijas forum\u0101 itin labi ieder\u0113tos, piem\u0113ram, Anglij\u0101 dz\u012bvojo\u0161\u0101 indie\u0161u zvaigzne Malkits Singhs, kur\u0161 uzskat\u0101ms par bhangra stila aizs\u0101c\u0113ju un ar\u012b karali. Latvij\u0101 zin\u0101m\u0101kais vi\u0146a p\u0113ctecis var\u0113tu b\u016bt &#8220;Panjabi MC&#8221;, kura hitu &#8220;Mundian to bach ke&#8221; divt\u016bksto\u0161o gadu s\u0101kum\u0101 gribot vai negribot diskot\u0113k\u0101 bija j\u0101uzsp\u0113l\u0113 katram sevi cieno\u0161am d\u012bd\u017eejam gan pie mums, gan daudzviet citur pasaul\u0113. Pa\u0161a Malkita divus no daudzajiem hitiem \u2013 &#8220;Chal hun&#8221; un &#8220;Jind mahi&#8221; \u2013 savuk\u0101rt atcer\u0113sies ar\u012bdzan \u0161\u0101 gadu t\u016bksto\u0161a s\u0101kuma sp\u0113lfilmas &#8220;Iesit k\u0101 Bekhems!&#8221; fani.<\/p>\n<p>Piln\u012bb\u0101 gan &#8220;WOMEX&#8221; no uzsvara uz pasaules m\u016bziku, visticam\u0101k, neatteiksies nekad, jo \u0161\u0101 foruma nosaukums jau k\u013cuvis par stabilu \u017eanra z\u012bmolu, ko lieki nav j\u0101paskaidro gandr\u012bz nevienam \u0161aj\u0101 m\u016bzik\u0101 ieinteres\u0113tajam.<\/p>\n<blockquote>\n<p>T\u0101 laik\u0101 tik tie\u0161\u0101m ar\u012b iesp\u0113jams sajusties k\u0101 \u012bst\u0101 B\u0101bel\u0113, kur pasaule k\u013cuvusi par vienotu, rokas stiepiena att\u0101lum\u0101 apg\u016bstamu pils\u0113tu ar visu iesp\u0113jamo kult\u016bru izpausm\u0113m.<\/p>\n<\/blockquote>\n<p>Sava vieta \u0161eit atv\u0113l\u0113ta ar\u012b elektronisk\u0101s deju m\u016bzikas apvienojumam ar folkm\u016bziku, ko \u0161ogad spilgti p\u0101rst\u0101v\u0113ja gan s\u0101mu dzied\u0101t\u0101ja un joikot\u0101ja Hilda Lensmana kop\u0101 ar somu producentu Tuomasu Norvio, gan m\u016bsu zieme\u013ckaimi\u0146u igau\u0146u lielisk\u0101 apvien\u012bba &#8220;Oopus&#8221;, kas ar elektronisku b\u012btu, d\u016bdu, dzied\u0101jumu, k\u0101 ar\u012b ekspres\u012bvas dejas un vizualiz\u0101ciju pal\u012bdz\u012bbu uzb\u016bra karstas saunas atmosf\u0113ru pat sev tik nepateic\u012bg\u0101 uzst\u0101\u0161an\u0101s viet\u0101 k\u0101 Tamperes halles s\u0113\u017eamkoncertu z\u0101le. Vi\u0146u performances jaudu, starp citu, jau 5. novembr\u012b b\u016bs iesp\u0113jams izbaud\u012bt ar\u012b pirmaj\u0101 m\u016bzikas industrijas forum\u0101 &#8220;Riga Music Week&#8221; koncertz\u0101l\u0113 &#8220;Ang\u0101rs&#8221;.<\/p>\n<p>Autentisk\u0101ku tautas m\u016bziku &#8220;WOMEX 2025&#8221; pied\u0101v\u0101ja tarantellas stila p\u0101rst\u0101vji &#8220;<a href=\"https:\/\/www.womex.com\/virtual\/zero_nove_nove\/yaraka\" target=\"_blank\" rel=\"nofollow noopener\">Yarak\u00e4<\/a>&#8221; no It\u0101lijas, kas sp\u0113j klaus\u012bt\u0101ju izvest cauri \u013coti pla\u0161am emociju spektram no izjustas lirikas l\u012bdz pat me\u017eon\u012bgai ball\u012btes atmosf\u0113rai. Vi\u0146i ir gan re\u0123iona, gan gara radinieki Valmiermui\u017eas etnom\u016bzikas festiv\u0101l\u0101 redz\u0113tajai grupai &#8220;Canzoniere Grecanico Salentino&#8221;. Par latviski melanholisk\u0101kai mentalit\u0101tei atbilsto\u0161\u0101ku priek\u0161nesumu savuk\u0101rt par\u016bp\u0113j\u0101s glu\u017ei nesen pasaules m\u016bzikas zvaigzn\u0101j\u0101 uzl\u0113ku\u0161ais ang\u013cu duets &#8220;Spafford Campbell&#8221;, kur\u0101 apvienoju\u0161ies jaunas ang\u013cu folkm\u016bzikas smalk\u0101s kaites mekl\u0113jo\u0161ie eksperiment\u0113t\u0101ji \u2013 vijolnieks Ouens Spafords un \u0123it\u0101rists L\u016biss Kempbels. Tikpat t\u0101lu sap\u0146u zvaigzn\u0101jos klaus\u012bt\u0101jus sp\u0113ja aiznest ar\u012b dienvidkorejie\u0161u meitenes &#8220;Dal:um&#8221;, kuras ar div\u0101m da\u017e\u0101das uzb\u016bves c\u012btar\u0101m mekl\u0113 jaunus izteiksmes veidus sav\u0101 tautas m\u016bzik\u0101.<\/p>\n<p>\u0160ogad itin pla\u0161i un \u017eanriski da\u017e\u0101di bija p\u0101rst\u0101v\u0113ts ar\u012b Braz\u012blijas m\u016bzikas tirgus, \u012bpa\u0161i izce\u013cot \u013coti kr\u0101\u0161\u0146os skatuves t\u0113rpos koncert\u0113ju\u0161\u0101s Amazones d\u017eung\u013cu tautumeitas &#8220;Suraras do Tapaj\u00f3s&#8221;, kuras viegli uztveram\u0101 veid\u0101 reflekt\u0113 tie\u0161i par pirmskoloniz\u0101cijas laiku \u0161ajos platuma gr\u0101dos, k\u0101 ar\u012b liega d\u017eezfanka p\u0101rst\u0101vi Esdrasu Nogueiru, kur\u0161 pat baritonsaksofonu br\u012b\u017eiem paman\u0101s sp\u0113l\u0113t lieg\u0101k par flautu.<\/p>\n<p>&#8220;WOMEX&#8221; netr\u016bkst m\u016bzikas un savstarp\u0113ji ieinteres\u0113tu \u013cau\u017eu, t\u0101d\u0113\u013c ar\u012b Latvijas p\u0101rst\u0101vjiem noteikti ir v\u0113rts turpin\u0101t doties uz \u0161o vispasaules forumu, kas, starp citu,<\/p>\n<blockquote>\n<p>n\u0101kam\u0101 gada oktobr\u012b notiks krietni saulain\u0101k\u0101 viet\u0101 par Tamperi \u2013 Laspalmas\u0101 de Grankan\u0101rij\u0101. \u0160ogad Latvijas deleg\u0101cij\u0101 bija 23 m\u016bsu industrijas p\u0101rst\u0101vji. Varb\u016bt sau\u013coties brauks jau vair\u0101k?<\/p>\n<\/blockquote>\n<p>Tikm\u0113r straum\u0113\u0161anas un ar\u012b kompaktdiska form\u0101t\u0101 ikvienam pieejama speci\u0101li valsts reprezent\u0101cijai &#8220;WOMEX&#8221; veidot\u0101 m\u016bsu aktu\u0101l\u0101k\u0101s tradicion\u0101l\u0101s, tautas un pasaules m\u016bzikas izlase &#8220;Native Music 20&#8221;, kas ir ar\u012b \u0101rpus foruma dz\u012bvotsp\u0113j\u012bgs un stilistiski da\u017e\u0101ds nacion\u0101l\u0101s ierakstu komp\u0101nijas &#8220;Skani&#8221; izdots dziesmu apkopojums. Komplekt\u0101 ar to noteikti v\u0113rts ieklaus\u012bties ar\u012b kult\u016bras mened\u017ementa centra &#8220;Lauska&#8221; nupat izdotaj\u0101 etnom\u016bzikas izlas\u0113 &#8220;Sviests 11&#8221;.<\/p>\n<p>Savuk\u0101rt tiem, kurus aizrauj Tamperes kult\u016bras dz\u012bve, der atg\u0101din\u0101t,\u00a0ka v\u0113l l\u012bdz 2. novembrim tur norisin\u0101s jau 60. Gaismas festiv\u0101ls, kas ir atbilsto\u0161s radinieks m\u016bsu pa\u0161u &#8220;Staro R\u012bga&#8221;. \u00a0<\/p>\n<p>Lai skat\u012btu \u0161o resursu, mums ir nepiecie\u0161ama j\u016bsu piekri\u0161ana s\u012bkdatn\u0113m.<\/p>\n<p>Piekr\u012btu &#8220;Tre\u0161\u0101s puses&#8221; s\u012bkdatn\u0113mP\u0101rvald\u012bt s\u012bkdatnes<\/p>\n<p>Lai skat\u012btu \u0161o resursu, mums ir nepiecie\u0161ama j\u016bsu piekri\u0161ana s\u012bkdatn\u0113m.<\/p>\n<p>Piekr\u012btu &#8220;Tre\u0161\u0101s puses&#8221; s\u012bkdatn\u0113mP\u0101rvald\u012bt s\u012bkdatnes<\/p>\n<p>\u00a0<\/p>\n","protected":false},"excerpt":{"rendered":"No 22. l\u012bdz 26. oktobrim otraj\u0101 liel\u0101kaj\u0101 Somijas pils\u0113t\u0101 Tamper\u0113 jau atk\u0101rtoti norisin\u0101j\u0101s liel\u0101kais t\u0101 d\u0113v\u0113tajai world music&hellip;\n","protected":false},"author":2,"featured_media":33215,"comment_status":"","ping_status":"","sticky":false,"template":"","format":"standard","meta":{"footnotes":""},"categories":[5],"tags":[23,28,29,32,33,22,30,31,35,39,38,36,37,34,40,20,26,27,24,25,21],"class_list":{"0":"post-33214","1":"post","2":"type-post","3":"status-publish","4":"format-standard","5":"has-post-thumbnail","7":"category-aktualitates","8":"tag-aktualitates","9":"tag-breaking-news","10":"tag-breakingnews","11":"tag-featured-news","12":"tag-featurednews","13":"tag-headlines","14":"tag-latest-news","15":"tag-latestnews","16":"tag-latvia","17":"tag-latvian","18":"tag-latviesu","19":"tag-latviesu-valoda","20":"tag-latviesuvaloda","21":"tag-latvija","22":"tag-lv","23":"tag-news","24":"tag-popularakas-zinas","25":"tag-popularakaszinas","26":"tag-top-stories","27":"tag-topstories","28":"tag-zinas"},"share_on_mastodon":{"url":"https:\/\/pubeurope.com\/@lv\/115450828823079757","error":""},"_links":{"self":[{"href":"https:\/\/www.europesays.com\/lv\/wp-json\/wp\/v2\/posts\/33214","targetHints":{"allow":["GET"]}}],"collection":[{"href":"https:\/\/www.europesays.com\/lv\/wp-json\/wp\/v2\/posts"}],"about":[{"href":"https:\/\/www.europesays.com\/lv\/wp-json\/wp\/v2\/types\/post"}],"author":[{"embeddable":true,"href":"https:\/\/www.europesays.com\/lv\/wp-json\/wp\/v2\/users\/2"}],"replies":[{"embeddable":true,"href":"https:\/\/www.europesays.com\/lv\/wp-json\/wp\/v2\/comments?post=33214"}],"version-history":[{"count":0,"href":"https:\/\/www.europesays.com\/lv\/wp-json\/wp\/v2\/posts\/33214\/revisions"}],"wp:featuredmedia":[{"embeddable":true,"href":"https:\/\/www.europesays.com\/lv\/wp-json\/wp\/v2\/media\/33215"}],"wp:attachment":[{"href":"https:\/\/www.europesays.com\/lv\/wp-json\/wp\/v2\/media?parent=33214"}],"wp:term":[{"taxonomy":"category","embeddable":true,"href":"https:\/\/www.europesays.com\/lv\/wp-json\/wp\/v2\/categories?post=33214"},{"taxonomy":"post_tag","embeddable":true,"href":"https:\/\/www.europesays.com\/lv\/wp-json\/wp\/v2\/tags?post=33214"}],"curies":[{"name":"wp","href":"https:\/\/api.w.org\/{rel}","templated":true}]}}