{"id":33234,"date":"2025-10-28T08:44:08","date_gmt":"2025-10-28T08:44:08","guid":{"rendered":"https:\/\/www.europesays.com\/lv\/33234\/"},"modified":"2025-10-28T08:44:08","modified_gmt":"2025-10-28T08:44:08","slug":"jamaikai-tuvojas-viesulvetra-melisa-tvnet","status":"publish","type":"post","link":"https:\/\/www.europesays.com\/lv\/33234\/","title":{"rendered":"Jamaikai tuvojas viesu\u013cv\u0113tra &quot;Melisa&quot; &#8211; TVNET"},"content":{"rendered":"<ol>\n<li><a href=\"https:\/\/news.google.com\/rss\/articles\/CBMickFVX3lxTE5rd1lEQzNXcXdzNW5VTFNxd3o1aWJJSmUyVy1hMDh2cXJMV3hxZnhybnY4WlI2RDRHYVhmZVB3Y3czdUJsYjhQdnpKTDU2eHU2eXFydDk2SjYzYVpSbjZXekJrcHlhLTBJQ1ZvVDlEMGQxdw?oc=5\" target=\"_blank\" rel=\"nofollow noopener\">Jamaikai tuvojas viesu\u013cv\u0113tra &#8220;Melisa&#8221;<\/a>&nbsp;&nbsp;TVNET<\/li>\n<li><a href=\"https:\/\/news.google.com\/rss\/articles\/CBMi8gFBVV95cUxQaEY3MDVoOFdfU3llWXdXUnFRUTM3cWtRYXdFcU5VeVVhNHFxMW5wMkNqMG1sZVdnODdxc2tReFRldUNTUWZQUjJKVHlVR1FSdkV1WEVuYzZoTG5kSUFUM0RGZFdRUTU3djEwSDNYZzBqQUJMYmU4SmQ3OWJBSmhMVjRPU2tXRV9Wekhpb21NaDFlcVBTVk9Ya2ZxemNIc1VnTWJHcUIxVmpNR2ZRMEUyMlUteTFuQW8wVV9sc3hseVpJS2RVSDJfSXg3Ri1PYUtNTFZpcEJleXc0T25rTDYta0Z5eUlBS0IzWjR4V1lPUzBSZw?oc=5\" target=\"_blank\" rel=\"nofollow noopener\">Jamaikai pietuvojusies \u0161\u0101 gada pasaules sp\u0113c\u012bg\u0101k\u0101 v\u0113tra \/ 28.10.2025 \/ Ieraksts<\/a>&nbsp;&nbsp;REplay.lv<\/li>\n<li><a href=\"https:\/\/news.google.com\/rss\/articles\/CBMihgFBVV95cUxPZVBUd2ZnMHo4UV9nbTJyLWZHSDlVYlByOGpIdDUxZmhvS195RE55QVZQMVp2NUh6OFVNcmN6UWI5OV81NlhMNlZpdGx1T0l2TnFiYjg4Mm1UT01rWmV5Ym96QUJjOXRXRzVUY2cwaFdiNkhsM3gyU3lSblJOUlJibmNMdWlYZw?oc=5\" target=\"_blank\" rel=\"nofollow noopener\">Jamaikas piekrastei tuvojas potenci\u0101la katastrofa; tik stipra v\u0113tra \u0161eit v\u0113l nav redz\u0113ta<\/a>&nbsp;&nbsp;NRA<\/li>\n<li><a href=\"https:\/\/news.google.com\/rss\/articles\/CBMiywFBVV95cUxPVVJpak5kcWg2U2xNRlZYSTJCOHdrdWkxNXEwV1g3MDhNT1dTM1hEQ0ZKMERXa3AzNVFHcHBmNW1IYTNvLVpjbm1EQmNjVFJsbUdIWUZ3TmphenFJYndwRkxuNXhwTVVWRW1MLWlYREktTWlrbWUyWkN3bnZ0VkhXaW1WZmc2cDUtSGN3U05Xc3plUWFNQTFIZm5sb0NXRmkyUGhRUHBNbTg1dVVwMEZuUVpSRlJqRm1jMWhmQTlqNjd4Tm85a2lhR2JJdw?oc=5\" target=\"_blank\" rel=\"nofollow noopener\">Jamaiku un Haiti apdraud &#8220;M\u0113lija&#8221;: prognoz\u0113 katastrof\u0101lus pl\u016bdus un rekordaugstu viesu\u013cv\u0113tru<\/a>&nbsp;&nbsp;Lente.lv<\/li>\n<li><a href=\"https:\/\/news.google.com\/rss\/articles\/CBMipgFBVV95cUxPODE2d09uWk9HdUFta3d3UDdCUHl6ZjhUbEx0ems1dUtmaXVZQlh0MlA1S3BZNS1XNDRkd25WbW94OElscXk3ZnREaTkzc1NLeWppbGRQd05iNUZ6MVZlXzdsaG9sSnZPYWtRSVZCNldydHFweGN5S1loZzFJT1ZOZzQybmFLOU1Sc1Fac05ZOG1xc0UzRHptUFFodmRoTFVyZ05faHdB?oc=5\" target=\"_blank\" rel=\"nofollow noopener\">Nepieredz\u0113ti sp\u0113c\u012bga viesu\u013cv\u0113tra tuvojas Jamaikai, prognoz\u0113 nogruvumus<\/a>&nbsp;&nbsp;tv3.lv<\/li>\n<\/ol>\n","protected":false},"excerpt":{"rendered":"Jamaikai tuvojas viesu\u013cv\u0113tra &#8220;Melisa&#8221;&nbsp;&nbsp;TVNET Jamaikai pietuvojusies \u0161\u0101 gada pasaules sp\u0113c\u012bg\u0101k\u0101 v\u0113tra \/ 28.10.2025 \/ Ieraksts&nbsp;&nbsp;REplay.lv Jamaikas piekrastei tuvojas&hellip;\n","protected":false},"author":2,"featured_media":33235,"comment_status":"","ping_status":"","sticky":false,"template":"","format":"standard","meta":{"footnotes":""},"categories":[14],"tags":[23,57,28,29,32,33,22,9954,9955,30,31,35,39,38,36,37,34,40,20,26,27,24,25,9956,54,55,56,21,58],"class_list":{"0":"post-33234","1":"post","2":"type-post","3":"status-publish","4":"format-standard","5":"has-post-thumbnail","7":"category-zinas-no-arvalstim","8":"tag-aktualitates","9":"tag-arvalstim","10":"tag-breaking-news","11":"tag-breakingnews","12":"tag-featured-news","13":"tag-featurednews","14":"tag-headlines","15":"tag-jamaika","16":"tag-karibu-regiona-valstis","17":"tag-latest-news","18":"tag-latestnews","19":"tag-latvia","20":"tag-latvian","21":"tag-latviesu","22":"tag-latviesu-valoda","23":"tag-latviesuvaloda","24":"tag-latvija","25":"tag-lv","26":"tag-news","27":"tag-popularakas-zinas","28":"tag-popularakaszinas","29":"tag-top-stories","30":"tag-topstories","31":"tag-viesulvetras","32":"tag-world","33":"tag-world-news","34":"tag-worldnews","35":"tag-zinas","36":"tag-zinas-no-arvalstim"},"share_on_mastodon":{"url":"https:\/\/pubeurope.com\/@lv\/115450915343485996","error":""},"_links":{"self":[{"href":"https:\/\/www.europesays.com\/lv\/wp-json\/wp\/v2\/posts\/33234","targetHints":{"allow":["GET"]}}],"collection":[{"href":"https:\/\/www.europesays.com\/lv\/wp-json\/wp\/v2\/posts"}],"about":[{"href":"https:\/\/www.europesays.com\/lv\/wp-json\/wp\/v2\/types\/post"}],"author":[{"embeddable":true,"href":"https:\/\/www.europesays.com\/lv\/wp-json\/wp\/v2\/users\/2"}],"replies":[{"embeddable":true,"href":"https:\/\/www.europesays.com\/lv\/wp-json\/wp\/v2\/comments?post=33234"}],"version-history":[{"count":0,"href":"https:\/\/www.europesays.com\/lv\/wp-json\/wp\/v2\/posts\/33234\/revisions"}],"wp:featuredmedia":[{"embeddable":true,"href":"https:\/\/www.europesays.com\/lv\/wp-json\/wp\/v2\/media\/33235"}],"wp:attachment":[{"href":"https:\/\/www.europesays.com\/lv\/wp-json\/wp\/v2\/media?parent=33234"}],"wp:term":[{"taxonomy":"category","embeddable":true,"href":"https:\/\/www.europesays.com\/lv\/wp-json\/wp\/v2\/categories?post=33234"},{"taxonomy":"post_tag","embeddable":true,"href":"https:\/\/www.europesays.com\/lv\/wp-json\/wp\/v2\/tags?post=33234"}],"curies":[{"name":"wp","href":"https:\/\/api.w.org\/{rel}","templated":true}]}}