{"id":33246,"date":"2025-10-28T08:50:07","date_gmt":"2025-10-28T08:50:07","guid":{"rendered":"https:\/\/www.europesays.com\/lv\/33246\/"},"modified":"2025-10-28T08:50:07","modified_gmt":"2025-10-28T08:50:07","slug":"jamaikai-tuvojas-viesulvetra-melisa-diena","status":"publish","type":"post","link":"https:\/\/www.europesays.com\/lv\/33246\/","title":{"rendered":"Jamaikai tuvojas viesu\u013cv\u0113tra Melisa \/ Diena"},"content":{"rendered":"<p>Piekt\u0101s kategorijas v\u0113tra, kas var\u0113tu b\u016bt sp\u0113c\u012bg\u0101k\u0101 l\u012bdz \u0161im Jamaik\u0101 pieredz\u0113t\u0101 v\u0113tra, l\u0113ni p\u0101rvietojas Kar\u012bbu re\u0123ion\u0101. T\u0101 l\u012bdz \u0161im jau pras\u012bjusi tr\u012bs cilv\u0113ku dz\u012bv\u012bbas Jamaik\u0101, tr\u012bs Haiti un vienu Dominik\u0101nas republik\u0101.<\/p>\n<p>&#13;<br \/>\n&#13;<\/p>\n<p>ASV Nacion\u0101lais viesu\u013cv\u0113tru centrs (NHC) zi\u0146oja, ka v\u0113tra &#8220;Melisa&#8221; v\u0113l aizvien atrodas 240 kilometru att\u0101lum\u0101 no Kingstonas, un t\u0101s maksim\u0101lais v\u0113ja \u0101trums sasniedz 280 kilometrus stund\u0101 (78 metrus sekund\u0113).<\/p>\n<p>&#13;<br \/>\n&#13;<\/p>\n<blockquote><p>&#13;<\/p>\n<p>V\u0113tras sp\u0113c\u012bg\u0101s lietusg\u0101zes l\u012bdz ar stipriem v\u0113jiem var\u0113tu nodar\u012bt pla\u0161us post\u012bjumus &#8211; l\u012bdz\u012bgus tiem, kas pieredz\u0113ti 2017. gada viesu\u013cv\u0113tr\u0101 &#8220;Marija&#8221; vai 2005. gada viesu\u013cv\u0113tr\u0101 &#8220;Katr\u012bna&#8221; Puertoriko un \u0145\u016borle\u0101n\u0101, ASV.<\/p>\n<p>&#13;\n<\/p><\/blockquote>\n<p>&#13;<br \/>\n&#13;<\/p>\n<p>Jamaikas premjerministrs Endr\u016b Holnesss br\u012bdin\u0101ja, ka visliel\u0101kie post\u012bjumi draud salas rietumu da\u013cai.<\/p>\n<p>&#13;<\/p>\n","protected":false},"excerpt":{"rendered":"Piekt\u0101s kategorijas v\u0113tra, kas var\u0113tu b\u016bt sp\u0113c\u012bg\u0101k\u0101 l\u012bdz \u0161im Jamaik\u0101 pieredz\u0113t\u0101 v\u0113tra, l\u0113ni p\u0101rvietojas Kar\u012bbu re\u0123ion\u0101. T\u0101 l\u012bdz&hellip;\n","protected":false},"author":2,"featured_media":33247,"comment_status":"","ping_status":"","sticky":false,"template":"","format":"standard","meta":{"footnotes":""},"categories":[14],"tags":[23,57,28,29,32,33,22,30,31,35,39,38,36,37,34,40,20,26,27,24,25,54,55,56,21,58],"class_list":{"0":"post-33246","1":"post","2":"type-post","3":"status-publish","4":"format-standard","5":"has-post-thumbnail","7":"category-zinas-no-arvalstim","8":"tag-aktualitates","9":"tag-arvalstim","10":"tag-breaking-news","11":"tag-breakingnews","12":"tag-featured-news","13":"tag-featurednews","14":"tag-headlines","15":"tag-latest-news","16":"tag-latestnews","17":"tag-latvia","18":"tag-latvian","19":"tag-latviesu","20":"tag-latviesu-valoda","21":"tag-latviesuvaloda","22":"tag-latvija","23":"tag-lv","24":"tag-news","25":"tag-popularakas-zinas","26":"tag-popularakaszinas","27":"tag-top-stories","28":"tag-topstories","29":"tag-world","30":"tag-world-news","31":"tag-worldnews","32":"tag-zinas","33":"tag-zinas-no-arvalstim"},"share_on_mastodon":{"url":"https:\/\/pubeurope.com\/@lv\/115450938809719223","error":""},"_links":{"self":[{"href":"https:\/\/www.europesays.com\/lv\/wp-json\/wp\/v2\/posts\/33246","targetHints":{"allow":["GET"]}}],"collection":[{"href":"https:\/\/www.europesays.com\/lv\/wp-json\/wp\/v2\/posts"}],"about":[{"href":"https:\/\/www.europesays.com\/lv\/wp-json\/wp\/v2\/types\/post"}],"author":[{"embeddable":true,"href":"https:\/\/www.europesays.com\/lv\/wp-json\/wp\/v2\/users\/2"}],"replies":[{"embeddable":true,"href":"https:\/\/www.europesays.com\/lv\/wp-json\/wp\/v2\/comments?post=33246"}],"version-history":[{"count":0,"href":"https:\/\/www.europesays.com\/lv\/wp-json\/wp\/v2\/posts\/33246\/revisions"}],"wp:featuredmedia":[{"embeddable":true,"href":"https:\/\/www.europesays.com\/lv\/wp-json\/wp\/v2\/media\/33247"}],"wp:attachment":[{"href":"https:\/\/www.europesays.com\/lv\/wp-json\/wp\/v2\/media?parent=33246"}],"wp:term":[{"taxonomy":"category","embeddable":true,"href":"https:\/\/www.europesays.com\/lv\/wp-json\/wp\/v2\/categories?post=33246"},{"taxonomy":"post_tag","embeddable":true,"href":"https:\/\/www.europesays.com\/lv\/wp-json\/wp\/v2\/tags?post=33246"}],"curies":[{"name":"wp","href":"https:\/\/api.w.org\/{rel}","templated":true}]}}