{"id":33279,"date":"2025-10-28T09:21:08","date_gmt":"2025-10-28T09:21:08","guid":{"rendered":"https:\/\/www.europesays.com\/lv\/33279\/"},"modified":"2025-10-28T09:21:08","modified_gmt":"2025-10-28T09:21:08","slug":"rezija-kalnina-pec-skandaliem-vienojusies-ar-viru-aktrise-piedzivojusi-lielas-vizualas-izmainas-santa","status":"publish","type":"post","link":"https:\/\/www.europesays.com\/lv\/33279\/","title":{"rendered":"R\u0113zija Kalni\u0146a p\u0113c skand\u0101liem vienojusies ar v\u012bru. Aktrise piedz\u012bvojusi lielas vizu\u0101las izmai\u0146as \u2014 Santa"},"content":{"rendered":"<p>\t\t\t\tPaliku\u0161i tikai sav\u0113jie cilv\u0113ki<\/p>\n<p>Nevar nepaman\u012bt, ka R\u0113zija, kura p\u0113c p\u0101ris m\u0113ne\u0161iem svin\u0113s 55. jubileju, nokritusies svar\u0101. \u00abEsmu tik mazi\u0146a un smalci\u0146a, jo \u0161obr\u012bd iev\u0113roju di\u0113tu,\u00bb \u017eurn\u0101lam Priv\u0101t\u0101 Dz\u012bve\u00a0st\u0101sta aktrise. Vi\u0146a piln\u012bb\u0101 atteikusies no cukura, miltiem un \u0101traj\u0101m uzkod\u0101m, t\u0101 viet\u0101 izv\u0113loties tikai Latvijas lauku produkciju. \u00abKomunic\u0113ju ar savu \u0137ermeni un dodu vi\u0146am lab\u0101ko vai nedodu neko. J\u0101, ik pa br\u012bdim iev\u0113roju gav\u0113ni,\u00bb vi\u0146a teic un t\u016bda\u013c atz\u012bstas \u2013 daudz neko nemaz nevarot ie\u0113st, jo nesp\u0113j. \u00abIr cilv\u0113ki, kas uz kre\u0146\u0137iem daudz \u0113d, un ir t\u0101di, kuri nevar ie\u0113st. Esmu no otrajiem.\u00bb<\/p>\n<blockquote><p>&#13;<\/p>\n<p>Tauj\u0101ta, k\u0101di ir aktrises kre\u0146\u0137i, vi\u0146a atbild: \u00abVisa Latvija jau zina. Ko tad es tur v\u0113l atk\u0101rto\u0161os\u2026\u00bb<\/p>\n<p>&#13;\n<\/p><\/blockquote>\n<p>Pag\u0101ju\u0161\u0101 gada nogal\u0113 uzvirmoja runas, ka R\u0113zijas un vi\u0146as v\u012bra diri\u0123enta Ain\u0101ra Rubi\u0137a <a data-id=\"123489\" href=\"https:\/\/www.santa.lv\/tema\/123489\/lauliba?utm_source=internal&amp;utm_medium=article&amp;utm_campaign=theme_link\" target=\"_blank\" rel=\"nofollow noopener\">laul\u012bba<\/a> p\u0113c vair\u0101k nek\u0101 11 gadiem piedz\u012bvo kr\u012bzi. Rubi\u0137is no zeltne\u0161a no\u0146\u0113ma laul\u012bbas gredzenu. Toreiz <a data-id=\"125146\" href=\"https:\/\/www.santa.lv\/tema\/125146\/dirigents?utm_source=internal&amp;utm_medium=article&amp;utm_campaign=theme_link\" target=\"_blank\" rel=\"nofollow noopener\">diri\u0123ents<\/a> \u017eurn\u0101lam Priv\u0101t\u0101 Dz\u012bve\u00a0nor\u0101d\u012bja, ka probl\u0113mas radot sievas atkar\u012bba no alkohola, ar ko vi\u0146a sirgstot jau ilgu laiku. Vi\u0146\u0161 centies pal\u012bdz\u0113t, tom\u0113r bez rezult\u0101tiem. R\u0113zija v\u012bra runas nekoment\u0113ja, vien pauda izbr\u012bnu, jo no Ain\u0101ra \u0161\u0101das publiskas atkl\u0101smes nebija gaid\u012bjusi.<\/p>\n<p>Tagad <a data-id=\"128364\" href=\"https:\/\/www.santa.lv\/tema\/128364\/aktrise?utm_source=internal&amp;utm_medium=article&amp;utm_campaign=theme_link\" target=\"_blank\" rel=\"nofollow noopener\">aktrise<\/a> teic, ka piedz\u012bvot\u0101 neg\u0101ciju g\u016bzma nesusi interesantas izj\u016btas. \u00abCilv\u0113kam, kur\u0161 kaut ko t\u0101du izdara, pa\u0161am \u013coti s\u0101p. T\u0101 ir nep\u0101rliecin\u0101t\u012bba par sevi un liels konflikts. Aprun\u0101jot citu, cilv\u0113ks paties\u012bb\u0101 st\u0101sta par sevi.\u00bb<\/p>\n","protected":false},"excerpt":{"rendered":"Paliku\u0161i tikai sav\u0113jie cilv\u0113ki Nevar nepaman\u012bt, ka R\u0113zija, kura p\u0113c p\u0101ris m\u0113ne\u0161iem svin\u0113s 55. jubileju, nokritusies svar\u0101. \u00abEsmu&hellip;\n","protected":false},"author":2,"featured_media":33280,"comment_status":"","ping_status":"","sticky":false,"template":"","format":"standard","meta":{"footnotes":""},"categories":[12],"tags":[23,28,29,32,33,22,30,31,35,39,38,36,37,34,40,20,26,27,24,25,21],"class_list":{"0":"post-33279","1":"post","2":"type-post","3":"status-publish","4":"format-standard","5":"has-post-thumbnail","7":"category-latvija","8":"tag-aktualitates","9":"tag-breaking-news","10":"tag-breakingnews","11":"tag-featured-news","12":"tag-featurednews","13":"tag-headlines","14":"tag-latest-news","15":"tag-latestnews","16":"tag-latvia","17":"tag-latvian","18":"tag-latviesu","19":"tag-latviesu-valoda","20":"tag-latviesuvaloda","21":"tag-latvija","22":"tag-lv","23":"tag-news","24":"tag-popularakas-zinas","25":"tag-popularakaszinas","26":"tag-top-stories","27":"tag-topstories","28":"tag-zinas"},"share_on_mastodon":{"url":"https:\/\/pubeurope.com\/@lv\/115451060873878486","error":""},"_links":{"self":[{"href":"https:\/\/www.europesays.com\/lv\/wp-json\/wp\/v2\/posts\/33279","targetHints":{"allow":["GET"]}}],"collection":[{"href":"https:\/\/www.europesays.com\/lv\/wp-json\/wp\/v2\/posts"}],"about":[{"href":"https:\/\/www.europesays.com\/lv\/wp-json\/wp\/v2\/types\/post"}],"author":[{"embeddable":true,"href":"https:\/\/www.europesays.com\/lv\/wp-json\/wp\/v2\/users\/2"}],"replies":[{"embeddable":true,"href":"https:\/\/www.europesays.com\/lv\/wp-json\/wp\/v2\/comments?post=33279"}],"version-history":[{"count":0,"href":"https:\/\/www.europesays.com\/lv\/wp-json\/wp\/v2\/posts\/33279\/revisions"}],"wp:featuredmedia":[{"embeddable":true,"href":"https:\/\/www.europesays.com\/lv\/wp-json\/wp\/v2\/media\/33280"}],"wp:attachment":[{"href":"https:\/\/www.europesays.com\/lv\/wp-json\/wp\/v2\/media?parent=33279"}],"wp:term":[{"taxonomy":"category","embeddable":true,"href":"https:\/\/www.europesays.com\/lv\/wp-json\/wp\/v2\/categories?post=33279"},{"taxonomy":"post_tag","embeddable":true,"href":"https:\/\/www.europesays.com\/lv\/wp-json\/wp\/v2\/tags?post=33279"}],"curies":[{"name":"wp","href":"https:\/\/api.w.org\/{rel}","templated":true}]}}